{"id":406082,"date":"2026-05-03T17:50:20","date_gmt":"2026-05-03T17:50:20","guid":{"rendered":"https:\/\/www.europesays.com\/pl\/406082\/"},"modified":"2026-05-03T17:50:20","modified_gmt":"2026-05-03T17:50:20","slug":"maria-prazuch-prokop-ma-mieszkanie-poza-polska-teraz-przyznaje-cos-trudnego-do-opisania","status":"publish","type":"post","link":"https:\/\/www.europesays.com\/pl\/406082\/","title":{"rendered":"Maria Pra\u017cuch-Prokop ma mieszkanie poza Polsk\u0105. Teraz przyznaje: co\u015b trudnego do opisania"},"content":{"rendered":"<p>Maria Pra\u017cuch i <a href=\"https:\/\/plejada.pl\/temat\/marcin-prokop-dziennikarz\/j1ykrc4\" id=\"183c8447-a830-454a-8387-db37fb7e6250\" rel=\"nofollow noopener\" target=\"_blank\">Marcin Prokop<\/a> tworzyli zwi\u0105zek przez ponad 20 lat, doczekuj\u0105c si\u0119 c\u00f3rki Zofii. Kilka tygodni temu jednak <a href=\"https:\/\/plejada.pl\/newsy\/marcin-prokop-rozstal-sie-zona-jest-oswiadczenie\/mc5t7z7\" id=\"b48ef3c8-8e48-4708-bc4b-e2b89c433216\" rel=\"nofollow noopener\" target=\"_blank\">wydali wsp\u00f3lne o\u015bwiadczenie<\/a>, informuj\u0105c o rozstaniu. &#8222;Dla niekt\u00f3rych rozw\u00f3d to koniec wsp\u00f3lnego \u015bwiata. Dla nas \u2014 by\u0142 pocz\u0105tkiem nowego, innego, ale bardziej dopasowanego do tego, kim dzisiaj jeste\u015bmy i dok\u0105d osobno szcz\u0119\u015bliwie zmierzamy&#8221; \u2014 przekazali.<\/p>\n<p>Co ciekawe, by\u0142a partnerka dziennikarza na co dzie\u0144 jest instruktork\u0105 jogi, a kulisami swojej pracy ch\u0119tnie dzieli si\u0119 w mediach spo\u0142eczno\u015bciowych. Z jej wpis\u00f3w wynika, \u017ce zdecydowanie cz\u0119\u015bciej mo\u017cna j\u0105 spotka\u0107 nie w Polsce, a na Teneryfie.<\/p>\n<p>      Dalszy ci\u0105g artyku\u0142u pod materia\u0142em wideo Maria Pra\u017cuch-Prokop ma mieszkanie poza Polsk\u0105: co\u015b trudnego do opisaniaMaria Pra\u017cuch udzieli\u0142a wywiadu dla WP Kobieta, ujawniaj\u0105c, <a href=\"https:\/\/plejada.pl\/newsy\/byla-zona-marcina-prokopa-w-pierwszym-wywiadzie-po-rozstaniu-mowi-wprost\/0pv0ljf\" id=\"a9daac33-8bc1-4ad6-b42c-3c40619a0455\" rel=\"nofollow noopener\" target=\"_blank\">dlaczego nigdy nie odczuwa\u0142a potrzeby pojawiania si\u0119 na czerwonych dywanach<\/a>. Opowiedzia\u0142a r\u00f3wnie\u017c o <a href=\"https:\/\/plejada.pl\/newsy\/byla-zona-marcina-prokopa-kupila-mieszkanie-poza-polska-wszystko-sie-zgadza\/xn36xtn\" id=\"359064a1-19da-4ae8-8864-fe5139fb547d\" rel=\"nofollow noopener\" target=\"_blank\">mieszkaniu na Teneryfie<\/a>, kt\u00f3ra sta\u0142a si\u0119 jej codzienno\u015bci\u0105. Przyzna\u0142a, \u017ce jest to zdecydowanie spe\u0142nienie jej marze\u0144.     <\/p>\n<p class=\"ods-o-quote__paragraph\">Nasz dom to stary, 200-letni budynek, kt\u00f3ry powoli, krok po kroku, odrestaurowujemy. To proces, kt\u00f3ry te\u017c bardzo dobrze oddaje to, co tam si\u0119 dzieje z lud\u017ami. Na wyspach wulkanicznych joga rzeczywi\u015bcie ma inn\u0105 jako\u015b\u0107. Jest tam co\u015b trudnego do opisania \u2014 energia wiatru, s\u0142o\u0144ca, przestrzeni<\/p>\n<p>&#8222;Kiedy siadasz na tej ziemi i zaczynasz oddycha\u0107, to czujesz to ca\u0142ym cia\u0142em, nie tylko g\u0142ow\u0105&#8221; \u2014 m\u00f3wi\u0142a.<\/p>\n<p>Podkre\u015bla, \u017ce organizowane przez ni\u0105 warsztaty nie s\u0105 &#8222;klasycznym pobytem w hotelowym stylu&#8221;, w kt\u00f3rym harmonogram i zasady odpowiedniego zachowania s\u0105 z g\u00f3ry narzucone.<\/p>\n<p class=\"ods-o-quote__paragraph\">U mnie jest bardziej jak u przyjaci\u00f3\u0142ki, w domu, w kt\u00f3rym mo\u017cna po prostu by\u0107. Chc\u0119, \u017ceby ka\u017cda kobieta czu\u0142a si\u0119 zaopiekowana, ale te\u017c swobodna. (&#8230;) To nie jest wyjazd &#8222;na pokaz&#8221; ani perfekcyjnie zorganizowany program od A do Z<\/p>\n<p>&#8222;Bardziej przestrze\u0144, w kt\u00f3rej mo\u017cna odpu\u015bci\u0107 kontrol\u0119. (&#8230;) Niewa\u017cne, czy akurat \u015bwieci s\u0142o\u0144ce, czy pogoda nas nie rozpieszcza \u2014 ta wsp\u00f3lna energia zawsze wygrywa&#8221; \u2014 opowiada\u0142a.<\/p>\n<p> <img decoding=\"async\" src=\"https:\/\/www.europesays.com\/pl\/wp-content\/uploads\/2026\/05\/0RHk9lBaHR0cHM6Ly9vY2RuLmV1L3B1bHNjbXMvTURBXy9lZDRkNmNiMDUzNjU0NzZjZGY5NTNiZGIwZjcwOTBhYS5qcGeRlQLNB.jpeg\" height=\"406\" width=\"360\" alt=\"Maria Pra\u017cuch-Prokop\" loading=\"lazy\" class=\"ods-c-image__img ods-c-image__img--vertical\"\/> <\/p>\n<p>Maria Pra\u017cuch-Prokopinstagram\/mariaprokop_yoga<\/p>\n<p> Dzi\u0119kujemy, \u017ce przeczyta\u0142a\u015b\/e\u015b nasz artyku\u0142 do ko\u0144ca. W serwisie Plejada.pl ka\u017cdego dnia piszemy o najwa\u017cniejszych wydarzeniach show-biznesowych. B\u0105d\u017a na bie\u017c\u0105co! <a rel=\"nofollow noopener\" href=\"https:\/\/news.google.com\/publications\/CAAiEF0PeAlb7W1llpV_mwV2rL4qFAgKIhBdD3gJW-1tZZaVf5sFdqy-?hl=pl&amp;gl=PL&amp;ceid=PL%3Apl\" id=\"130623fb-ce53-462d-b7a2-98d0e3784f03\" target=\"_blank\">Obserwuj<\/a> Plejad\u0119 w Google. Odwied\u017a nas tak\u017ce na <a rel=\"nofollow noopener\" href=\"https:\/\/www.facebook.com\/plejadapl\" id=\"94ef8cb5-5ce3-4f55-bed4-7bfdf6ec835d\" target=\"_blank\">Facebooku<\/a>, <a rel=\"nofollow noopener\" href=\"https:\/\/www.instagram.com\/plejadapl\/\" id=\"ca9cd29d-5003-4c3b-9759-514055227791\" target=\"_blank\">Instagramie<\/a>, <a rel=\"nofollow noopener\" href=\"https:\/\/www.youtube.com\/c\/plejada\" id=\"0b98a45d-82f5-4f4c-a6aa-4aa3f164d199\" target=\"_blank\">YouTubie<\/a> oraz <a rel=\"nofollow noopener\" href=\"https:\/\/www.tiktok.com\/@plejada_pl\" id=\"e94aa031-8b7b-4a92-9106-8854d5108935\" target=\"_blank\">TikToku<\/a>.Chcesz podzieli\u0107 si\u0119 ciekawym newsem lub zaproponowa\u0107 temat? Skontaktuj si\u0119 z nami, pisz\u0105c e-maila na adres: <a rel=\"nofollow noopener\" href=\"https:\/\/plejada.pl\/newsy\/maria-prazuch-prokop-ma-mieszkanie-poza-polska-teraz-przyznaje-cos-trudnego-do\/mailto:plejada@redakcjaonet.pl\" id=\"fb7b7869-8766-4144-aeaf-29e1e7bb09b7\" target=\"_blank\">plejada@redakcjaonet.pl<\/a>.     <script async src=\"\/\/www.instagram.com\/embed.js\"><\/script><script async src=\"\/\/www.tiktok.com\/embed.js\"><\/script><\/p>\n","protected":false},"excerpt":{"rendered":"Maria Pra\u017cuch i Marcin Prokop tworzyli zwi\u0105zek przez ponad 20 lat, doczekuj\u0105c si\u0119 c\u00f3rki Zofii. Kilka tygodni temu&hellip;\n","protected":false},"author":2,"featured_media":406083,"comment_status":"","ping_status":"","sticky":false,"template":"","format":"standard","meta":{"footnotes":"","_share_on_mastodon":"0"},"categories":[12],"tags":[61195,64484,48,125,1138,46,42,38,40,39,41,47,10797],"class_list":["post-406082","post","type-post","status-publish","format-standard","has-post-thumbnail","category-polska","tag-bottomfeed_styl","tag-maria_prazuch_prokop","tag-nat_styl","tag-newsy","tag-nieruchomosci","tag-omp","tag-pl","tag-poland","tag-polish","tag-polska","tag-polski","tag-screening_general","tag-teneryfa"],"share_on_mastodon":{"url":"https:\/\/pubeurope.com\/@pl\/116511914730789318","error":""},"_links":{"self":[{"href":"https:\/\/www.europesays.com\/pl\/wp-json\/wp\/v2\/posts\/406082","targetHints":{"allow":["GET"]}}],"collection":[{"href":"https:\/\/www.europesays.com\/pl\/wp-json\/wp\/v2\/posts"}],"about":[{"href":"https:\/\/www.europesays.com\/pl\/wp-json\/wp\/v2\/types\/post"}],"author":[{"embeddable":true,"href":"https:\/\/www.europesays.com\/pl\/wp-json\/wp\/v2\/users\/2"}],"replies":[{"embeddable":true,"href":"https:\/\/www.europesays.com\/pl\/wp-json\/wp\/v2\/comments?post=406082"}],"version-history":[{"count":0,"href":"https:\/\/www.europesays.com\/pl\/wp-json\/wp\/v2\/posts\/406082\/revisions"}],"wp:featuredmedia":[{"embeddable":true,"href":"https:\/\/www.europesays.com\/pl\/wp-json\/wp\/v2\/media\/406083"}],"wp:attachment":[{"href":"https:\/\/www.europesays.com\/pl\/wp-json\/wp\/v2\/media?parent=406082"}],"wp:term":[{"taxonomy":"category","embeddable":true,"href":"https:\/\/www.europesays.com\/pl\/wp-json\/wp\/v2\/categories?post=406082"},{"taxonomy":"post_tag","embeddable":true,"href":"https:\/\/www.europesays.com\/pl\/wp-json\/wp\/v2\/tags?post=406082"}],"curies":[{"name":"wp","href":"https:\/\/api.w.org\/{rel}","templated":true}]}}