{"id":406484,"date":"2026-05-03T23:23:10","date_gmt":"2026-05-03T23:23:10","guid":{"rendered":"https:\/\/www.europesays.com\/pl\/406484\/"},"modified":"2026-05-03T23:23:10","modified_gmt":"2026-05-03T23:23:10","slug":"inter-mediolan-mistrzem-wloch-piotr-zielinski-stawia-pieczatke","status":"publish","type":"post","link":"https:\/\/www.europesays.com\/pl\/406484\/","title":{"rendered":"Inter Mediolan mistrzem W\u0142och. Piotr Zieli\u0144ski stawia piecz\u0105tk\u0119"},"content":{"rendered":"\n<p class=\"contentpart contentpart--default contentpart--text\" data-position=\"0\">W niedziel\u0119 <a href=\"https:\/\/sportowefakty.wp.pl\/pilka-nozna\/inter-mediolan\" rel=\"nofollow noopener\" target=\"_blank\">Inter Mediolan<\/a>\u00a0zosta\u0142 mistrzem <a href=\"https:\/\/sportowefakty.wp.pl\/wlochy\" rel=\"nofollow noopener\" target=\"_blank\">W\u0142och<\/a>\u00a0po raz 21. W historii ligi tylko <a href=\"https:\/\/sportowefakty.wp.pl\/pilka-nozna\/juventus-fc\" rel=\"nofollow noopener\" target=\"_blank\">Juventus<\/a>\u00a0by\u0142 cz\u0119\u015bciej na pierwszym miejscu.<\/p>\n<p class=\"contentpart contentpart--default contentpart--text\" data-position=\"1\">Najwi\u0119ksze sukcesy Inter odnosi\u0142 w dw\u00f3ch okresach. Pierwszy to lata 60., kiedy pod wodz\u0105 trenera <a href=\"https:\/\/sportowefakty.wp.pl\/pilka-nozna\/helenio-herrera\" rel=\"nofollow noopener\" target=\"_blank\">Helenio Herrery<\/a>\u00a0powsta\u0142o s\u0142ynne Grande Inter, dominuj\u0105ce zar\u00f3wno we W\u0142oszech, jak i w Europie. Drugi okres nieprzerwanego panowania Nerazzurrich to lata 2006\u20132010, w kt\u00f3rych Inter wygra\u0142 pi\u0119\u0107 mistrzostw z rz\u0119du, a kulminacj\u0105 by\u0142a potr\u00f3jna korona w 2010 roku pod wodz\u0105 <a href=\"https:\/\/sportowefakty.wp.pl\/pilka-nozna\/jose-mourinho\" rel=\"nofollow noopener\" target=\"_blank\">Jose Mourinho<\/a>.<\/p>\n<p>  <img decoding=\"async\" src=\"https:\/\/v.wpimg.pl\/X3dwLnN2d1IFFTpdYUl6R0ZNbgcnEHQREVV2TGEGbUtRT2MdOlZ2RBQUKABgQjQcDRotCStBd1IAAWMeIlM7VgwYIAorQAdEFFk_GCkQJQ\" alt=\"\" width=\"45\" height=\"58\" loading=\"lazy\"\/>  <\/p>\n<p class=\"contentpart contentpart--default contentpart--text\" data-position=\"2\">Poprzednie mistrzostwo Inter \u015bwi\u0119towa\u0142 w 2024, si\u0119gaj\u0105c po sw\u00f3j 20. tytu\u0142 w historii, co pozwoli\u0142o klubowi uzyska\u0107 drug\u0105 gwiazdk\u0119 na koszulce. Wcze\u015bniej dru\u017cyna by\u0142a najlepsza w Serie A w 2021 roku jeszcze z trenerem <a href=\"https:\/\/sportowefakty.wp.pl\/pilka-nozna\/antonio-conte\" rel=\"nofollow noopener\" target=\"_blank\">Antonio Conte<\/a>\u00a0na \u0142awce.<\/p>\n<p class=\"contentpart contentpart--default contentpart--text\" data-position=\"3\">ZOBACZ WIDEO: Polacy o Lewandowskim. Powinien zosta\u0107 w Barcelonie?<\/p>\n<p class=\"contentpart contentpart--default contentpart--text\" data-position=\"5\">W tym sezonie rywalizacja o mistrzostwo W\u0142och by\u0142a interesuj\u0105ca mniej wi\u0119cej do po\u0142owy rozgrywek. Kiedy Inter oddali\u0142 si\u0119 od konkurencji, nie dochodzi\u0142o ju\u017c do zmian na pierwszym miejscu w tabeli. Ani <a href=\"https:\/\/sportowefakty.wp.pl\/pilka-nozna\/ssc-napoli\" rel=\"nofollow noopener\" target=\"_blank\">Napoli<\/a>, ani <a href=\"https:\/\/sportowefakty.wp.pl\/pilka-nozna\/ac-milan\" rel=\"nofollow noopener\" target=\"_blank\">Milan<\/a>, ani tym bardziej <a href=\"https:\/\/sportowefakty.wp.pl\/pilka-nozna\/juventus-fc\" rel=\"nofollow noopener\" target=\"_blank\">Juventus<\/a>\u00a0i <a href=\"https:\/\/sportowefakty.wp.pl\/pilka-nozna\/roma\" rel=\"nofollow noopener\" target=\"_blank\">Roma<\/a>\u00a0nie byli w stanie dotrzyma\u0107 kroku zespo\u0142owi <a href=\"https:\/\/sportowefakty.wp.pl\/pilka-nozna\/cristian-chivu\" rel=\"nofollow noopener\" target=\"_blank\">Cristiana Chivu<\/a>.<\/p>\n<p class=\"contentpart contentpart--default contentpart--text\" data-position=\"6\">Cho\u0107 ataki Interu w pierwszej po\u0142owie trudno by\u0142o nazwa\u0107 huraganowymi, to jednak rzutem na ta\u015bm\u0119, w doliczonych minutach, zd\u0105\u017cy\u0142 obj\u0105\u0107 prowadzenie 1:0. Aktywny na desancie <a href=\"https:\/\/sportowefakty.wp.pl\/pilka-nozna\/marcus-thuram\" rel=\"nofollow noopener\" target=\"_blank\">Marcus Thuram<\/a>\u00a0wstrzeli\u0142 si\u0119 po wcze\u015bniejszych niepowodzeniach. Od razu r\u00f3wnie\u017c by\u0142a \u015bwietna wiadomo\u015b\u0107, poniewa\u017c Francuzowi asystowa\u0142 <a href=\"https:\/\/sportowefakty.wp.pl\/pilka-nozna\/piotr-zielinski\" rel=\"nofollow noopener\" target=\"_blank\">Piotr Zieli\u0144ski<\/a>.<\/p>\n<p>  <img decoding=\"async\" src=\"https:\/\/v.wpimg.pl\/X3dwLnN2d1IFFTpdYUl6R0ZNbgcnEHQREVV2TGEGbUtRT2MdOlZ2RBQUKABgQjQcDRotCStBd1IAAWMeIlM7VgwYIAorQAdEFFk_GCkQJQ\" alt=\"\" width=\"45\" height=\"58\" loading=\"lazy\"\/>  <\/p>\n<p class=\"contentpart contentpart--default contentpart--text\" data-position=\"7\">Liczby Piotra Zieli\u0144skiego w Serie A, na trzy kolejki przed zako\u0144czeniem mistrzowskiego sezonu, to pi\u0119\u0107 goli i trzy asysty. Ju\u017c w drugiej po\u0142owie Polak zobaczy\u0142 \u017c\u00f3\u0142t\u0105 kartk\u0119 za faul na Gabrielu Strefezzie, a na boisku by\u0142 do 66. minuty, w kt\u00f3rej jego zmiennikiem by\u0142 <a href=\"https:\/\/sportowefakty.wp.pl\/pilka-nozna\/henrich-mchitarjan\" rel=\"nofollow noopener\" target=\"_blank\">Henrich Mchitarjan<\/a>.<\/p>\n<p class=\"contentpart contentpart--default contentpart--text\" data-position=\"8\">Po zmianie stron Inter nie oddawa\u0142 pi\u0142ki poprzedniemu zespo\u0142u swojego trenera. W ten spos\u00f3b Parma nie rozp\u0119dzi\u0142a si\u0119 w ofensywie. Ju\u017c w 80. minucie w pe\u0142ni kontroluj\u0105cy spotkanie gospodarze do\u0142o\u017cyli gola na 2:0. Przymierzy\u0142 zmiennik Piotra Zieli\u0144skiego. Henrich Mchitarjan trafi\u0142 po podaniu Lautaro Martineza.<\/p>\n<p class=\"contentpart contentpart--default contentpart--text\" data-position=\"9\"><a href=\"https:\/\/sportowefakty.wp.pl\/pilka-nozna\/inter-mediolan\" rel=\"nofollow noopener\" target=\"_blank\">Inter Mediolan<\/a>\u00a0&#8211; <a href=\"https:\/\/sportowefakty.wp.pl\/pilka-nozna\/parma-calcio-1913\" rel=\"nofollow noopener\" target=\"_blank\">Parma Calcio 1913<\/a>\u00a02:0 (1:0)<br \/>1:0 &#8211; Marcus Thuram 45&#8242;<br \/>2:0 &#8211; Henrich Mchitarjan 80&#8242;<\/p>\n<p class=\"contentpart contentpart--default contentpart--text\" data-position=\"10\">Sk\u0142ady:<\/p>\n<p class=\"contentpart contentpart--default contentpart--text\" data-position=\"11\">Inter:\u00a0Yann Sommer &#8211; Yann Aurel Bisseck, Manuel Akanji, Alessandro Bastoni (67&#8242; Carlos Augusto) &#8211; Denzel Dumfries, Nicolo Barella (89&#8242; Davide Frattesi), Piotr Zieli\u0144ski (66&#8242; Henrich Mchitarjan), Petar Suci\u0107, Federico Dimarco &#8211; Francesco Pio Esposito (46&#8242; Ange-Yoan Bonny), Marcus Thuram (66&#8242; Lautaro Martinez)<\/p>\n<p>  <img decoding=\"async\" src=\"https:\/\/v.wpimg.pl\/X3dwLnN2d1IFFTpdYUl6R0ZNbgcnEHQREVV2TGEGbUtRT2MdOlZ2RBQUKABgQjQcDRotCStBd1IAAWMeIlM7VgwYIAorQAdEFFk_GCkQJQ\" alt=\"\" width=\"45\" height=\"58\" loading=\"lazy\"\/>  <\/p>\n<p class=\"contentpart contentpart--default contentpart--text\" data-position=\"12\">Parma:\u00a0Zion Suzuki &#8211; Alessandro Circati, Mariano Troilo, Abdoulaye Ndiaye &#8211; Enrico Del Prato, Adrian Bernabe (75&#8242; Oliver Sorensen), Hans Nicolussi Caviglia, Mandela Keita (67&#8242; Christian Ordonez), Emanuele Valeri (85&#8242; Franco Carboni) &#8211; Gabriel Strefezza (74&#8242; Pontus Almqvist), Mateo Pellegrino (67&#8242;\u00a0Nesta Elphege)<\/p>\n<p class=\"contentpart contentpart--default contentpart--text\" data-position=\"13\">\u017b\u00f3\u0142ta kartka: Zieli\u0144ski (Inter)<\/p>\n<p class=\"contentpart contentpart--default contentpart--text\" data-position=\"14\">S\u0119dzia: Kevin Bonacina<\/p>\n<p class=\"contentpart contentpart--default contentpart--text\" data-position=\"15\">Tabela <a href=\"https:\/\/sportowefakty.wp.pl\/pilka-nozna\/serie-a\" rel=\"nofollow noopener\" target=\"_blank\">Serie A<\/a>:<\/p>\n","protected":false},"excerpt":{"rendered":"W niedziel\u0119 Inter Mediolan\u00a0zosta\u0142 mistrzem W\u0142och\u00a0po raz 21. W historii ligi tylko Juventus\u00a0by\u0142 cz\u0119\u015bciej na pierwszym miejscu. Najwi\u0119ksze&hellip;\n","protected":false},"author":2,"featured_media":406485,"comment_status":"","ping_status":"","sticky":false,"template":"","format":"standard","meta":{"footnotes":"","_share_on_mastodon":"0"},"categories":[5],"tags":[32,33,36,37,27,6585,34,35,2646,28,31,25,3537,269,2821,278,6587,42,901,38,40,39,41,3539,7609,29,30,26,898],"class_list":["post-406484","post","type-post","status-publish","format-standard","has-post-thumbnail","category-naglowki","tag-breaking-news","tag-breakingnews","tag-featured-news","tag-featurednews","tag-headlines","tag-inter-mediolan","tag-latest-news","tag-latestnews","tag-mediolan","tag-naglowki","tag-najwazniejsze-artykuly","tag-news","tag-parma-calcio-1913","tag-pilka-nozna","tag-pilka-nozna-we-wloszech","tag-pilka-w-europie","tag-piotr-zielinski","tag-pl","tag-polacy-za-granica","tag-poland","tag-polish","tag-polska","tag-polski","tag-serie-a","tag-stadio-giuseppe-meazza-san-siro-w-mediolanie","tag-top-stories","tag-topstories","tag-wiadomosci","tag-wlochy"],"share_on_mastodon":{"url":"https:\/\/pubeurope.com\/@pl\/116513223793053767","error":""},"_links":{"self":[{"href":"https:\/\/www.europesays.com\/pl\/wp-json\/wp\/v2\/posts\/406484","targetHints":{"allow":["GET"]}}],"collection":[{"href":"https:\/\/www.europesays.com\/pl\/wp-json\/wp\/v2\/posts"}],"about":[{"href":"https:\/\/www.europesays.com\/pl\/wp-json\/wp\/v2\/types\/post"}],"author":[{"embeddable":true,"href":"https:\/\/www.europesays.com\/pl\/wp-json\/wp\/v2\/users\/2"}],"replies":[{"embeddable":true,"href":"https:\/\/www.europesays.com\/pl\/wp-json\/wp\/v2\/comments?post=406484"}],"version-history":[{"count":0,"href":"https:\/\/www.europesays.com\/pl\/wp-json\/wp\/v2\/posts\/406484\/revisions"}],"wp:featuredmedia":[{"embeddable":true,"href":"https:\/\/www.europesays.com\/pl\/wp-json\/wp\/v2\/media\/406485"}],"wp:attachment":[{"href":"https:\/\/www.europesays.com\/pl\/wp-json\/wp\/v2\/media?parent=406484"}],"wp:term":[{"taxonomy":"category","embeddable":true,"href":"https:\/\/www.europesays.com\/pl\/wp-json\/wp\/v2\/categories?post=406484"},{"taxonomy":"post_tag","embeddable":true,"href":"https:\/\/www.europesays.com\/pl\/wp-json\/wp\/v2\/tags?post=406484"}],"curies":[{"name":"wp","href":"https:\/\/api.w.org\/{rel}","templated":true}]}}