{"id":406773,"date":"2026-05-04T04:08:07","date_gmt":"2026-05-04T04:08:07","guid":{"rendered":"https:\/\/www.europesays.com\/pl\/406773\/"},"modified":"2026-05-04T04:08:07","modified_gmt":"2026-05-04T04:08:07","slug":"inter-mediolan-znow-na-tronie-drugi-tytul-w-trzy-lata-stal-sie-faktem","status":"publish","type":"post","link":"https:\/\/www.europesays.com\/pl\/406773\/","title":{"rendered":"Inter Mediolan zn\u00f3w na tronie. Drugi tytu\u0142 w trzy lata sta\u0142 si\u0119 faktem"},"content":{"rendered":"<p>Kibice Interu anga\u017c Cristiana Chivu rozpatrywali jako wielkie ryzyko Beppe Marotty. Uznany dzia\u0142acz rzuci\u0142 Rumuna na\u00a0g\u0142\u0119bok\u0105 wod\u0119, ale\u00a0cz\u0142onek legendarnej dru\u017cyny Jose Mourinho z\u00a02010 roku podo\u0142a\u0142 w\u00a0\u015bwietnym stylu. Inter w\u00a0jego debiutanckim sezonie zosta\u0142 mistrzem W\u0142och po\u00a0raz 21. w\u00a0historii. Scudetto zosta\u0142o przypiecz\u0119towane na\u00a0trzy kolejki przed\u00a0ko\u0144cem po\u00a0meczu przeciwko poprzedniemu pracodawcy Chivu, Parmie. Nerazzurri pokonali Crociatich 2:0, a\u00a0Piotr Zieli\u0144ski zanotowa\u0142 asyst\u0119. To\u00a0drugi tytu\u0142 mistrzowski dla Polaka, kt\u00f3ry\u00a0wygra\u0142 w\u00a02023 z\u00a0SSC Napoli.<\/p>\n<p>Inter postawi\u0142 kropk\u0119 nad\u00a0\u201ei\u201d. Niemoc rywali przyspieszy\u0142a koronacj\u0119<\/p>\n<p>Rywale bardzo u\u0142atwili Interowi w\u00a035. kolejce przyklepanie zwyci\u0119stwa w\u00a0Serie A. Milan poleg\u0142 z\u00a0Sassuolo 0:2, a\u00a0Napoli straci\u0142o punkty na\u00a0Stadio Giuseppe Sinigaglia w\u00a0Como. Wystarczy\u0142 wi\u0119c\u00a0symboliczny punkcik przed\u00a0kibicami na\u00a0Stadio Giuseppe Meazza. Inter jednak nie\u00a0chcia\u0142 p\u00f3\u0142\u015brodk\u00f3w, a\u00a0pe\u0142n\u0105 pul\u0119. Zesp\u00f3\u0142 prowadzony przez\u00a0dawnego asystenta Mikela Artety, Carlosa Cuest\u0119, by\u0142 o\u00a0krok od\u00a0zaskakuj\u0105cego rozpocz\u0119cia spotkania.<\/p>\n<p>Enrico Delprato zrobi\u0142 psikusa defensorom Interu i\u00a0znalaz\u0142 si\u0119 bardzo blisko bramki Yanna Sommera. Kapitan Parme\u0144czyk\u00f3w pomyli\u0142 si\u0119, pi\u0142ka wyl\u0105dowa\u0142a nad\u00a0poprzeczk\u0105. Chwil\u0119 p\u00f3\u017aniej, po\u00a0drugiej stronie boiska bli\u017cniaczopodobn\u0105 okazj\u0119 zmarnowa\u0142 Denzel Dumfries, ale\u00a0Holender uderzy\u0142 obok s\u0142upka. Dobrze zorganizowana obrona Parmy nie\u00a0pozwala\u0142a Interowi na\u00a0zbyt wiele \u2013 problem w\u00a0tym, \u017ce\u00a0je\u015bli ju\u017c gospodarze atakowali to\u2026 powodowa\u0142o to\u00a0k\u0142opoty w\u00a0szeregach Parme\u0144czyk\u00f3w.<\/p>\n<blockquote class=\"twitter-tweet\">\n<p dir=\"ltr\" lang=\"pl\">\ud835\udc08\ud835\udc0d\ud835\udc13\ud835\udc04\ud835\udc11 \ud835\udc0d\ud835\udc00 \ud835\udc0f\ud835\udc11\ud835\udc0e\ud835\udc16\ud835\udc00\ud835\udc03\ud835\udc19\ud835\udc04\ud835\udc0d\ud835\udc08\ud835\udc14! \u26ab\ud83d\udd35<\/p>\n<p>\ud83c\uddf5\ud83c\uddf1 Piotr Zieli\u0144ski z\u00a0idealnym dograniem do\u00a0Marcusa Thurama, kt\u00f3ry\u00a0zamieni\u0142 to\u00a0podanie na\u00a0bramk\u0119! \u26bd <a href=\"https:\/\/twitter.com\/hashtag\/w%C5%82oskarobota?src=hash&amp;ref_src=twsrc%5Etfw\" target=\"_blank\" rel=\"noopener noreferrer nofollow\">#w\u0142oskarobota<\/a> \ud83c\uddee\ud83c\uddf9 <a href=\"https:\/\/t.co\/uLrPAnbGxD\" target=\"_blank\" rel=\"noopener noreferrer nofollow\">pic.twitter.com\/uLrPAnbGxD<\/a><\/p>\n<p>\u2014\u00a0ELEVEN SPORTS PL (@ELEVENSPORTSPL) <a href=\"https:\/\/twitter.com\/ELEVENSPORTSPL\/status\/2051023071926964501?ref_src=twsrc%5Etfw\" target=\"_blank\" rel=\"noopener noreferrer nofollow\">May 3, 2026<\/a><\/p>\n<\/blockquote>\n<p>W\u00a026. minucie Francesco Pio Esposito efektownie zgubi\u0142 rywala, po\u00a0czym zostawi\u0142 pi\u0142k\u0119 Nicolo Barelli. Sardy\u0144czyk hukn\u0105\u0142 bez\u00a0zastanowienia i\u00a0trafi\u0142 tym samym w\u00a0poprzeczk\u0119. Pi\u0142ka odbi\u0142a si\u0119 od\u00a0plec\u00f3w Ziona Suzukiego, ale\u00a0Japo\u0144czyk bardzo sprawnie oddali\u0142 zagro\u017cenie le\u017c\u0105c na\u00a0ziemi. Przed\u00a0przerw\u0105 nadesz\u0142a jednak odrobina oddechu. Piotr Zieli\u0144ski znalaz\u0142 Marcusa Thurama i\u00a0Francuz urodzony w\u00a0Parmie otworzy\u0142 wynik spotkania. Do\u00a0przyklepania tytu\u0142u pozostawa\u0142y wi\u0119c\u00a0minuty.<\/p>\n<p>Po\u00a0przerwie Parma ju\u017c nie\u00a0pokazywa\u0142a si\u0119 tak\u00a0cz\u0119sto w\u00a0ofensywie, mecz spowolni\u0142 na\u00a0tempie. Piotr Zieli\u0144ski otrzyma\u0142 \u017c\u00f3\u0142t\u0105 kartk\u0119 za\u00a0nierozwa\u017cne zagranie. Polak sp\u00f3\u017ani\u0142 si\u0119 z\u00a0reakcj\u0105 przy pr\u00f3bie kontrataku w\u00a0wykonaniu go\u015bci. Po\u00a0otrzymaniu kartonika, przebywa\u0142 na\u00a0boisku jeszcze tylko\u00a0kilka minut. Gra\u0142 do\u00a067. minuty.<\/p>\n<p>\u015awietne podanie od\u00a0Federico Dimarco zmarnowa\u0142 Denzel Dumfries po\u00a0\u015bwietnej akcji z\u00a0wykorzystaniem obydwu wahade\u0142. Po\u00a0raz kolejny w\u00a0ostatnim czasie, pi\u0142karz-zmiennik Zieli\u0144skiego zanotowa\u0142 bardzo dobrze wej\u015bcie. Petar Suci\u0107 b\u0142yszcza\u0142 w\u00a0Pucharze W\u0142och przeciwko Como, a\u00a0Henrich Mchitarjan przeciwko Parmie trafi\u0142 do\u00a0siatki w\u00a080. minucie. Ormianin z\u00a0bliska skierowa\u0142 pi\u0142k\u0119 do\u00a0bramki. Asystowa\u0142 mu\u00a0inny zmiennik, bo\u00a0Lautaro Martinez. El\u00a0Toro wr\u00f3ci\u0142 do\u00a0zdrowia i\u00a0ponownie \u2013 w\u00a0wielkim stylu.<\/p>\n<blockquote class=\"twitter-tweet\">\n<p dir=\"ltr\" lang=\"in\">GOOOOOOOOOOAAAAAALLLLLLL HENRIKH MKHITARYANNNNN!!!!!!!! \u26bd\ufe0f\ud83c\udde6\ud83c\uddf2<\/p>\n<p>\u2014\u00a0Inter Xtra (@Inter_Xtra) <a href=\"https:\/\/twitter.com\/Inter_Xtra\/status\/2051035902374187445?ref_src=twsrc%5Etfw\" target=\"_blank\" rel=\"noopener noreferrer nofollow\">May 3, 2026<\/a><\/p>\n<\/blockquote>\n<p>Pod\u00a0koniec spotkania inny ze\u00a0zmiennik\u00f3w by\u0142 o\u00a0w\u0142os od\u00a0trafienia \u2013 Davide Frattesi. Arbiter Kevin Bonacina pokaza\u0142 jednak, \u017ce\u00a0na\u00a0zegarku nic mu\u00a0si\u0119 nie\u00a0wy\u015bwietli\u0142o, a\u00a0wi\u0119c\u00a0futbol\u00f3wka nie\u00a0przekroczy\u0142a linii bramkowej. Jak pokaza\u0142y powt\u00f3rki \u2013 do\u00a0gola zabrak\u0142o milimetr\u00f3w. Parma w\u00a0drugiej po\u0142owie praktycznie nie\u00a0istnia\u0142a i\u00a0nie\u00a0by\u0142a \u017cadnym zagro\u017ceniem. Inter po\u00a0raz 21. zosta\u0142 mistrzem W\u0142och \u2013 przewaga nad\u00a0Napoli to\u00a0aktualnie 12, a\u00a0Milanem 15 punkt\u00f3w.<\/p>\n<p>Aby podkre\u015bli\u0107 form\u0119, jak\u0105 pokazuje Inter Mediolan w\u00a0ostatnich latach w\u00a0Serie A, warto zerkn\u0105\u0107 na\u00a0kr\u00f3tkie podsumowanie:<\/p>\n<ul>\n<li>2020 \u2013 drugie miejsce (przegrana o\u00a0punkt),<\/li>\n<li>2021 \u2013 mistrzostwo W\u0142och,<\/li>\n<li>2022 \u2013 drugie miejsce (przegrana o\u00a0dwa punkty),<\/li>\n<li>2023 \u2013 trzecie miejsce,<\/li>\n<li>2024 \u2013 mistrzostwo W\u0142och,<\/li>\n<li>2025 \u2013 drugie miejsce (przegrana o\u00a0punkt),<\/li>\n<li>2026 \u2013 mistrzostwo W\u0142och<\/li>\n<\/ul>\n<p>Trzy tytu\u0142y mistrza kraju w\u00a0ostatnich siedmiu sezonach, a\u00a0do\u00a0tego trzy wicemistrzostwa. Inter we\u00a0W\u0142oszech to\u00a0si\u0142a przewodz\u0105ca w\u00a0Serie A. Dominacja Juventusu to\u00a0ju\u017c prehistoria.<\/p>\n<p>Inter Mediolan \u2013 Parma 2:0 (1:0)<\/p>\n<ul>\n<li>1:0 \u2013 Marcus Thuram \u2013 45+1\u2032<\/li>\n<li>2:0 \u2013 Henrich Mchitarjan \u2013 80\u2032<\/li>\n<\/ul>\n<p>CZYTAJ WI\u0118CEJ NA\u00a0WESZ\u0141O O\u00a0PI\u0141CE W\u0141OSKIEJ:<\/p>\n<p>Fot.\u00a0Newspix<\/p>\n<p>                    <script async src=\"https:\/\/platform.twitter.com\/widgets.js\" charset=\"utf-8\"><\/script><\/p>\n","protected":false},"excerpt":{"rendered":"Kibice Interu anga\u017c Cristiana Chivu rozpatrywali jako wielkie ryzyko Beppe Marotty. Uznany dzia\u0142acz rzuci\u0142 Rumuna na\u00a0g\u0142\u0119bok\u0105 wod\u0119, ale\u00a0cz\u0142onek&hellip;\n","protected":false},"author":2,"featured_media":406774,"comment_status":"","ping_status":"","sticky":false,"template":"","format":"standard","meta":{"footnotes":"","_share_on_mastodon":"0"},"categories":[24],"tags":[6585,75105,6587,42,38,40,39,41,127,126],"class_list":["post-406773","post","type-post","status-publish","format-standard","has-post-thumbnail","category-sport","tag-inter-mediolan","tag-parma-fc","tag-piotr-zielinski","tag-pl","tag-poland","tag-polish","tag-polska","tag-polski","tag-sport","tag-sports"],"share_on_mastodon":{"url":"https:\/\/pubeurope.com\/@pl\/116514344738316172","error":""},"_links":{"self":[{"href":"https:\/\/www.europesays.com\/pl\/wp-json\/wp\/v2\/posts\/406773","targetHints":{"allow":["GET"]}}],"collection":[{"href":"https:\/\/www.europesays.com\/pl\/wp-json\/wp\/v2\/posts"}],"about":[{"href":"https:\/\/www.europesays.com\/pl\/wp-json\/wp\/v2\/types\/post"}],"author":[{"embeddable":true,"href":"https:\/\/www.europesays.com\/pl\/wp-json\/wp\/v2\/users\/2"}],"replies":[{"embeddable":true,"href":"https:\/\/www.europesays.com\/pl\/wp-json\/wp\/v2\/comments?post=406773"}],"version-history":[{"count":0,"href":"https:\/\/www.europesays.com\/pl\/wp-json\/wp\/v2\/posts\/406773\/revisions"}],"wp:featuredmedia":[{"embeddable":true,"href":"https:\/\/www.europesays.com\/pl\/wp-json\/wp\/v2\/media\/406774"}],"wp:attachment":[{"href":"https:\/\/www.europesays.com\/pl\/wp-json\/wp\/v2\/media?parent=406773"}],"wp:term":[{"taxonomy":"category","embeddable":true,"href":"https:\/\/www.europesays.com\/pl\/wp-json\/wp\/v2\/categories?post=406773"},{"taxonomy":"post_tag","embeddable":true,"href":"https:\/\/www.europesays.com\/pl\/wp-json\/wp\/v2\/tags?post=406773"}],"curies":[{"name":"wp","href":"https:\/\/api.w.org\/{rel}","templated":true}]}}