{"id":407104,"date":"2026-05-04T08:01:07","date_gmt":"2026-05-04T08:01:07","guid":{"rendered":"https:\/\/www.europesays.com\/pl\/407104\/"},"modified":"2026-05-04T08:01:07","modified_gmt":"2026-05-04T08:01:07","slug":"tak-zarzad-pzn-potraktowal-stefana-horngachera-niespodziewany-zwrot","status":"publish","type":"post","link":"https:\/\/www.europesays.com\/pl\/407104\/","title":{"rendered":"Tak zarz\u0105d PZN potraktowa\u0142 Stefana Horngachera. Niespodziewany zwrot"},"content":{"rendered":"<p>Horngacher mia\u0142 wr\u00f3ci\u0107 do reprezentacji Polski w roli koordynatora szkolenia. Sam zg\u0142osi\u0142 si\u0119 do PZN, widz\u0105c potencja\u0142 w naszych skoczkach. Jego warunkiem by\u0142o jednak to, \u017ceby ca\u0142y zarz\u0105d zwi\u0105zku si\u0119 zgodzi\u0142. Tak si\u0119 jednak nie sta\u0142o.<\/p>\n<p> Dalszy ci\u0105g artyku\u0142u pod materia\u0142em wideo PZN zastopowa\u0142 Stefana Horngachera<\/p>\n<p>Cz\u0119\u015b\u0107 cz\u0142onk\u00f3w zarz\u0105du ma mie\u0107 za z\u0142e Austriakowi, \u017ce kiedy ten poprzednim razem prowadzi\u0142 polsk\u0105 kadr\u0119, to zamyka\u0142 on treningi dla polskich szkoleniowc\u00f3w oraz dzia\u0142aczy. Problemem mia\u0142y te\u017c by\u0107 zarobki Horngachera, kt\u00f3ry \u017cyczy\u0142 sobie niema\u0142ych pieni\u0119dzy.<\/p>\n<p>Trener naszej kadry Maciej Maciusiak by\u0142 zwolennikiem zatrudnienia Austriaka przede wszystkim ze wzgl\u0119du na jego wiedz\u0119 o sprz\u0119cie. Na razie jednak do podpisania umowy nie dosz\u0142o. Wszystko dlatego, \u017ce 13 czerwca odb\u0119d\u0105 si\u0119 wybory nowego zarz\u0105du. Odroczenie podpisania kontraktu i formalnego rozpocz\u0119cia wsp\u00f3\u0142pracy nie spodoba\u0142o si\u0119 sztabowi kadry skoczk\u00f3w, bo ten ju\u017c od jakiego\u015b czasu radzi\u0142 si\u0119 Horngachera.<\/p>\n<p>Ostatecznie Austriak na zaproszenie zarz\u0105du PZN stawi si\u0119 na poniedzia\u0142kowym treningu reprezentacji Polski i wed\u0142ug informacji Interii ma podpisa\u0107 umow\u0119 ze zwi\u0105zkiem. Dodatkowo Horngacher mia\u0142 nieco obni\u017cy\u0107 swoje wymagania finansowe, co pozytywnie wp\u0142yn\u0119\u0142o na decyzj\u0119 PZN. W poniedzia\u0142ek ma zosta\u0107 wydane o\u015bwiadczenie w sprawie austriackiego trenera, a z niego mamy si\u0119 dowiedzie\u0107 wszystkich szczeg\u00f3\u0142\u00f3w.<\/p>\n","protected":false},"excerpt":{"rendered":"Horngacher mia\u0142 wr\u00f3ci\u0107 do reprezentacji Polski w roli koordynatora szkolenia. Sam zg\u0142osi\u0142 si\u0119 do PZN, widz\u0105c potencja\u0142 w&hellip;\n","protected":false},"author":2,"featured_media":407105,"comment_status":"","ping_status":"","sticky":false,"template":"","format":"standard","meta":{"footnotes":"","_share_on_mastodon":"0"},"categories":[24],"tags":[61195,48,46,42,38,40,39,41,24782,47,1874,127,126,5777,28488],"class_list":["post-407104","post","type-post","status-publish","format-standard","has-post-thumbnail","category-sport","tag-bottomfeed_styl","tag-nat_styl","tag-omp","tag-pl","tag-poland","tag-polish","tag-polska","tag-polski","tag-pzn","tag-screening_general","tag-skoki_narciarskie","tag-sport","tag-sports","tag-sporty_zimowe","tag-stefan_horngacher"],"share_on_mastodon":{"url":"https:\/\/pubeurope.com\/@pl\/116515260660464307","error":""},"_links":{"self":[{"href":"https:\/\/www.europesays.com\/pl\/wp-json\/wp\/v2\/posts\/407104","targetHints":{"allow":["GET"]}}],"collection":[{"href":"https:\/\/www.europesays.com\/pl\/wp-json\/wp\/v2\/posts"}],"about":[{"href":"https:\/\/www.europesays.com\/pl\/wp-json\/wp\/v2\/types\/post"}],"author":[{"embeddable":true,"href":"https:\/\/www.europesays.com\/pl\/wp-json\/wp\/v2\/users\/2"}],"replies":[{"embeddable":true,"href":"https:\/\/www.europesays.com\/pl\/wp-json\/wp\/v2\/comments?post=407104"}],"version-history":[{"count":0,"href":"https:\/\/www.europesays.com\/pl\/wp-json\/wp\/v2\/posts\/407104\/revisions"}],"wp:featuredmedia":[{"embeddable":true,"href":"https:\/\/www.europesays.com\/pl\/wp-json\/wp\/v2\/media\/407105"}],"wp:attachment":[{"href":"https:\/\/www.europesays.com\/pl\/wp-json\/wp\/v2\/media?parent=407104"}],"wp:term":[{"taxonomy":"category","embeddable":true,"href":"https:\/\/www.europesays.com\/pl\/wp-json\/wp\/v2\/categories?post=407104"},{"taxonomy":"post_tag","embeddable":true,"href":"https:\/\/www.europesays.com\/pl\/wp-json\/wp\/v2\/tags?post=407104"}],"curies":[{"name":"wp","href":"https:\/\/api.w.org\/{rel}","templated":true}]}}