{"id":407456,"date":"2026-05-04T11:42:09","date_gmt":"2026-05-04T11:42:09","guid":{"rendered":"https:\/\/www.europesays.com\/pl\/407456\/"},"modified":"2026-05-04T11:42:09","modified_gmt":"2026-05-04T11:42:09","slug":"informator-stolicy-bielany-stawiaja-na-historie-i-kulture-pokazy-filmu-o-partyzantach-i-premiera-komiksu-o-jantar-i-kukulskim","status":"publish","type":"post","link":"https:\/\/www.europesays.com\/pl\/407456\/","title":{"rendered":"Informator Stolicy &#8211; Bielany stawiaj\u0105 na histori\u0119 i kultur\u0119. Pokazy filmu o partyzantach i premiera komiksu o Jantar i Kukulskim"},"content":{"rendered":"<p style=\"text-align:justify\">Maj na Bielanach to czas, w kt\u00f3rym dzielnica szczeg\u00f3lnie mocno stawia na wydarzenia zwi\u0105zane z histori\u0105 i to\u017csamo\u015bci\u0105 lokaln\u0105. Organizowane inicjatywy maj\u0105 nie tylko przypomina\u0107 o wa\u017cnych postaciach i wydarzeniach, ale te\u017c anga\u017cowa\u0107 mieszka\u0144c\u00f3w w odkrywanie przesz\u0142o\u015bci w przyst\u0119pnej, cz\u0119sto nowoczesnej formie.<\/p>\n<p>Film o partyzantach w Palmirach<\/p>\n<p style=\"text-align:justify\">Ju\u017c od pocz\u0105tku maja w Muzeum &#8211; Miejsce Pami\u0119ci Palmiry odbywaj\u0105 si\u0119 pokazy filmu \u201eNasi partyzanci. Kampinos w ogniu\u201d. Produkcja zosta\u0142a przygotowana we wsp\u00f3\u0142pracy dzielnicy Bielany z muzeum i opowiada o losach powsta\u0144c\u00f3w dzia\u0142aj\u0105cych w Puszczy Kampinoskiej.<\/p>\n<p style=\"text-align:justify\">Seanse zaplanowano na ka\u017cd\u0105 niedziel\u0119 maja &#8211; 3, 10, 17, 24 i 31 maja o godzinie 12:00. To okazja, by zobaczy\u0107 histori\u0119 z mniej oczywistej perspektywy i lepiej pozna\u0107 wydarzenia zwi\u0105zane z regionem Kampinosu.<\/p>\n<p>Premiera komiksu o znanych artystach<\/p>\n<p style=\"text-align:justify\">Z kolei 14 maja o godzinie 18:00 w Urz\u0119dzie Dzielnicy Bielany odb\u0119dzie si\u0119 premiera komiksu \u201eWawrzyszew. \u017bycia ma\u0142a gar\u015b\u0107. Historia Anny Jantar i Jaros\u0142awa Kukulskiego\u201d.<\/p>\n<p style=\"text-align:justify\">Publikacja przedstawia histori\u0119 jednej z najbardziej znanych par polskiej sceny muzycznej, pokazuj\u0105c zar\u00f3wno ich \u017cycie prywatne, jak i zawodowe. Autorzy prowadz\u0105 czytelnika przez najwa\u017cniejsze momenty ich kariery &#8211; od wyst\u0119p\u00f3w scenicznych po kulisy powstawania przeboj\u00f3w.<\/p>\n<p>Bielany i ich muzyczne dziedzictwo<\/p>\n<p style=\"text-align:justify\">Komiks mocno zwi\u0105zany jest z histori\u0105 Bielan, szczeg\u00f3lnie osiedla Wawrzyszew. To w\u0142a\u015bnie tam przez lata rozwija\u0142o si\u0119 \u017cycie artystyczne, a wa\u017cn\u0105 rol\u0119 odegra\u0142o m.in. legendarne studio nagraniowe Tonpress.<\/p>\n<p style=\"text-align:justify\">Publikacja zawiera r\u00f3wnie\u017c rozbudowany rys historyczny, kt\u00f3ry przybli\u017ca rozw\u00f3j dzielnicy oraz jej zwi\u0105zki z kultur\u0105 i muzyk\u0105.<\/p>\n<p>Kultura i pami\u0119\u0107 lokalna<\/p>\n<p style=\"text-align:justify\">Oba wydarzenia pokazuj\u0105, jak Bielany \u0142\u0105cz\u0105 r\u00f3\u017cne formy opowiadania o historii, od filmu dokumentalnego po komiks. To propozycje zar\u00f3wno dla os\u00f3b zainteresowanych histori\u0105 II wojny \u015bwiatowej, jak i dla tych, kt\u00f3rzy chc\u0105 lepiej pozna\u0107 muzyczne dziedzictwo Warszawy.<\/p>\n<p style=\"text-align:justify\">fot. pixabay<\/p>\n","protected":false},"excerpt":{"rendered":"Maj na Bielanach to czas, w kt\u00f3rym dzielnica szczeg\u00f3lnie mocno stawia na wydarzenia zwi\u0105zane z histori\u0105 i to\u017csamo\u015bci\u0105&hellip;\n","protected":false},"author":2,"featured_media":407457,"comment_status":"","ping_status":"","sticky":false,"template":"","format":"standard","meta":{"footnotes":"","_share_on_mastodon":"0"},"categories":[51605],"tags":[38847,291,261,42,75276,38,40,39,41,75275,435],"class_list":["post-407456","post","type-post","status-publish","format-standard","has-post-thumbnail","category-warszawa","tag-bielany","tag-historia","tag-kultura","tag-pl","tag-pokazy-filmu-o-partyzantach","tag-poland","tag-polish","tag-polska","tag-polski","tag-premiera-komiksu-o-jantar-i-kukulskim","tag-warszawa"],"share_on_mastodon":{"url":"https:\/\/pubeurope.com\/@pl\/116516129658633016","error":""},"_links":{"self":[{"href":"https:\/\/www.europesays.com\/pl\/wp-json\/wp\/v2\/posts\/407456","targetHints":{"allow":["GET"]}}],"collection":[{"href":"https:\/\/www.europesays.com\/pl\/wp-json\/wp\/v2\/posts"}],"about":[{"href":"https:\/\/www.europesays.com\/pl\/wp-json\/wp\/v2\/types\/post"}],"author":[{"embeddable":true,"href":"https:\/\/www.europesays.com\/pl\/wp-json\/wp\/v2\/users\/2"}],"replies":[{"embeddable":true,"href":"https:\/\/www.europesays.com\/pl\/wp-json\/wp\/v2\/comments?post=407456"}],"version-history":[{"count":0,"href":"https:\/\/www.europesays.com\/pl\/wp-json\/wp\/v2\/posts\/407456\/revisions"}],"wp:featuredmedia":[{"embeddable":true,"href":"https:\/\/www.europesays.com\/pl\/wp-json\/wp\/v2\/media\/407457"}],"wp:attachment":[{"href":"https:\/\/www.europesays.com\/pl\/wp-json\/wp\/v2\/media?parent=407456"}],"wp:term":[{"taxonomy":"category","embeddable":true,"href":"https:\/\/www.europesays.com\/pl\/wp-json\/wp\/v2\/categories?post=407456"},{"taxonomy":"post_tag","embeddable":true,"href":"https:\/\/www.europesays.com\/pl\/wp-json\/wp\/v2\/tags?post=407456"}],"curies":[{"name":"wp","href":"https:\/\/api.w.org\/{rel}","templated":true}]}}