{"id":408214,"date":"2026-05-04T19:26:15","date_gmt":"2026-05-04T19:26:15","guid":{"rendered":"https:\/\/www.europesays.com\/pl\/408214\/"},"modified":"2026-05-04T19:26:15","modified_gmt":"2026-05-04T19:26:15","slug":"poscig-i-kolizja-w-nowym-porcie-uciekal-pijany-kierowca-z-zakazem","status":"publish","type":"post","link":"https:\/\/www.europesays.com\/pl\/408214\/","title":{"rendered":"Po\u015bcig i kolizja w Nowym Porcie. Ucieka\u0142 pijany kierowca z zakazem"},"content":{"rendered":"<p class=\"lead\">Przekroczy\u0142 pr\u0119dko\u015b\u0107 i\u00a0nie zatrzyma\u0142 si\u0119 do kontroli drogowej. W\u00a0po\u015bcig za kierowc\u0105 ruszyli funkcjonariusze. Podczas ucieczki m\u0119\u017cczyzna spowodowa\u0142 kolizj\u0119, porzuci\u0142 auto i\u00a0zacz\u0105\u0142 ucieka\u0107 pieszo. By\u0142 pijany.<\/p>\n<p>            <a class=\"tableOfContents__link\" href=\"#subtitle_1\">Nie zatrzyma\u0142 si\u0119 do kontroli drogowej<\/a><\/p>\n<p>            <a class=\"tableOfContents__link\" href=\"#subtitle_2\">Uciekaj\u0105c przed policj\u0105, spowodowa\u0142 kolizj\u0119<\/a><\/p>\n<p>Nie zatrzyma\u0142 si\u0119 do kontroli drogowej<\/p>\n<p>                                w ci\u0105gu ostatniego miesi\u0105ca<br \/>\n                                12%<\/p>\n<p>O godz. 18 w\u00a0tunelu pod Martw\u0105 Wis\u0142\u0105 policjanci ruchu drogowego zmierzyli pr\u0119dko\u015b\u0107 kieruj\u0105cemu samochodem osobowym, jad\u0105cemu w\u00a0kierunku Nowego Portu. <\/p>\n<p>&#8211; M\u0119\u017cczyzna przekroczy\u0142 dopuszczaln\u0105 pr\u0119dko\u015b\u0107 o\u00a030 km\/h. Policjanci dali mu sygna\u0142y do zatrzymania, jednak ten przyspieszy\u0142 i\u00a0zacz\u0105\u0142 ucieka\u0107 &#8211; relacjonuje asp. szt. Mariusz Chrzanowski, rzecznik prasowy <a href=\"https:\/\/www.trojmiasto.pl\/Komenda-Miejska-Policji-o968.html\" data-tklik=\"544871\" rel=\"nofollow noopener\" target=\"_blank\">KMP w\u00a0Gda\u0144sku<\/a>. <br \/>O policyjnym po\u015bcigu informowali nas te\u017c czytelnicy w\u00a0<a data-tklik=\"103404\" target=\"_blank\" href=\"https:\/\/www.trojmiasto.pl\/raport\/\" rel=\"nofollow noopener\">Raporcie z Tr\u00f3jmiasta<\/a>.<\/p>\n<p>Uciekaj\u0105c przed policj\u0105, spowodowa\u0142 kolizj\u0119<\/p>\n<p>Podczas ucieczki m\u0119\u017cczyzna spowodowa\u0142 kolizj\u0119. Na ul. Chodackiego porzuci\u0142 auto i\u00a0zacz\u0105\u0142 ucieka\u0107 pieszo. Po chwili zosta\u0142 zatrzymany. <\/p>\n<p>&#8211; Jak si\u0119 okaza\u0142o, 34-letni obywatel Polski ma s\u0105dowy zakaz prowadzenia pojazd\u00f3w i\u00a0by\u0142 pijany. Alkomat wykaza\u0142 prawie promil alkoholu w\u00a0organizmie. M\u0119\u017cczyzna zostanie po wytrze\u017awieniu przes\u0142uchany i\u00a0b\u0119dzie odpowiada\u0142 za pope\u0142nione przest\u0119pstwa oraz wykroczenia &#8211; wyja\u015bnia asp. szt. Mariusz Chrzanowski.<\/p>\n","protected":false},"excerpt":{"rendered":"Przekroczy\u0142 pr\u0119dko\u015b\u0107 i\u00a0nie zatrzyma\u0142 si\u0119 do kontroli drogowej. W\u00a0po\u015bcig za kierowc\u0105 ruszyli funkcjonariusze. Podczas ucieczki m\u0119\u017cczyzna spowodowa\u0142 kolizj\u0119,&hellip;\n","protected":false},"author":2,"featured_media":408215,"comment_status":"","ping_status":"","sticky":false,"template":"","format":"standard","meta":{"footnotes":"","_share_on_mastodon":"0"},"categories":[51610],"tags":[906,23736,54643,3112,75500,17047,28697,1048,1064,1085,61090,3431,10785,50961,40215,1926,11525,62855,5928,14113,42,26736,38,414,9017,40,39,41,572,17861,60855,1666,40991,28073,1063,51119,14418,12992,25612,3493],"class_list":["post-408214","post","type-post","status-publish","format-standard","has-post-thumbnail","category-gdansk","tag-alkohol","tag-alkomat","tag-astra","tag-auto","tag-chodackiego","tag-czytelnik","tag-funkcjonariusz","tag-gdansk","tag-gdynia","tag-kierowca","tag-kmp","tag-kolizja","tag-kontrola","tag-mariusz-chrzanowski","tag-martwa-wisla","tag-mezczyzna","tag-nowy-port","tag-obywatel","tag-opel","tag-organizm","tag-pl","tag-pojazd","tag-poland","tag-policja","tag-policjant","tag-polish","tag-polska","tag-polski","tag-poscig","tag-predkosc","tag-promil","tag-przestepstwo","tag-raport-z-trojmiasta","tag-ruch-drogowy","tag-sopot","tag-sygnal","tag-tunel","tag-ucieczka","tag-wykroczenie","tag-zakaz"],"share_on_mastodon":{"url":"https:\/\/pubeurope.com\/@pl\/116517954115002587","error":""},"_links":{"self":[{"href":"https:\/\/www.europesays.com\/pl\/wp-json\/wp\/v2\/posts\/408214","targetHints":{"allow":["GET"]}}],"collection":[{"href":"https:\/\/www.europesays.com\/pl\/wp-json\/wp\/v2\/posts"}],"about":[{"href":"https:\/\/www.europesays.com\/pl\/wp-json\/wp\/v2\/types\/post"}],"author":[{"embeddable":true,"href":"https:\/\/www.europesays.com\/pl\/wp-json\/wp\/v2\/users\/2"}],"replies":[{"embeddable":true,"href":"https:\/\/www.europesays.com\/pl\/wp-json\/wp\/v2\/comments?post=408214"}],"version-history":[{"count":0,"href":"https:\/\/www.europesays.com\/pl\/wp-json\/wp\/v2\/posts\/408214\/revisions"}],"wp:featuredmedia":[{"embeddable":true,"href":"https:\/\/www.europesays.com\/pl\/wp-json\/wp\/v2\/media\/408215"}],"wp:attachment":[{"href":"https:\/\/www.europesays.com\/pl\/wp-json\/wp\/v2\/media?parent=408214"}],"wp:term":[{"taxonomy":"category","embeddable":true,"href":"https:\/\/www.europesays.com\/pl\/wp-json\/wp\/v2\/categories?post=408214"},{"taxonomy":"post_tag","embeddable":true,"href":"https:\/\/www.europesays.com\/pl\/wp-json\/wp\/v2\/tags?post=408214"}],"curies":[{"name":"wp","href":"https:\/\/api.w.org\/{rel}","templated":true}]}}