{"id":408301,"date":"2026-05-04T20:21:15","date_gmt":"2026-05-04T20:21:15","guid":{"rendered":"https:\/\/www.europesays.com\/pl\/408301\/"},"modified":"2026-05-04T20:21:15","modified_gmt":"2026-05-04T20:21:15","slug":"wyskoczyl-z-drugiego-pietra-uciekal-przed-policja","status":"publish","type":"post","link":"https:\/\/www.europesays.com\/pl\/408301\/","title":{"rendered":"Wyskoczy\u0142 z drugiego pi\u0119tra, ucieka\u0142 przed policj\u0105"},"content":{"rendered":"<p>            <a href=\"https:\/\/s-trojmiasto.pl\/zdj\/c\/n\/9\/4311\/1198x0\/4311573-Policjanci-z-Gdanska-zatrzymali-17-latka-ktory-trzymal-w-mieszkaniu-duza-ilosc-narkotykow__c_0_282_1198_938.webp\" target=\"_blank\" data-slide-name=\"834360\" data-lightbox-target=\"photo full\" data-sub-html=\"&lt;h4&gt;Policjanci z Gda\u0144ska zatrzymali 17-latka, kt\u00f3ry trzyma\u0142 w mieszkaniu du\u017c\u0105 ilo\u015b\u0107 narkotyk\u00f3w.&lt;\/h4&gt;&lt;p&gt;fot. KMP Gda\u0144sk&lt;\/p&gt;&#010;\" class=\"photoMarker__link\" data-filter-brightness=\"brightness--100\" rel=\"nofollow noopener\"><\/p>\n<p>    <img decoding=\"async\" style=\"height:587px; aspect-ratio: 1.27719\/1; filter:brightness(1);\" alt=\"Policjanci z Gda\u0144ska zatrzymali 17-latka, kt\u00f3ry trzyma\u0142 w mieszkaniu du\u017c\u0105 ilo\u015b\u0107 narkotyk\u00f3w.\" src=\"https:\/\/www.europesays.com\/pl\/wp-content\/uploads\/2026\/05\/4311573-Policjanci-z-Gdanska-zatrzymali-17-latka-ktory-trzymal-w-mieszkaniu-duza-ilosc__c_0_282_1198.webp\" class=\"photoMarker__img \" data-slider=\"img\" fetchpriority=\"high\"\/><\/p>\n<p>            <\/a><\/p>\n<p class=\"lead\">Policjanci z\u00a0Gda\u0144ska zatrzymali 17-latka, kt\u00f3ry trzyma\u0142 w\u00a0mieszkaniu du\u017c\u0105 ilo\u015b\u0107 narkotyk\u00f3w. Uciekaj\u0105c przed funkcjonariuszami, wyskoczy\u0142 z\u00a0drugiego pi\u0119tra, ale po kr\u00f3tkim po\u015bcigu zosta\u0142 zatrzymany. S\u0105d zdecydowa\u0142 o\u00a0trzymiesi\u0119cznym areszcie nastolatka.<\/p>\n<p>            <a class=\"tableOfContents__link\" href=\"#subtitle_1\">Ubrany tylko w\u00a0spodnie, pr\u00f3bowa\u0142 ucieka\u0107 przez okno<\/a><\/p>\n<p>            <a class=\"tableOfContents__link\" href=\"#subtitle_2\">Ile narkotyk\u00f3w posiada\u0142 w\u00a0mieszkaniu 17-latek?<\/a><\/p>\n<p>\nCa\u0142a sprawa zacz\u0119\u0142a si\u0119 od realizacji nakazu zatrzymania i\u00a0doprowadzenia do M\u0142odzie\u017cowego O\u015brodka Wychowawczego 17-letniego mieszka\u0144ca Oruni. Podczas pracy nad t\u0105 spraw\u0105 policjanci zdobyli informacje, gdzie ch\u0142opak zamieszkuje. Dodatkowo dowiedzieli si\u0119, \u017ce najprawdopodobniej ma w\u00a0mieszkaniu du\u017c\u0105 ilo\u015b\u0107 narkotyk\u00f3w.<\/p>\n<p>W minion\u0105 \u015brod\u0119 pojechali sprawdzi\u0107 mieszkanie, spodziewaj\u0105c si\u0119, \u017ce mo\u017ce si\u0119 tam znajdowa\u0107 17-latek. <\/p>\n<p>Ubrany tylko w\u00a0spodnie, pr\u00f3bowa\u0142 ucieka\u0107 przez okno<\/p>\n<p>&#8211; Gdy policjanci zapukali do drzwi mieszkania, sp\u0142oszony 17-latek, ubrany w\u00a0same spodnie, pr\u00f3bowa\u0142 uciec przez okno z\u00a0mieszkania na drugim pi\u0119trze, jednak po kr\u00f3tkim po\u015bcigu zosta\u0142 zatrzymany. M\u0119\u017cczyzna, wyskakuj\u0105c z\u00a0okna, nie odni\u00f3s\u0142 \u017cadnych obra\u017ce\u0144 i\u00a0po chwili zosta\u0142 doprowadzony do komisariatu &#8211; relacjonuje Mariusz Chrzanowski z\u00a0Komendy Miejskiej Policji w\u00a0Gda\u0144sku.<br \/>W mieszkaniu, w\u00a0kt\u00f3rym przebywa\u0142, policjanci ujawnili i\u00a0zabezpieczyli torb\u0119 z\u00a0narkotykami oraz &#8211; jak si\u0119 p\u00f3\u017aniej okaza\u0142o &#8211; z\u00a0atrap\u0105 broni. Zabezpieczone substancje i\u00a0przedmiot, kt\u00f3ry przypomina\u0142 bro\u0144, trafi\u0142y do bieg\u0142ego s\u0105dowego.<\/p>\n<p>            <a href=\"https:\/\/s-trojmiasto.pl\/zdj\/c\/n\/9\/4311\/900x0\/4311572-Po-zbadaniu-biegly-ustalil-ze-dostarczony-material-dowodowy-to-ponad-90-gramow-marihuany-ponad-100-gramow-amfetaminy-prawie-100-gramow-klefedronu-oraz-ponad-100-tabletek-MDMA-Lacznie-z-tej-ilosci-zabezpieczonych-srodkow-mozna-przygotowac-praw.webp\" target=\"_blank\" data-slide-name=\"834359\" data-lightbox-target=\"photo full\" data-sub-html=\"&lt;h4&gt;Po zbadaniu bieg\u0142y ustali\u0142, \u017ce dostarczony materia\u0142 dowodowy to ponad 90 gram\u00f3w marihuany, ponad 100 gram\u00f3w amfetaminy, prawie 100 gram\u00f3w klefedronu oraz ponad 100 tabletek MDMA. \u0141\u0105cznie z tej ilo\u015bci zabezpieczonych \u015brodk\u00f3w mo\u017cna przygotowa\u0107 prawie 800 porcji narkotyku.&lt;\/h4&gt;&lt;p&gt;fot. KMP Gda\u0144sk&lt;\/p&gt;&#010;\" class=\"photoMarker__link\" data-filter-brightness=\"brightness--100\" rel=\"nofollow noopener\"><\/p>\n<p>    <img decoding=\"async\" style=\"height:901px; aspect-ratio: 0.83179\/1; filter:brightness(1);\" alt=\"Po zbadaniu bieg\u0142y ustali\u0142, \u017ce dostarczony materia\u0142 dowodowy to ponad 90 gram\u00f3w marihuany, ponad 100 gram\u00f3w amfetaminy, prawie 100 gram\u00f3w klefedronu oraz ponad 100 tabletek MDMA. \u0141\u0105cznie z tej ilo\u015bci zabezpieczonych \u015brodk\u00f3w mo\u017cna przygotowa\u0107 prawie 800 porcji narkotyku.\" src=\"https:\/\/www.europesays.com\/pl\/wp-content\/uploads\/2026\/05\/4311572-Po-zbadaniu-biegly-ustalil-ze-dostarczony-material-dowodowy-to-ponad-90-gramow.webp\" class=\"photoMarker__img lazy\" data-slider=\"img\"\/><\/p>\n<p>            <\/a><\/p>\n<p>Ile narkotyk\u00f3w posiada\u0142 w\u00a0mieszkaniu 17-latek?<\/p>\n<p>&#8211; Po zbadaniu bieg\u0142y ustali\u0142, \u017ce dostarczony materia\u0142 dowodowy to ponad 90 gram\u00f3w marihuany, ponad 100 gram\u00f3w amfetaminy, prawie 100 gram\u00f3w klefedronu oraz ponad 100 tabletek MDMA. \u0141\u0105cznie z\u00a0tej ilo\u015bci zabezpieczonych \u015brodk\u00f3w mo\u017cna przygotowa\u0107 prawie 800 porcji narkotyku &#8211; dodaje Mariusz Chrzanowski z\u00a0Komendy Miejskiej Policji w\u00a0Gda\u0144sku.<br \/>W minion\u0105 sobot\u0119 17-latek zosta\u0142 doprowadzony do Prokuratury Rejonowej Gda\u0144sk-\u015ar\u00f3dmie\u015bcie w\u00a0Gda\u0144sku i\u00a0us\u0142ysza\u0142 zarzut posiadania znacznej ilo\u015bci narkotyk\u00f3w. Prokurator zawnioskowa\u0142 te\u017c o\u00a0areszt dla podejrzanego. Jeszcze tego samego dnia s\u0105d przychyli\u0142 si\u0119 do wniosku i\u00a0zastosowa\u0142 wobec ch\u0142opaka tymczasowy trzymiesi\u0119czny areszt.<\/p>\n<p>Za posiadanie narkotyk\u00f3w grozi kara 3 lat wi\u0119zienia. Je\u017celi przedmiotem czynu jest znaczna ilo\u015b\u0107, kara mo\u017ce wynie\u015b\u0107 nawet 10 lat.\n                <\/p>\n","protected":false},"excerpt":{"rendered":"Policjanci z\u00a0Gda\u0144ska zatrzymali 17-latka, kt\u00f3ry trzyma\u0142 w\u00a0mieszkaniu du\u017c\u0105 ilo\u015b\u0107 narkotyk\u00f3w. Uciekaj\u0105c przed funkcjonariuszami, wyskoczy\u0142 z\u00a0drugiego pi\u0119tra, ale po&hellip;\n","protected":false},"author":2,"featured_media":408302,"comment_status":"","ping_status":"","sticky":false,"template":"","format":"standard","meta":{"footnotes":"","_share_on_mastodon":"0"},"categories":[51610],"tags":[2451,28697,1048,1064,8736,19643,4857,51778,42,38,414,9017,40,39,41,572,2225,1063],"class_list":["post-408301","post","type-post","status-publish","format-standard","has-post-thumbnail","category-gdansk","tag-areszt","tag-funkcjonariusz","tag-gdansk","tag-gdynia","tag-mieszkanie","tag-narkotyk","tag-nastolatek","tag-pietro","tag-pl","tag-poland","tag-policja","tag-policjant","tag-polish","tag-polska","tag-polski","tag-poscig","tag-sad","tag-sopot"],"share_on_mastodon":{"url":"https:\/\/pubeurope.com\/@pl\/116518170955322298","error":""},"_links":{"self":[{"href":"https:\/\/www.europesays.com\/pl\/wp-json\/wp\/v2\/posts\/408301","targetHints":{"allow":["GET"]}}],"collection":[{"href":"https:\/\/www.europesays.com\/pl\/wp-json\/wp\/v2\/posts"}],"about":[{"href":"https:\/\/www.europesays.com\/pl\/wp-json\/wp\/v2\/types\/post"}],"author":[{"embeddable":true,"href":"https:\/\/www.europesays.com\/pl\/wp-json\/wp\/v2\/users\/2"}],"replies":[{"embeddable":true,"href":"https:\/\/www.europesays.com\/pl\/wp-json\/wp\/v2\/comments?post=408301"}],"version-history":[{"count":0,"href":"https:\/\/www.europesays.com\/pl\/wp-json\/wp\/v2\/posts\/408301\/revisions"}],"wp:featuredmedia":[{"embeddable":true,"href":"https:\/\/www.europesays.com\/pl\/wp-json\/wp\/v2\/media\/408302"}],"wp:attachment":[{"href":"https:\/\/www.europesays.com\/pl\/wp-json\/wp\/v2\/media?parent=408301"}],"wp:term":[{"taxonomy":"category","embeddable":true,"href":"https:\/\/www.europesays.com\/pl\/wp-json\/wp\/v2\/categories?post=408301"},{"taxonomy":"post_tag","embeddable":true,"href":"https:\/\/www.europesays.com\/pl\/wp-json\/wp\/v2\/tags?post=408301"}],"curies":[{"name":"wp","href":"https:\/\/api.w.org\/{rel}","templated":true}]}}