{"id":408933,"date":"2026-05-05T04:23:18","date_gmt":"2026-05-05T04:23:18","guid":{"rendered":"https:\/\/www.europesays.com\/pl\/408933\/"},"modified":"2026-05-05T04:23:18","modified_gmt":"2026-05-05T04:23:18","slug":"prawdziwy-tworca-zondacrypto-sylwester-suszek-tankowal-u-niego-helikopter-kral-to-tylko-slup","status":"publish","type":"post","link":"https:\/\/www.europesays.com\/pl\/408933\/","title":{"rendered":"Prawdziwy tw\u00f3rca Zondacrypto: Sylwester Suszek tankowa\u0142 u niego helikopter. &#8222;Kral to tylko s\u0142up&#8221;"},"content":{"rendered":"<p>Onet pozna\u0142 mechanizm wyprzeda\u017cy maj\u0105tku po Suszku, kt\u00f3rej dokona\u0142 Kral. Rozmawiali\u015bmy z uczestnikami tej operacji, poznali\u015bmy akty notarialne i korespondencj\u0119 pokazuj\u0105c\u0105, jak \u00f3w maj\u0105tek zosta\u0142 wyprowadzony przy wykorzystaniu tzw. s\u0142up\u00f3w. W dokumentach odnale\u017ali\u015bmy tak\u017ce nazwisko prawnika Roberta Lewandowskiego.<\/p>\n<p>Sylwester Suszek by\u0142 tw\u00f3rc\u0105 i szefem za\u0142o\u017conej w 2014 r. gie\u0142dy kryptowalut BitBay, kt\u00f3ra p\u00f3\u017aniej zmieni\u0142a nazw\u0119 na Zondacrypto. Zagin\u0105\u0142 wiosn\u0105 2022 r.<\/p>\n<p><a href=\"https:\/\/wiadomosci.onet.pl\/swiat\/tajemnicze-zaginiecie-krola-kryptowalut-slad-wiedzie-do-dubaju\/c1rsk70\" id=\"54117d39-d60c-445c-8845-d5a3c785628f\" rel=\"nofollow noopener\" target=\"_blank\">Po raz ostatni Suszek by\u0142 widziany 10 marca 2022 r. na terenie nale\u017c\u0105cej do Mariana W., pseudonim &#8222;Maniek&#8221;, bazy paliwowej w Czeladzi w woj. \u015bl\u0105skim<\/a>. Suszek, zwany &#8222;kr\u00f3lem kryptowalut&#8221; ze wzgl\u0119du na swoj\u0105 mi\u0142o\u015b\u0107 do luksusu, zazwyczaj tam tankowa\u0142 sw\u00f3j helikopter.     <\/p>\n<p>Do chwili zagini\u0119cia Suszek zgromadzi\u0142 \u2014 poza kryptowalutami wartymi dziesi\u0105tki milion\u00f3w z\u0142otych \u2014 maj\u0105tek o znacznej warto\u015bci. Kupowa\u0142 nieruchomo\u015bci i luksusowe samochody.<\/p>\n<p> <img decoding=\"async\" src=\"https:\/\/www.europesays.com\/pl\/wp-content\/uploads\/2026\/05\/s-dk9lBaHR0cHM6Ly9vY2RuLmV1L3B1bHNjbXMvTURBXy83YTEyZDY1NDAwZWU5YjhlZjZlOWM1NjlhMmJhZGRmMi5qcGeRlQLNB.jpeg\" height=\"355\" width=\"572\" alt=\"Sylwester Suszek\" loading=\"lazy\" class=\"ods-c-image__img ods-c-image__img--viewport-width\"\/> <\/p>\n<p>Sylwester SuszekPolicja \u015al\u0105ska \/ Policja \u015al\u0105ska<\/p>\n<p> Helikopter i auta biznesmen przechowywa\u0142 w\u0142a\u015bnie w bazie w Czeladzi, u &#8222;Ma\u0144ka&#8221;, kt\u00f3rego traktowa\u0142 jako przyjaciela. <a href=\"https:\/\/wiadomosci.onet.pl\/kraj\/sylwester-suszek-mial-nagrywac-rafala-zaorskiego-dziennik-ujawnia-tasmy\/wfh8j3q\" id=\"ecca5a3f-9fea-4660-be07-f8327f362e1b\" rel=\"nofollow noopener\" target=\"_blank\">10 marca 2022 r. \u015blad po Suszku zagin\u0105\u0142, a \u015bledczy z katowickiego wydzia\u0142u Prokuratury Krajowej bezskutecznie pr\u00f3buj\u0105 ustali\u0107, co si\u0119 z nim sta\u0142o<\/a>.     <\/p>\n<p>Nieoficjalnie s\u0142yszymy, \u017ce jest bardzo ma\u0142o prawdopodobne, by m\u0119\u017cczyzna \u017cy\u0142. Wi\u0119kszo\u015b\u0107 maj\u0105tku Suszka zarejestrowana by\u0142a nie na niego, ale na zwi\u0105zane z nim sp\u00f3\u0142ki. A zatem po zagini\u0119ciu mo\u017cna by\u0142o przej\u0105\u0107 ten maj\u0105tek.<\/p>\n<p>G\u0142\u00f3wna hipoteza prokuratury jest nast\u0119puj\u0105ca: Suszek zosta\u0142 zamordowany przez swoich wsp\u00f3\u0142pracownik\u00f3w, rywalizuj\u0105cych o kontrol\u0119 nad interesami kryptowalutowymi. Do dzi\u015b jedyn\u0105 osob\u0105, jaka us\u0142ysza\u0142a w tej sprawie zarzuty, jest w\u0142a\u015bnie Marian W., czyli &#8222;Maniek&#8221;. Prokuratura przedstawi\u0142a mu zarzut udzia\u0142u w pozbawieniu Suszka wolno\u015bci. Prokuratorzy podejrzewaj\u0105, \u017ce do uprowadzenia Suszka dosz\u0142o w bazie paliwowej &#8222;Ma\u0144ka&#8221;. Podejrzenia budz\u0105 okoliczno\u015bci pobytu Suszka w firmie &#8222;Ma\u0144ka&#8221;, np. to, \u017ce akurat tego dnia wy\u0142\u0105czone zosta\u0142y znajduj\u0105ce si\u0119 tam kamery.<\/p>\n<p>&#8222;Maniek&#8221; jest dobrze znany \u015bl\u0105skim prokuratorom \u2014 oskar\u017cany jest r\u00f3wnie\u017c o kierowanie mi\u0119dzynarodow\u0105 grup\u0105 przest\u0119pcz\u0105, zajmuj\u0105c\u0105 si\u0119 nielegalnym obrotem paliwami.<\/p>\n<p>&#8222;Maniek&#8221; prawdziwym tw\u00f3rc\u0105 Zondacrypto? &#8222;Kral to tylko s\u0142up&#8221;<\/p>\n<p>To w\u0142a\u015bnie &#8222;Maniek&#8221; mia\u0142 pozna\u0107 Sylwestra Suszka ze swoim znajomym, adwokatem Przemys\u0142awem Kralem. Tu\u017c przed zagini\u0119ciem Suszek przekaza\u0142 Kralowi prowadzenie gie\u0142dy. Kral zmieni\u0142 jej nazw\u0119 najpierw na Zonda, a nast\u0119pnie na Zondacrypto i przeni\u00f3s\u0142 siedzib\u0119 z Polski do Estonii. Sam wyjecha\u0142 do Monako \u2014 nieoficjalnie wiemy, \u017ce obawia\u0142 si\u0119 zatrzymania.<\/p>\n<p> <img decoding=\"async\" src=\"https:\/\/www.europesays.com\/pl\/wp-content\/uploads\/2026\/05\/_cBk9lCaHR0cHM6Ly9vY2RuLmV1L3B1bHNjbXMvTURBXy82OTc3ZDJiM2VjZWY2NDBmODcyZjQ2ZDE2OWQzMjdkYS5qcGVnkZUCz.jpeg\" height=\"663\" width=\"940\" alt=\"Sylwester Suszek i Marian W. pseud. &quot;Maniek&quot; \" loading=\"lazy\" class=\"ods-c-image__img ods-c-image__img--viewport-width\"\/> <\/p>\n<p>Sylwester Suszek i Marian W. pseud. &#8222;Maniek&#8221;\u0179r\u00f3d\u0142o: Superwizjer TVN<\/p>\n<p> Stamt\u0105d kierowa\u0142 gie\u0142d\u0105 i promowa\u0142 j\u0105 w\u015br\u00f3d polityk\u00f3w polskiej prawicy \u2014 <a href=\"https:\/\/www.onet.pl\/kultura\/onetkultura\/miliony-zondacrypto-trafialy-do-tv-republika-szef-stacji-reaguje\/mkctemc,681c1dfa\" id=\"aa1b4fc4-f229-4dbc-b5f2-24f401c92615\" rel=\"nofollow noopener\" target=\"_blank\">Zondacrypto finansowa\u0142a Telewizj\u0119 Republika<\/a> i by\u0142a sponsorem prawicowej konferencji CPAC w Jasionce, <a href=\"https:\/\/businessinsider.com.pl\/polityka\/cpac-polska-karol-nawrocki-andrzej-duda-i-inni-konserwatywni-politycy-spotykaja-sie\/9grfeym\" id=\"0931ae32-8701-4ace-b253-fa51b4eb6615\" rel=\"nofollow noopener\" target=\"_blank\">gdzie pojawi\u0142 si\u0119 m.in. \u00f3wczesny kandydat na prezydenta Karol Nawrocki<\/a>.     Kiedy na pocz\u0105tku marca serwis Money.pl zacz\u0105\u0142 informowa\u0107, \u017ce Zondacrypto ma problemy z wyp\u0142at\u0105 pieni\u0119dzy osobom, kt\u00f3re zainwestowa\u0142y w kryptowaluty, Kral znikn\u0105\u0142. Jak informowali\u015bmy w Onecie, <a href=\"https:\/\/wiadomosci.onet.pl\/kraj\/przemyslaw-kral-w-izraelu-prokuratura-reaguje-nie-interesowalismy-sie-tym\/spct55c\" id=\"18c72ec9-a678-4ff2-906c-ea8a3e822000\" rel=\"nofollow noopener\" target=\"_blank\">z Monako ewakuowa\u0142 si\u0119 do Izraela<\/a>, gdzie mia\u0142 kupi\u0107 dom w miejscowo\u015bci Cezarea niedaleko Hajfy.<\/p>\n<p>\u2014 Przez ca\u0142y ten czas, od przenosin do Monako, towarzyszy mu &#8222;Maniek&#8221;, kt\u00f3ry, wedle naszych ustale\u0144, jest rzeczywistym tw\u00f3rc\u0105 i szefem gie\u0142dy. Kral, tak jak wcze\u015bniej Suszek, to wy\u0142\u0105cznie jego s\u0142up \u2014 opowiada nasze \u017ar\u00f3d\u0142o w Prokuraturze Krajowej, zaznajomione z kulisami \u015bledztwa.<\/p>\n<p> <img decoding=\"async\" src=\"https:\/\/www.europesays.com\/pl\/wp-content\/uploads\/2026\/05\/PWak9lCaHR0cHM6Ly9vY2RuLmV1L3B1bHNjbXMvTURBXy9iZWZhNDgyNjcwOWJmNDBkMzU0NmFiN2RiNGU1OTZjMi5qcGVnkpUDA.jpeg\" height=\"434\" width=\"940\" alt=\"Marian W. pseud. &quot;Maniek&quot; (z lewej) w towarzystwie Przemys\u0142awa Krala (z prawej) i ich partnerek podczas wsp\u00f3lnego rejsu \" loading=\"lazy\" class=\"ods-c-image__img ods-c-image__img--viewport-width\"\/> <\/p>\n<p>Marian W. pseud. &#8222;Maniek&#8221; (z lewej) w towarzystwie Przemys\u0142awa Krala (z prawej) i ich partnerek podczas wsp\u00f3lnego rejsu\u0179r\u00f3d\u0142o: Zdj\u0119cia w\u0142asne<\/p>\n<p> <a href=\"https:\/\/www.onet.pl\/informacje\/onetwiadomosci\/wiemy-dokad-uciekl-prezes-zondacrypto-przemyslaw-kral-jest-w-izraelu-ustalenia-onetu\/0kgmq8f,79cfc278\" id=\"d54ff1ea-4122-4967-8336-817e40419b2b\" rel=\"nofollow noopener\" target=\"_blank\">Wed\u0142ug najnowszych ustale\u0144 prokurator\u00f3w obaj panowie po wizycie w Izraelu wyjechali do Dubaju.<\/a> <\/p>\n<p>\u2014 Zakupione przez nich nieruchomo\u015bci w Izraelu wymagaj\u0105 remont\u00f3w, wi\u0119c postanowili poczeka\u0107 w Zjednoczonych Emiratach Arabskich. Zar\u00f3wno &#8222;Maniek&#8221; jak i Kral s\u0105 tam ze swoimi rodzinami. Od d\u0142u\u017cszego czasu dzia\u0142aj\u0105 razem i s\u0105 praktycznie nieroz\u0142\u0105czni \u2014 s\u0142yszymy.<\/p>\n<p>     Rozmawiamy ze s\u0142upem. Tak wyprowadzali maj\u0105tek<\/p>\n<p>Sylwester Suszek zagin\u0105\u0142 w 2022 r., ale jeszcze przez blisko rok pozostawa\u0142 formalnym prezesem zarejestrowanej w Luksemburgu sp\u00f3\u0142ki S&amp;B Investment, b\u0119d\u0105cej w\u0142a\u015bcicielem gie\u0142dy Zondacrypto. W listopadzie 2023 r. zast\u0105pi\u0142 go na tym stanowisku Przemys\u0142aw Kral, kt\u00f3ry natychmiast przyst\u0105pi\u0142 do wyprzeda\u017cy maj\u0105tku po Suszku.<\/p>\n<p>Poznali\u015bmy kulisy jednej z takich operacji, widzieli\u015bmy dokumentacj\u0119 i rozmawiali\u015bmy z cz\u0142owiekiem, kt\u00f3ry zosta\u0142 w niej wykorzystany jako tzw. s\u0142up.<a href=\"https:\/\/www.onet.pl\/informacje\/onetwiadomosci\/zondacrypto-pod-lupa-sledczych-setki-poszkodowanych-i-zaginiecie-krola-kryptowalut\/8fwlsvc,79cfc278\" id=\"7f61a488-3c8a-495c-bcc5-a94de309a66d\" rel=\"nofollow noopener\" target=\"_blank\"> Robert sam woli okre\u015blenie &#8222;po\u015brednik&#8221;.<\/a><\/p>\n<p>Robert pozna\u0142 Przemys\u0142awa Krala osobi\u015bcie i odwiedza\u0142 go na Lazurowym Wybrze\u017cu. P\u00f3\u017aniej bra\u0142 udzia\u0142 w operacji sprzeda\u017cy nale\u017c\u0105cej do Suszka nieruchomo\u015bci zarejestrowanej w Szwajcarii sp\u00f3\u0142ce Swiss Inter Group AG. Cho\u0107 to firma zagraniczna, jest kontrolowana przez znanych warszawskich po\u015brednik\u00f3w w obrocie nieruchomo\u015bciami.<\/p>\n<p>      <img decoding=\"async\" src=\"https:\/\/www.europesays.com\/pl\/wp-content\/uploads\/2026\/05\/uQIk9lBaHR0cHM6Ly9vY2RuLmV1L3B1bHNjbXMvTURBXy85ZmQ0MjhlOTI2YTRjMzYzZTU3ZWY1ZjUyNzIwNDY1ZS5qcGeRlQLNB.jpeg\" height=\"640\" width=\"423\" alt=\"Ukrywaj\u0105cy si\u0119 zagranic\u0105 prezes Zondacrypto Przemys\u0142aw Kral\" loading=\"lazy\" class=\"ods-c-image__img ods-c-image__img--vertical\"\/> <\/p>\n<p>Ukrywaj\u0105cy si\u0119 zagranic\u0105 prezes Zondacrypto Przemys\u0142aw KralZondacrypto \/ zondacrypto<\/p>\n<p>Nasz rozm\u00f3wca nie zgadza si\u0119 na ujawnienie swoich danych. Jego relacj\u0119 potwierdzili\u015bmy jednak w kilku innych \u017ar\u00f3d\u0142ach, tak\u017ce w prokuraturze.<\/p>\n<p>\u2014 Po zebraniu ca\u0142ej dokumentacji uda\u0142em si\u0119 z narzeczon\u0105 do Nicei, by dokona\u0107 transakcji. Na miejscu pozna\u0142em osobi\u015bcie Przemys\u0142awa Krala, zamieni\u0142em z nim kilka zda\u0144 i podpisali\u015bmy dokumenty. Zostawili\u015bmy je u notariusza, aby ten do\u0142o\u017cy\u0142 do nich klauzul\u0119 apostille [mi\u0119dzynarodowe po\u015bwiadczenie autentyczno\u015bci dokumentu] i potem odes\u0142a\u0142 je do mnie do Polski \u2014 s\u0142yszymy.<\/p>\n<p> <img decoding=\"async\" src=\"https:\/\/www.europesays.com\/pl\/wp-content\/uploads\/2026\/05\/7SHk9lCaHR0cHM6Ly9vY2RuLmV1L3B1bHNjbXMvTURBXy9mMjFmNzUxYTRkYTYzZTJiOTJmMGI2MTIzNzI0YzJiNy5qcGVnkZUCz.jpeg\" height=\"434\" width=\"940\" alt=\"Marian W. pseud. &quot;Maniek&quot; podczas wsp\u00f3lnej biesiady z Przemys\u0142awem Kralem, kt\u00f3ry przej\u0105\u0142 gie\u0142d\u0119 po zaginionym Sylwestrze Suszku \" loading=\"lazy\" class=\"ods-c-image__img ods-c-image__img--viewport-width\"\/> <\/p>\n<p>Marian W. pseud. &#8222;Maniek&#8221; podczas wsp\u00f3lnej biesiady z Przemys\u0142awem Kralem, kt\u00f3ry przej\u0105\u0142 gie\u0142d\u0119 po zaginionym Sylwestrze Suszku\u0179r\u00f3d\u0142o: Zdj\u0119cia w\u0142asne<\/p>\n<p>Kral zrobi\u0142 na nim dobre wra\u017cenie. \u2014 Podczas rozmowy dowiedzia\u0142 si\u0119, \u017ce pierwszy raz jestem w Nicei. Powiedzia\u0142, \u017ce jest fajna restauracja w Monako, do kt\u00f3rej mo\u017cna pojecha\u0107 poci\u0105giem. Za\u017cartowa\u0142em, \u017ce nie bardzo mnie sta\u0107 na restauracje w Monako i zako\u0144czy\u0142em temat. Ku mojemu zaskoczeniu, nied\u0142ugo p\u00f3\u017aniej przys\u0142a\u0142 mi wiadomo\u015b\u0107 na WhatsApp z pro\u015bb\u0105, bym za\u0142o\u017cy\u0142 konto na jednej z aplikacji do bezpiecznych p\u0142atno\u015bci w internecie. Kiedy to zrobi\u0142em, przela\u0142 mi 1 tys. euro z dopiskiem &#8222;zabierz narzeczon\u0105 na obiad&#8221; \u2014 dodaje.<\/p>\n<p>     Papiery od prawnika Roberta Lewandowskiego<\/p>\n<p>Nasz rozm\u00f3wca bra\u0142 udzia\u0142 w operacji sprzeda\u017cy sp\u00f3\u0142ki zajmuj\u0105cej si\u0119 nieruchomo\u015bciami, Murano Estate sp. z o.o., oraz powi\u0105zanej z ni\u0105 sp\u00f3\u0142ki komandytowej.<\/p>\n<p>Murano Estate zosta\u0142a zarejestrowana w 2014 r. w Warszawie. W 2021 r. udzia\u0142y w niej przej\u0119\u0142a sp\u00f3\u0142ka S&amp;B Investment, a jej prezesem zosta\u0142a Anna P., wieloletnia znajoma i zaufana wsp\u00f3\u0142pracownica &#8222;Ma\u0144ka&#8221;.<\/p>\n<p> <img decoding=\"async\" src=\"https:\/\/www.europesays.com\/pl\/wp-content\/uploads\/2026\/05\/8_Pk9lBaHR0cHM6Ly9vY2RuLmV1L3B1bHNjbXMvTURBXy80MDc1NjllNzBmNjc2MjczZGMwZTRkYjRmMDcyNGVkZi5qcGeRlQLNB.jpeg\" height=\"453\" width=\"394\" alt=\"Fragment sprawozdania z dzia\u0142alno\u015bci sp\u00f3\u0142ki Murano Estate za 2024 r.\" loading=\"lazy\" class=\"ods-c-image__img ods-c-image__img--vertical\"\/> <\/p>\n<p>Fragment sprawozdania z dzia\u0142alno\u015bci sp\u00f3\u0142ki Murano Estate za 2024 r.\u0179r\u00f3d\u0142o: rejestr.io<\/p>\n<p>Murano Estate sp. z o.o. i Murano Estate sp\u00f3\u0142ka komandytowa zmieni\u0142y w\u0142a\u015bciciela 6 marca 2024 r. Tego w\u0142a\u015bnie dnia przed francuskim notariuszem Renaudem Jeanmouginem w jego kancelarii w Nicei stawili si\u0119 Przemys\u0142aw Kral i &#8222;po\u015brednik&#8221; Robert.<\/p>\n<p> <img decoding=\"async\" src=\"https:\/\/www.europesays.com\/pl\/wp-content\/uploads\/2026\/05\/qj4k9lBaHR0cHM6Ly9vY2RuLmV1L3B1bHNjbXMvTURBXy85Yzc5ODM2MTIwNzcyMzNjZGI0OTQ0OTM3M2IwYzcwYS5qcGeRlQLNB.jpeg\" height=\"400\" width=\"321\" alt=\"Pe\u0142nomocnictwo dla Przemys\u0142awa Krala do wyst\u0119powania w imieniu sp\u00f3\u0142ki S&amp;B Investment\" loading=\"lazy\" class=\"ods-c-image__img ods-c-image__img--vertical\"\/> <\/p>\n<p>Pe\u0142nomocnictwo dla Przemys\u0142awa Krala do wyst\u0119powania w imieniu sp\u00f3\u0142ki S&amp;B Investment\u0179r\u00f3d\u0142o: Zdj\u0119cia w\u0142asne<\/p>\n<p>Po\u015brednik ma pe\u0142nomocnictwo do reprezentowania sp\u00f3\u0142ki Swiss Inter Group AG, nale\u017c\u0105cej do warszawskich po\u015brednik\u00f3w nieruchomo\u015bci. Dokument do dzia\u0142ania w ich imieniu wystawi\u0142 mu adwokat Kamil Gorzelnik, przyjaciel i wsp\u00f3\u0142pracownik Roberta Lewandowskiego.<\/p>\n<p>      <img decoding=\"async\" src=\"https:\/\/www.europesays.com\/pl\/wp-content\/uploads\/2026\/05\/7F-k9lBaHR0cHM6Ly9vY2RuLmV1L3B1bHNjbXMvTURBXy8zMDNmNzIxYmJhYjk0OTg1YmMxMmMzMGNlN2RmYTIzMi5qcGeRlQLNB.jpeg\" height=\"460\" width=\"347\" alt=\"Pe\u0142nomocnictwo wystawione przez mec. Kamila Gorzelnika dla s\u0142upa Roberta \" loading=\"lazy\" class=\"ods-c-image__img ods-c-image__img--vertical\"\/> <\/p>\n<p>Pe\u0142nomocnictwo wystawione przez mec. Kamila Gorzelnika dla s\u0142upa Roberta\u0179r\u00f3d\u0142o: Zdj\u0119cia w\u0142asne<\/p>\n<p>Kiedy dzwonimy do niego w ub. tygodniu, adwokat zas\u0142ania si\u0119 niepami\u0119ci\u0105. Nie kojarzy, by kiedykolwiek mia\u0142 cokolwiek wsp\u00f3lnego z transakcjami z osobami zwi\u0105zanymi z kryptowalutami.<\/p>\n<p> <img decoding=\"async\" src=\"https:\/\/www.europesays.com\/pl\/wp-content\/uploads\/2026\/05\/JYZk9lBaHR0cHM6Ly9vY2RuLmV1L3B1bHNjbXMvTURBXy8yNzA1NmEwYmRhOWE3M2JhMmU5NzM2NGZkNDllZTUxMy5qcGeRlQLNB.jpeg\" height=\"398\" width=\"473\" alt=\"Mecenas Kamil Gorzelnik, pe\u0142nomocnik sp\u00f3\u0142ki Swiss Inter Group AG \" loading=\"lazy\" class=\"ods-c-image__img ods-c-image__img--viewport-width\"\/> <\/p>\n<p>Mecenas Kamil Gorzelnik, pe\u0142nomocnik sp\u00f3\u0142ki Swiss Inter Group AG\u0179r\u00f3d\u0142o: https:\/\/gnlaw.com.pl\/<\/p>\n<p> <a href=\"https:\/\/przegladsportowy.onet.pl\/pilka-nozna\/9-godz-przesluchania-goraco-ws-lewandowskiego-nagle-pada-przebierancy\/j4kxwlm\" id=\"47ee7655-2719-491c-a623-b837f8b6d2dc\" rel=\"nofollow noopener\" target=\"_blank\">\u2014 Nie pami\u0119tam takiej transakcji, nie kojarz\u0119 sp\u00f3\u0142ek ani nazwisk, o kt\u00f3rych pan m\u00f3wi. Prowadz\u0119 wiele tego typu transakcji, ale tej nie pami\u0119tam \u2014 twierdzi mec. Gorzelnik.<\/a><\/p>\n<p>Za udzia\u0142y w Murano Estate sp\u00f3\u0142ce z o.o. szwajcarska firma polskich biznesmen\u00f3w p\u0142aci szefowi Zondacrypto jedynie 5 tys. z\u0142. To dok\u0142adnie tyle, ile wynosi\u0142 jej kapita\u0142 zak\u0142adowy. Jednocze\u015bnie jednak za sp\u00f3\u0142k\u0119 komandytow\u0105 Swiss Inter Group AG p\u0142aci 15 mln z\u0142.<\/p>\n<p>Strony dochodz\u0105 do porozumienia, \u017ce kwota ta zostanie podzielona na trzy raty i b\u0119dzie p\u0142atna w kryptowalutach. A dok\u0142adnie w walucie <a href=\"https:\/\/businessinsider.com.pl\/gielda\/kryptowaluty\/jak-tether-walczy-z-finansowaniem-terroryzmu-przez-kryptowaluty\/dhcx7kq\" id=\"725c3d88-9845-4b0d-b44e-21f95155d853\" rel=\"nofollow noopener\" target=\"_blank\">tether (USDT)<\/a>, zwanej stablecoinem. <img decoding=\"async\" src=\"https:\/\/www.europesays.com\/pl\/wp-content\/uploads\/2026\/05\/wUvk9lBaHR0cHM6Ly9vY2RuLmV1L3B1bHNjbXMvTURBXy85ZDdkM2I4NWQxMTVlYzU2NGU5YjlmMmM2MzAyYmFmOC5qcGeRlQLNB.jpeg\" height=\"352\" width=\"483\" alt=\"Porozumienie dot. sposobu zap\u0142aty za obowi\u0105zki komandytariusza w sp\u00f3\u0142ce Murano Estate\" loading=\"lazy\" class=\"ods-c-image__img ods-c-image__img--viewport-width\"\/> <\/p>\n<p>Porozumienie dot. sposobu zap\u0142aty za obowi\u0105zki komandytariusza w sp\u00f3\u0142ce Murano Estate\u0179r\u00f3d\u0142o: Zdj\u0119cia w\u0142asne<\/p>\n<p>Cena nie wydaje si\u0119 wyg\u00f3rowana, poniewa\u017c sp\u00f3\u0142ki Murano Estate s\u0105 w\u00f3wczas w\u0142a\u015bcicielami kilku bardzo atrakcyjnych nieruchomo\u015bci w Warszawie i na G\u00f3rnym \u015al\u0105sku. W stolicy nale\u017cy do niej ogromny, licz\u0105cy prawie 800 m kw. lokal us\u0142ugowy, usytuowany w ekskluzywnym apartamentowcu Casa del Arte przy ul. Nowolipie na warszawskim \u015ar\u00f3dmie\u015bciu.<\/p>\n<p>      <img decoding=\"async\" src=\"https:\/\/www.europesays.com\/pl\/wp-content\/uploads\/2026\/05\/SrDk9lBaHR0cHM6Ly9vY2RuLmV1L3B1bHNjbXMvTURBXy8wN2E2NWM5OGMzYmJhNTkwZjE2ZmMwZTg0NDk4ODJjOS5qcGeRlQLNB.jpeg\" height=\"276\" width=\"725\" alt=\"Apartamentowiec Cala del Arte przy ul. Nowolipie 7A w Warszawie \" loading=\"lazy\" class=\"ods-c-image__img ods-c-image__img--viewport-width\"\/> <\/p>\n<p>Apartamentowiec Cala del Arte przy ul. Nowolipie 7A w Warszawie\u0179r\u00f3d\u0142o: Google Maps, Wikimedia<\/p>\n<p>W Katowicach Murano Estate jest w\u0142a\u015bcicielem zabudowanej dzia\u0142ki przy ul. Ko\u015bciuszki, a w Gliwicach \u2014 teren\u00f3w budowlanych, na kt\u00f3rych znajduje si\u0119 dyskont jednej ze znanych marek.<\/p>\n<p>141 tys. euro dla s\u0142upa. &#8222;Prosz\u0119 przes\u0142a\u0107, co potrzeba&#8221;<\/p>\n<p>Za swoje po\u015brednictwo s\u0142up Robert otrzymuje zap\u0142at\u0119 \u2014 141 tys. 300 euro, czyli w przeliczeniu na z\u0142ot\u00f3wki blisko 630 tys. z\u0142.<\/p>\n<p><a href=\"https:\/\/wiadomosci.onet.pl\/kraj\/przemyslaw-kral-w-izraelu-prokuratura-reaguje-nie-interesowalismy-sie-tym\/spct55c\" id=\"f7a1d5eb-3487-4787-b208-2b6fee45aed5\" rel=\"nofollow noopener\" target=\"_blank\">Cho\u0107 wedle pe\u0142nomocnictwa wystawionego przez prawnika Lewandowskiego s\u0142up reprezentowa\u0142 w transakcji szwajcarsk\u0105 sp\u00f3\u0142k\u0119 polskich biznesmen\u00f3w, to nie oni p\u0142ac\u0105 mu t\u0119 prowizj\u0119.<\/a> P\u0142aci Kral z pieni\u0119dzy Zondacrypto.<\/p>\n<p>\u015awiadczy o tym korespondencja, jak\u0105 s\u0142up prowadzi\u0142 na ten temat z szefem Zondacrypto oraz jego wsp\u00f3\u0142pracowniczk\u0105 Ann\u0105 P. Charakterystyczne jest to, \u017ce korespondencja prowadzona jest jesieni\u0105 2023 r., czyli niemal p\u00f3\u0142 roku przed zawarciem umowy. To pokazuje, \u017ce udzia\u0142 s\u0142upa w transakcji zosta\u0142 ustalony z du\u017cym wyprzedzeniem przez Krala.<\/p>\n<p>&#8222;Szanowny Panie Przemys\u0142awie, nasz bank poprosi\u0142 nas o wi\u0119cej informacji na temat transakcji obj\u0119tej faktur\u0105 na kwot\u0119 141 tys. 300 euro. Czy, tak jak wspomina\u0142em wcze\u015bniej, mo\u017cemy podpisa\u0107 umow\u0119 na po\u015brednictwo sprzeda\u017cy? Ewentualnie mo\u017ce jakie\u015b o\u015bwiadczenie od pa\u0144stwa, \u017ce faktura to wynagrodzenie za po\u015brednictwo?&#8221; \u2014 dopytuje w\u0142a\u015bciciela Zondacrypto s\u0142up Robert 18 pa\u017adziernika o godz. 11.47.<\/p>\n<p>Kral odpowiada mu ju\u017c po siedmiu minutach: &#8222;Prosz\u0119 przes\u0142a\u0107, co potrzeba&#8221;<\/p>\n<p> <img decoding=\"async\" src=\"https:\/\/www.europesays.com\/pl\/wp-content\/uploads\/2026\/05\/wKGk9lBaHR0cHM6Ly9vY2RuLmV1L3B1bHNjbXMvTURBXy9kMTFiNjI2NWEwOTEwZTA5YjA0Zjc0ZDBiZjc5MDYwNC5qcGeRlQLNB.jpeg\" height=\"389\" width=\"523\" alt=\"Korespondencja pomi\u0119dzy s\u0142upem Robertem i Przemys\u0142awem Kralem\" loading=\"lazy\" class=\"ods-c-image__img ods-c-image__img--viewport-width\"\/> <\/p>\n<p>Korespondencja pomi\u0119dzy s\u0142upem Robertem i Przemys\u0142awem Kralem\u0179r\u00f3d\u0142o: Zdj\u0119cia w\u0142asne<\/p>\n<p>S\u0142up Robert nie chce rozmawia\u0107 o tym, \u017ce zarobionymi pieni\u0119dzmi d\u0142ugo si\u0119 nie nacieszy\u0142. Ale wiemy, \u017ce za namow\u0105 Krala zainwestowa\u0142 je \u2014 plus dodatkowe kilkaset tysi\u0119cy z\u0142otych oszcz\u0119dno\u015bci \u2014 w kryptowaluty.<\/p>\n<p>Oczywi\u015bcie za po\u015brednictwem Zondacrypto.<\/p>\n<p>Za 220 tys. z\u0142 kupi\u0142 bitcoiny, za 216 tys. z\u0142 walut\u0119 ether, a 224 tys. z\u0142 ulokowa\u0142 w tokenach samej Zondacrypto. Po kilka tysi\u0119cy z\u0142otych zainwestowa\u0142 jeszcze w <a href=\"https:\/\/businessinsider.com.pl\/finanse\/rodzina-donalda-trumpa-stawia-na-kryptowaluty-tyle-mogli-zarobic\/0kt5e4s\" id=\"8f201288-1289-4028-bc22-6cdf810cdfe2\" rel=\"nofollow noopener\" target=\"_blank\">kryptowaluty Donalda i Melanii Trump<\/a>.     <\/p>\n<p>Dzi\u015b, jak dziesi\u0105tki tysi\u0119cy innych os\u00f3b, jest poszkodowany przez Zondacrypto.<\/p>\n","protected":false},"excerpt":{"rendered":"Onet pozna\u0142 mechanizm wyprzeda\u017cy maj\u0105tku po Suszku, kt\u00f3rej dokona\u0142 Kral. Rozmawiali\u015bmy z uczestnikami tej operacji, poznali\u015bmy akty notarialne&hellip;\n","protected":false},"author":2,"featured_media":408934,"comment_status":"","ping_status":"","sticky":false,"template":"","format":"standard","meta":{"footnotes":"","_share_on_mastodon":"0"},"categories":[12],"tags":[56,28016,3290,61195,32,33,36,37,27,4320,15327,3835,34,35,946,28,31,48,25,46,42,38,40,39,41,1627,75235,47,75666,29,30,341,26,17994],"class_list":["post-408933","post","type-post","status-publish","format-standard","has-post-thumbnail","category-polska","tag-article_premium","tag-bitbay","tag-bitcoin","tag-bottomfeed_styl","tag-breaking-news","tag-breakingnews","tag-featured-news","tag-featurednews","tag-headlines","tag-katowice","tag-kryptowaluta","tag-kryptowaluty","tag-latest-news","tag-latestnews","tag-monako","tag-naglowki","tag-najwazniejsze-artykuly","tag-nat_styl","tag-news","tag-omp","tag-pl","tag-poland","tag-polish","tag-polska","tag-polski","tag-prokuratura","tag-przemyslaw_kral","tag-screening_general","tag-sylwester_suszek","tag-top-stories","tag-topstories","tag-tylko_w_onecie","tag-wiadomosci","tag-zondacrypto"],"share_on_mastodon":{"url":"","error":"Validation failed: Text character limit of 500 exceeded"},"_links":{"self":[{"href":"https:\/\/www.europesays.com\/pl\/wp-json\/wp\/v2\/posts\/408933","targetHints":{"allow":["GET"]}}],"collection":[{"href":"https:\/\/www.europesays.com\/pl\/wp-json\/wp\/v2\/posts"}],"about":[{"href":"https:\/\/www.europesays.com\/pl\/wp-json\/wp\/v2\/types\/post"}],"author":[{"embeddable":true,"href":"https:\/\/www.europesays.com\/pl\/wp-json\/wp\/v2\/users\/2"}],"replies":[{"embeddable":true,"href":"https:\/\/www.europesays.com\/pl\/wp-json\/wp\/v2\/comments?post=408933"}],"version-history":[{"count":0,"href":"https:\/\/www.europesays.com\/pl\/wp-json\/wp\/v2\/posts\/408933\/revisions"}],"wp:featuredmedia":[{"embeddable":true,"href":"https:\/\/www.europesays.com\/pl\/wp-json\/wp\/v2\/media\/408934"}],"wp:attachment":[{"href":"https:\/\/www.europesays.com\/pl\/wp-json\/wp\/v2\/media?parent=408933"}],"wp:term":[{"taxonomy":"category","embeddable":true,"href":"https:\/\/www.europesays.com\/pl\/wp-json\/wp\/v2\/categories?post=408933"},{"taxonomy":"post_tag","embeddable":true,"href":"https:\/\/www.europesays.com\/pl\/wp-json\/wp\/v2\/tags?post=408933"}],"curies":[{"name":"wp","href":"https:\/\/api.w.org\/{rel}","templated":true}]}}