{"id":409632,"date":"2026-05-05T11:41:09","date_gmt":"2026-05-05T11:41:09","guid":{"rendered":"https:\/\/www.europesays.com\/pl\/409632\/"},"modified":"2026-05-05T11:41:09","modified_gmt":"2026-05-05T11:41:09","slug":"lublin-zbiorka-ku-pamieci-tragicznie-zmarlego-posla-lukasza-litewki-w-centrum-beda-zbierac-dary-dla-zwierzat","status":"publish","type":"post","link":"https:\/\/www.europesays.com\/pl\/409632\/","title":{"rendered":"Lublin: Zbi\u00f3rka ku pami\u0119ci tragicznie zmar\u0142ego pos\u0142a \u0141ukasza Litewki. W centrum b\u0119d\u0105 zbiera\u0107 dary dla zwierz\u0105t"},"content":{"rendered":"<p><img decoding=\"async\" data-not-lazy=\"\" alt=\"Lublin: Zbi\u00f3rka ku pami\u0119ci tragicznie zmar\u0142ego pos\u0142a \u0141ukasza Litewki. W centrum b\u0119d\u0105 zbiera\u0107 dary dla zwierz\u0105t - Zdj\u0119cie g\u0142\u00f3wne\" style=\"object-fit:cover;object-position:center;position:absolute;left:0;top:0;width:100%;height:100%;\" src=\"https:\/\/www.europesays.com\/pl\/wp-content\/uploads\/2026\/05\/f1d6b4f5-7ceb-414b-8eb6-cb70ade6b90b.webp\"\/><\/p>\n<p>Autor: Screen &#8211; Schronisko dla Zwierz\u0105t w Lublinie\/Facebook | Opis: Zbi\u00f3rka odb\u0119dzie si\u0119 5 maja.<\/p>\n<p>&#8222;Wsp\u00f3lnie zr\u00f3bmy co\u015b dobrego&#8221;<\/p>\n<p style=\"text-align: justify;\">Schronisko dla Bezdomnych Zwierz\u0105t mieszcz\u0105ce si\u0119 przy ul. Metalurgicznej zaprasza do uczestnictwaw zb\u00f3rce ku pami\u0119ci \u0141ukasza Litewki &#8211; niedawno zmar\u0142ego pos\u0142a.\u00a0<\/p>\n<p>\u00a0<\/p>\n<p>&#8211; Wsp\u00f3lnie zr\u00f3bmy co\u015b dobrego dla tych, kt\u00f3rzy najbardziej tego potrzebuj\u0105. Podczas wydarzenia b\u0119dziemy zbiera\u0107 dary dla zwierz\u0105t &#8211; zapowiada Schronisko dla Bezdomnych Zwierz\u0105t w Lublinie na swoim profilu Facebook. &#8211; Razem mo\u017cemy zrobi\u0107 co\u015b naprawd\u0119 wa\u017cnego. Do zobaczenia!<\/p>\n<p>\u00a0<\/p>\n<p>Schronisko dodaje, \u017ce najbardziej potrzebne rzeczy to: karma mokra i sucha dla kot\u00f3w z wysok\u0105 zawarto\u015bci\u0105 mi\u0119sa, mleko dla koci\u0105t, karma sucha i mokra dla ps\u00f3w z wysok\u0105 zawarto\u015bci\u0105 mi\u0119sa. Dodatkowo: ubranka pooperacyjne, oraz suplementy: na w\u0105trob\u0119, na stawy, na serce, na sk\u00f3r\u0119, \u00a0probiotyki. Zbierane b\u0119d\u0105 te\u017c banda\u017ce samoprzylepne typu Flex, r\u0119kawiczki ja\u0142owe (rozm. 6,5 i 7),\u00a0 zabawki i akcesoria, smycze d\u0142ugie, \u015brodki czysto\u015bci.<\/p>\n<p>\u00a0<\/p>\n<p>Zbi\u00f3rka odb\u0119dzie si\u0119 5 maja w godzinach 17:00-19:00 na Placu Litewskim.<\/p>\n<p>\u00a0<\/p>\n<p>Kim by\u0142 \u0141ukasz Litewka?<\/p>\n<p>\u00a0<\/p>\n<p>\u0141ukasz Litewka by\u0142 pos\u0142em reprezentuj\u0105cym Now\u0105 Lewic\u0119 w X kadencji &#8211; obecnie trwaj\u0105cej. By\u0142 marketingowcem, a tak\u017ce dzia\u0142aczem spo\u0142ecznym. Uko\u0144czy\u0142 studia licencjackie z socjologii na Wydziale Nauk Spo\u0142ecznych Uniwersytetu \u015al\u0105skiego. Pracowa\u0142 w biurze poselskim Czarzastego.<\/p>\n<p>\u00a0<\/p>\n<p>W wyborach samorz\u0105dowych w 2014 zosta\u0142 wybrany na radnego Sosnowca z listy koalicji SLD Lewica Razem. W wyborach w 2018 z powodzeniem ubiega\u0142 si\u0119 o reelekcj\u0119, funkcj\u0119 radnego pe\u0142ni\u0142 do 2023. Inicjowa\u0142 akcje spo\u0142eczne, w szczeg\u00f3lno\u015bci maj\u0105ce pom\u00f3c dzieciom z niepe\u0142nosprawno\u015bciami oraz porzuconym zwierz\u0119tom. By\u0142 cz\u0142onkiem Komisji Rolnictwa i Rozwoju Wsi oraz Komisji Samorz\u0105du Terytorialnego i Polityki Regionalnej, a tak\u017ce zast\u0119pc\u0105 przewodnicz\u0105cego Komisji do Spraw Unii Europejskiej i Komisji Nadzwyczajnej do spraw ochrony zwierz\u0105t.<\/p>\n<p>\u00a0<\/p>\n<p>Do wypadku, w wyniku kt\u00f3rego Litewka zgin\u0105\u0142, dosz\u0142o 23 kwietnia. w D\u0105browie G\u00f3rniczej. Polityk zosta\u0142 potr\u0105cony przez auto, gdy jecha\u0142 rowerem. Za kierownic\u0105 samochodu siedzia\u0142 57-latek. Postawiony zosta\u0142 mu zarzut spowodowania wypadku ze skutkiem \u015bmiertelnym. Litewka mia\u0142 36 lat. W ubieg\u0142ym tygodniu odby\u0142 si\u0119 jego pogrzeb.<\/p>\n","protected":false},"excerpt":{"rendered":"Autor: Screen &#8211; Schronisko dla Zwierz\u0105t w Lublinie\/Facebook | Opis: Zbi\u00f3rka odb\u0119dzie si\u0119 5 maja. &#8222;Wsp\u00f3lnie zr\u00f3bmy co\u015b&hellip;\n","protected":false},"author":2,"featured_media":409633,"comment_status":"","ping_status":"","sticky":false,"template":"","format":"standard","meta":{"footnotes":"","_share_on_mastodon":"0"},"categories":[51612],"tags":[1081,10378,42,52442,38,40,39,41,75880,75879],"class_list":["post-409632","post","type-post","status-publish","format-standard","has-post-thumbnail","category-lublin","tag-lublin","tag-lukasz-litewka","tag-pl","tag-plac-litewski","tag-poland","tag-polish","tag-polska","tag-polski","tag-schronisko-dla-zwierzat-w-lublinie","tag-zwierzeta-lublin"],"share_on_mastodon":{"url":"https:\/\/pubeurope.com\/@pl\/116521788079784320","error":""},"_links":{"self":[{"href":"https:\/\/www.europesays.com\/pl\/wp-json\/wp\/v2\/posts\/409632","targetHints":{"allow":["GET"]}}],"collection":[{"href":"https:\/\/www.europesays.com\/pl\/wp-json\/wp\/v2\/posts"}],"about":[{"href":"https:\/\/www.europesays.com\/pl\/wp-json\/wp\/v2\/types\/post"}],"author":[{"embeddable":true,"href":"https:\/\/www.europesays.com\/pl\/wp-json\/wp\/v2\/users\/2"}],"replies":[{"embeddable":true,"href":"https:\/\/www.europesays.com\/pl\/wp-json\/wp\/v2\/comments?post=409632"}],"version-history":[{"count":0,"href":"https:\/\/www.europesays.com\/pl\/wp-json\/wp\/v2\/posts\/409632\/revisions"}],"wp:featuredmedia":[{"embeddable":true,"href":"https:\/\/www.europesays.com\/pl\/wp-json\/wp\/v2\/media\/409633"}],"wp:attachment":[{"href":"https:\/\/www.europesays.com\/pl\/wp-json\/wp\/v2\/media?parent=409632"}],"wp:term":[{"taxonomy":"category","embeddable":true,"href":"https:\/\/www.europesays.com\/pl\/wp-json\/wp\/v2\/categories?post=409632"},{"taxonomy":"post_tag","embeddable":true,"href":"https:\/\/www.europesays.com\/pl\/wp-json\/wp\/v2\/tags?post=409632"}],"curies":[{"name":"wp","href":"https:\/\/api.w.org\/{rel}","templated":true}]}}