{"id":409751,"date":"2026-05-05T12:47:09","date_gmt":"2026-05-05T12:47:09","guid":{"rendered":"https:\/\/www.europesays.com\/pl\/409751\/"},"modified":"2026-05-05T12:47:09","modified_gmt":"2026-05-05T12:47:09","slug":"prezes-pzps-wsciekly-na-decyzje-reprezentanta-polski-oszukany","status":"publish","type":"post","link":"https:\/\/www.europesays.com\/pl\/409751\/","title":{"rendered":"Prezes PZPS w\u015bciek\u0142y na decyzj\u0119 reprezentanta Polski. &#8222;Oszukany&#8221;"},"content":{"rendered":"<p>Norberta Hubera zabrak\u0142o w\u015br\u00f3d powo\u0142anych graczy na sezon 2026 do reprezentacji. Od razu wyp\u0142yn\u0119\u0142y nieoczekiwane kulisy decyzji.<\/p>\n<p> Dalszy ci\u0105g artyku\u0142u pod materia\u0142em wideo Siatkarz zadzwoni\u0142 do Nikoli Grbicia p\u00f3\u0142 godziny przed og\u0142oszeniem powo\u0142a\u0144 i przekaza\u0142, \u017ce ma problemy zdrowotne eliminuj\u0105ce go na ca\u0142y sezon z gry w kadrze. &#8222;Dos\u0142ownie p\u00f3\u0142 godziny wcze\u015bniej dotar\u0142em do Polski i zaraz po wyl\u0105dowaniu odebra\u0142em telefon od Norberta&#8221; \u2014 <a href=\"https:\/\/przegladsportowy.onet.pl\/siatkowka\/reprezentacja-polski\/jeden-telefon-zmienil-wszystko-nikola-grbic-nagle-musial-zmodyfikowac-plany\/lzl6nrc\" id=\"ddd37860-8fea-424e-9bec-c00b1d489ba5\" rel=\"nofollow noopener\" target=\"_blank\">opowiada\u0142 trener dla Przegl\u0105du Sportowego Onet.<\/a>Norbert Huber rezygnuje. Prezes PZPS: Czu\u0142em si\u0119 oszukany!<\/p>\n<p>Bardziej swoje wzburzenie teraz ujawnia prezes Polskiego Zwi\u0105zku Pi\u0142ki Siatkowej Sebastian \u015awiderski.<\/p>\n<p>&#8222;Czu\u0142em si\u0119 oszukany! Je\u015bli kto\u015b decyduje si\u0119 na taki ruch p\u00f3\u0142 godziny przed og\u0142oszeniem kadry, to albo trzyma co\u015b do ostatniej chwili i nie chcia\u0142 o tym m\u00f3wi\u0107, albo jest drugie dno, o kt\u00f3rym jeszcze nie wiemy. Te\u017c troch\u0119 wystawi\u0142 trenera Grbicia i innych zawodnik\u00f3w, kt\u00f3rzy zdecydowali si\u0119 walczy\u0107 w koszulce reprezentacyjnej w tym sezonie. Dla mnie to by\u0142 zawsze zaszczyt, by gra\u0107 z orze\u0142kiem na piersi. Nigdy od tego nie ucieka\u0142em. Nie mog\u0119 tego zrozumie\u0107. Je\u015bli m\u00f3wimy o sytuacjach rodzinnych \u2014 ok, wtedy nie ma problemu. Wiedzia\u0142, jaka jest sytuacja te\u017c z jego zdrowiem i rodzinna, chocia\u017c rozmawia\u0142 wielokrotnie z trenerem, to nie podj\u0105\u0142 decyzji wcze\u015bniej o rezygnacji i to jest dla mnie bardzo dziwny spos\u00f3b informowania tu\u017c przed konferencj\u0105 prasow\u0105&#8221; \u2014 przekaza\u0142 s\u0142owa prezesa Mateusz Lig\u0119za z Radia ZET.<\/p>\n<p>      Pe\u0142n\u0105 szerok\u0105 kadr\u0119 reprezentacji Polski na sezon 2026 mo\u017cna znale\u017a\u0107 <a href=\"https:\/\/przegladsportowy.onet.pl\/siatkowka\/reprezentacja-polski\/jest-kadra-reprezentacji-polski-brakuje-wielkich-gwiazd\/8skptyv\" id=\"f9bfe256-e285-44eb-b516-eae5ad69e197\" rel=\"nofollow noopener\" target=\"_blank\">TUTAJ&gt;&gt;<\/a>. <a href=\"https:\/\/przegladsportowy.onet.pl\/siatkowka\/wszystko-jasne-wtedy-polscy-siatkarze-zainauguruja-sezon-reprezentacyjny\/z7hk4xj\" id=\"4433061c-ae78-4c5e-9b2b-72ece0fb26d1\" rel=\"nofollow noopener\" target=\"_blank\">Pierwszym sprawdzianem Bia\u0142o-Czerwonych w tym sezonie b\u0119d\u0105 towarzyskie mecze z Serbia, Ukrain\u0105 i Bu\u0142gari\u0105 w dniach 20-23 maja<\/a>. Potem czeka ich kilka turniej\u00f3w Ligi Narod\u00f3w. Imprez\u0105 docelow\u0105 w tym sezonie s\u0105 mistrzostwa Europy (9-26 wrze\u015bnia).<\/p>\n","protected":false},"excerpt":{"rendered":"Norberta Hubera zabrak\u0142o w\u015br\u00f3d powo\u0142anych graczy na sezon 2026 do reprezentacji. Od razu wyp\u0142yn\u0119\u0142y nieoczekiwane kulisy decyzji. Dalszy&hellip;\n","protected":false},"author":2,"featured_media":409752,"comment_status":"","ping_status":"","sticky":false,"template":"","format":"standard","meta":{"footnotes":"","_share_on_mastodon":"0"},"categories":[24],"tags":[61195,48,6970,46,42,38,40,39,41,15549,355,47,132,131,127,126],"class_list":["post-409751","post","type-post","status-publish","format-standard","has-post-thumbnail","category-sport","tag-bottomfeed_styl","tag-nat_styl","tag-norbert_huber","tag-omp","tag-pl","tag-poland","tag-polish","tag-polska","tag-polski","tag-pzps","tag-reprezentacja_polski","tag-screening_general","tag-sebastian_swiderski","tag-siatkowka","tag-sport","tag-sports"],"share_on_mastodon":{"url":"https:\/\/pubeurope.com\/@pl\/116522047500604796","error":""},"_links":{"self":[{"href":"https:\/\/www.europesays.com\/pl\/wp-json\/wp\/v2\/posts\/409751","targetHints":{"allow":["GET"]}}],"collection":[{"href":"https:\/\/www.europesays.com\/pl\/wp-json\/wp\/v2\/posts"}],"about":[{"href":"https:\/\/www.europesays.com\/pl\/wp-json\/wp\/v2\/types\/post"}],"author":[{"embeddable":true,"href":"https:\/\/www.europesays.com\/pl\/wp-json\/wp\/v2\/users\/2"}],"replies":[{"embeddable":true,"href":"https:\/\/www.europesays.com\/pl\/wp-json\/wp\/v2\/comments?post=409751"}],"version-history":[{"count":0,"href":"https:\/\/www.europesays.com\/pl\/wp-json\/wp\/v2\/posts\/409751\/revisions"}],"wp:featuredmedia":[{"embeddable":true,"href":"https:\/\/www.europesays.com\/pl\/wp-json\/wp\/v2\/media\/409752"}],"wp:attachment":[{"href":"https:\/\/www.europesays.com\/pl\/wp-json\/wp\/v2\/media?parent=409751"}],"wp:term":[{"taxonomy":"category","embeddable":true,"href":"https:\/\/www.europesays.com\/pl\/wp-json\/wp\/v2\/categories?post=409751"},{"taxonomy":"post_tag","embeddable":true,"href":"https:\/\/www.europesays.com\/pl\/wp-json\/wp\/v2\/tags?post=409751"}],"curies":[{"name":"wp","href":"https:\/\/api.w.org\/{rel}","templated":true}]}}