{"id":410048,"date":"2026-05-05T15:36:08","date_gmt":"2026-05-05T15:36:08","guid":{"rendered":"https:\/\/www.europesays.com\/pl\/410048\/"},"modified":"2026-05-05T15:36:08","modified_gmt":"2026-05-05T15:36:08","slug":"szymon-holownia-straci-immunitet-polityk-reaguje-bardzo-dziwna-sprawa-onet","status":"publish","type":"post","link":"https:\/\/www.europesays.com\/pl\/410048\/","title":{"rendered":"Szymon Ho\u0142ownia straci immunitet? Polityk reaguje. &quot;Bardzo dziwna sprawa&quot; &#8211; Onet"},"content":{"rendered":"<ol>\n<li><a href=\"https:\/\/news.google.com\/rss\/articles\/CBMizAFBVV95cUxQYUwxQzlfeFFWNEdBbjY4SVozVy1CWGlPVTJ1Ym9MT0t1MVZFaXRhemhFcHd0X25EUkZGOVA0YWJkZ0NDMjFQVmgwNnZUUGhVMUJLcGV5T09qWXJsWjFZajJhNTRUSnhpVVR1dHVDMGEwVnRrTVNDOUR4d1dJU3ZrVDhGLUd3YVlqYXdjTTNZU3JFSjBvWFVtQlEtR2pFSWQxY0ExUzVVWVV1OHNpVkJfb1FLRXJkc1RZNjRMT1VmRW1TSExUa0hWSlpIaGQ?oc=5\" target=\"_blank\" rel=\"nofollow noopener\">Szymon Ho\u0142ownia straci immunitet? Polityk reaguje. &#8222;Bardzo dziwna sprawa&#8221;<\/a>&nbsp;&nbsp;Onet<\/li>\n<li><a href=\"https:\/\/news.google.com\/rss\/articles\/CBMiugFBVV95cUxPSGgwUVNJUFVtM3JVanplOVhmMGhEMmRSNUFoclRWY1BhbVNieUFyaDJRWUFNWXVPVUZDOU5VZUtKZnIweGx2NzV2QkxXa3Q4ZlRmWHAtR293UnB5VjZrWktZLXBPOGpCckdXX2tGR1F3RXg0c0V5cEJnMV9ld1JFbnRkVlNUWUlvVVE2em5zOGt5RzhBRFJSVlgxVHpDa1BQZmtGZlZHUC1SQXV2dy10VTRGMEFCMkZ5SVE?oc=5\" target=\"_blank\" rel=\"nofollow noopener\">Kim: Ho\u0142ownia siebie nie wybieli, wi\u0119c chce umoczy\u0107 innych<\/a>&nbsp;&nbsp;Newsweek<\/li>\n<li><a href=\"https:\/\/news.google.com\/rss\/articles\/CBMiqgFBVV95cUxQUTdLc3V5bU94UkVwUmNmY3c5ekh3cVhNNkJ6UXVjMmNrNHpoOHVIek9mSDNSc0txcHBoZkUxUWJFd1BiSWZtanhjUTlvS01vTUZjYXB2d2Q3UmVlajhJLTVzY1M4QndlUDFSVHZud2VfZVhDX041UHJoeU4yOE8ydFoyaWZMMmpKTEZYTlJYMktUNWIxZGZRVFhXOW8tWmZoYU56U2g2SHhmQQ?oc=5\" target=\"_blank\" rel=\"nofollow noopener\">TVN24 nieoficjalnie: B\u0119d\u0105 wnioski o uchylenie immunitet\u00f3w Ho\u0142owni i Kobosce<\/a>&nbsp;&nbsp;Wyborcza.pl<\/li>\n<li><a href=\"https:\/\/news.google.com\/rss\/articles\/CBMiugFBVV95cUxOWW1kc3BZZElKYnc2bDFhZ3Y0ZjNTVkdTNkx4TjlRcTYzS2d2ZlZ5c0U2RU53QVNhYy1lNTBsYzNZd0NvZU52Z2NCOHROWjBodG4yR1hUWVJnN254b0ZzeV80cnVBbW1GVk1UdUFEa05EaWFfU1JhOTF2dUZQZXJ6U1BBc0ZkQWtFcU1oUkp0LWM1Q0pUR1d0REc4QXNlY2pPalNZUkNIN2piMnd4cmNkdzBzbURHT2xYTEE?oc=5\" target=\"_blank\" rel=\"nofollow noopener\">Ho\u0142ownia straci immunitet? M\u00f3wi o kolejnych krokach<\/a>&nbsp;&nbsp;TVN24<\/li>\n<li><a href=\"https:\/\/news.google.com\/rss\/articles\/CBMitAFBVV95cUxOdU0wXzIyeWVlT0VtLUVZMXdQY0hCbWR4cTlTY3lhYXJvQ1ZxTUIwWlZBVWJGekhQSDUzdlRkX1JQVDd5Ri10NXJOS3V4VV94QnotZmdCOFF3Vlo2NDdNLXN4NFBSQzNDZWs5Ym42U2NvdEVVN3JLa20yS2NYZzF5SmUwM21tOVFrRHFWQmNCRWxCTFpsTWNBUmxoM1lWaHVtc3pnSzdjSnlRcWVPYW00a2NGdUc?oc=5\" target=\"_blank\" rel=\"nofollow noopener\">Szymon Ho\u0142ownia i Micha\u0142 Kobosko bez immunitetu? Ruch prokuratury<\/a>&nbsp;&nbsp;Business Insider Polska<\/li>\n<\/ol>\n","protected":false},"excerpt":{"rendered":"Szymon Ho\u0142ownia straci immunitet? Polityk reaguje. &#8222;Bardzo dziwna sprawa&#8221;&nbsp;&nbsp;Onet Kim: Ho\u0142ownia siebie nie wybieli, wi\u0119c chce umoczy\u0107 innych&nbsp;&nbsp;Newsweek&hellip;\n","protected":false},"author":2,"featured_media":410049,"comment_status":"","ping_status":"","sticky":false,"template":"","format":"standard","meta":{"footnotes":"","_share_on_mastodon":"0"},"categories":[5],"tags":[32,33,244,36,37,27,1674,67,34,35,8397,28,31,53,25,52,68,51,55,42,38,40,39,41,47,201,29,30,65,50,26],"class_list":["post-410048","post","type-post","status-publish","format-standard","has-post-thumbnail","category-naglowki","tag-breaking-news","tag-breakingnews","tag-ctr_tst","tag-featured-news","tag-featurednews","tag-headlines","tag-immunitet","tag-intextvideo_splayer","tag-latest-news","tag-latestnews","tag-michal_kobosko","tag-naglowki","tag-najwazniejsze-artykuly","tag-new_header","tag-news","tag-onet3","tag-onet3d","tag-onet3d_2i","tag-phx","tag-pl","tag-poland","tag-polish","tag-polska","tag-polski","tag-screening_general","tag-szymon_holownia_polityk_dziennikarz","tag-top-stories","tag-topstories","tag-update_me","tag-v2021","tag-wiadomosci"],"share_on_mastodon":{"url":"","error":""},"_links":{"self":[{"href":"https:\/\/www.europesays.com\/pl\/wp-json\/wp\/v2\/posts\/410048","targetHints":{"allow":["GET"]}}],"collection":[{"href":"https:\/\/www.europesays.com\/pl\/wp-json\/wp\/v2\/posts"}],"about":[{"href":"https:\/\/www.europesays.com\/pl\/wp-json\/wp\/v2\/types\/post"}],"author":[{"embeddable":true,"href":"https:\/\/www.europesays.com\/pl\/wp-json\/wp\/v2\/users\/2"}],"replies":[{"embeddable":true,"href":"https:\/\/www.europesays.com\/pl\/wp-json\/wp\/v2\/comments?post=410048"}],"version-history":[{"count":0,"href":"https:\/\/www.europesays.com\/pl\/wp-json\/wp\/v2\/posts\/410048\/revisions"}],"wp:featuredmedia":[{"embeddable":true,"href":"https:\/\/www.europesays.com\/pl\/wp-json\/wp\/v2\/media\/410049"}],"wp:attachment":[{"href":"https:\/\/www.europesays.com\/pl\/wp-json\/wp\/v2\/media?parent=410048"}],"wp:term":[{"taxonomy":"category","embeddable":true,"href":"https:\/\/www.europesays.com\/pl\/wp-json\/wp\/v2\/categories?post=410048"},{"taxonomy":"post_tag","embeddable":true,"href":"https:\/\/www.europesays.com\/pl\/wp-json\/wp\/v2\/tags?post=410048"}],"curies":[{"name":"wp","href":"https:\/\/api.w.org\/{rel}","templated":true}]}}