{"id":410451,"date":"2026-05-05T20:03:09","date_gmt":"2026-05-05T20:03:09","guid":{"rendered":"https:\/\/www.europesays.com\/pl\/410451\/"},"modified":"2026-05-05T20:03:09","modified_gmt":"2026-05-05T20:03:09","slug":"jezioro-rusalka-w-poznaniu-skrywa-historie-o-ktorej-nie-kazdy-wie","status":"publish","type":"post","link":"https:\/\/www.europesays.com\/pl\/410451\/","title":{"rendered":"Jezioro Rusa\u0142ka w Poznaniu skrywa histori\u0119, o kt\u00f3rej nie ka\u017cdy wie"},"content":{"rendered":"<p class=\"Paragraph_desktopParagraph__U31Gm\">Jak podkre\u015bla\u0142 w programie &#8222;Hej Pozna\u0144&#8221; Przemys\u0142aw Prasnowski, inicjatywa od lat \u0142\u0105czy dwa pozornie odleg\u0142e \u015bwiaty \u2014 codzienn\u0105 rekreacj\u0119 i trudn\u0105 histori\u0119 tego miejsca.<\/p>\n<p class=\"Paragraph_desktopParagraph__U31Gm\">&#8222;Chcemy przypomnie\u0107, jaka jest prawdziwa historia tego jeziora, bo to nie jest jezioro polodowcowe. Ono powsta\u0142o w czasie II wojny \u015bwiatowej&#8221; \u2014 zaznaczy\u0142.<\/p>\n<p class=\"Paragraph_desktopParagraph__U31Gm\">Rusa\u0142ka zosta\u0142a uko\u0144czona w 1943 roku przez niemieckich okupant\u00f3w, a do jej budowy wykorzystywano przede wszystkim wi\u0119\u017ani\u00f3w oboz\u00f3w pracy przymusowej, g\u0142\u00f3wnie \u017byd\u00f3w. Wielu z nich zgin\u0119\u0142o podczas wyniszczaj\u0105cych rob\u00f3t.<\/p>\n<p class=\"Paragraph_desktopParagraph__U31Gm\">Organizatorzy nie chc\u0105 jednak sprowadza\u0107 tego miejsca wy\u0142\u0105cznie do tragicznej przesz\u0142o\u015bci.<\/p>\n<p class=\"Paragraph_desktopParagraph__U31Gm\">&#8222;Nie chodzi o to, \u017ceby jezioro ogrodzi\u0107 i opowiada\u0107 o nim tylko w tragiczny spos\u00f3b, ale \u017ceby \u0142\u0105czy\u0107 te funkcje&#8221; \u2014 t\u0142umaczy\u0142 Prasnowski.<\/p>\n<p class=\"Paragraph_desktopParagraph__U31Gm\">Dlatego program wydarzenia obejmuje zar\u00f3wno dzia\u0142ania przypominaj\u0105ce o historii, jak i aktywno\u015bci bliskie wsp\u00f3\u0142czesnym u\u017cytkownikom tego terenu \u2014 spacery, wycieczki rowerowe czy warsztaty w plenerze.<\/p>\n<p class=\"Paragraph_desktopParagraph__U31Gm\">Tegoroczna edycja koncentruje si\u0119 wok\u00f3\u0142 s\u0142owa jako g\u0142\u00f3wnego \u015brodka wyrazu. Uczestnicy b\u0119d\u0105 mogli wzi\u0105\u0107 udzia\u0142 w warsztatach kreatywnego pisania, dzia\u0142aniach performatywnych oraz nietypowych formach pracy z tekstem, jak cho\u0107by slam poetycki w ruchu.<\/p>\n<p class=\"Paragraph_desktopParagraph__U31Gm\">&#8222;B\u0119dziemy wypracowywa\u0107 s\u0142owa, kt\u00f3re kojarz\u0105 si\u0119 z histori\u0105, ale te\u017c ze wsp\u00f3\u0142czesno\u015bci\u0105&#8221; \u2014 zapowiada\u0142 przedstawiciel Baraku Kultury.<\/p>\n<p class=\"Paragraph_desktopParagraph__U31Gm\">Jednym z najbardziej oryginalnych punkt\u00f3w programu ma by\u0107 slam spacerowy, podsumowuj\u0105cy wszystkie majowe dzia\u0142ania.<\/p>\n<p class=\"Paragraph_desktopParagraph__U31Gm\">Wa\u017cnym elementem wydarzenia b\u0119dzie r\u00f3wnie\u017c akcja &#8222;\u015alady&#8221;, realizowana we wsp\u00f3\u0142pracy z Uniwersytet Artystyczny im. Magdaleny Abakanowicz w Poznaniu. Uczestnicy b\u0119d\u0105 zapisywa\u0107 na kamieniach imiona i nazwiska os\u00f3b, kt\u00f3re pracowa\u0142y przy budowie jeziora. To symboliczna forma przywracania pami\u0119ci o tych, kt\u00f3rzy przez lata pozostawali anonimowi.<\/p>\n<p class=\"Paragraph_desktopParagraph__U31Gm\">Organizatorzy zwracaj\u0105 tak\u017ce uwag\u0119 na przyrodniczy wymiar Rusa\u0142ki. W programie znalaz\u0142y si\u0119 warsztaty ekologiczne oraz dzia\u0142ania pokazuj\u0105ce, jak natura mo\u017ce by\u0107 no\u015bnikiem pami\u0119ci.<\/p>\n<p class=\"Paragraph_desktopParagraph__U31Gm\">&#8222;S\u0105 tam drzewa i kamienie, kt\u00f3re pami\u0119taj\u0105 tamte czasy. Przez przyrod\u0119 te\u017c mo\u017cna opowiada\u0107 o historii&#8221; \u2014 m\u00f3wi\u0142 Prasnowski.<\/p>\n<p class=\"Paragraph_desktopParagraph__U31Gm\">Wydarzenia b\u0119d\u0105 odbywa\u0107 si\u0119 w naturalnym rytmie miejsca, w\u015br\u00f3d zieleni, \u015bpiewu ptak\u00f3w i wiosennej aktywno\u015bci mieszka\u0144c\u00f3w.<\/p>\n<p class=\"Paragraph_desktopParagraph__U31Gm\">Projekt ma r\u00f3wnie\u017c wymiar edukacyjny i spo\u0142eczny. Organizatorzy staraj\u0105 si\u0119 pokaza\u0107, \u017ce o historii mo\u017cna m\u00f3wi\u0107 w spos\u00f3b anga\u017cuj\u0105cy i przyst\u0119pny, szczeg\u00f3lnie dla m\u0142odszych odbiorc\u00f3w.<\/p>\n<p class=\"Paragraph_desktopParagraph__U31Gm\">&#8222;Nie chcemy budowa\u0107 tylko spi\u017cowych pomnik\u00f3w, ale opowiada\u0107 histori\u0119 w spos\u00f3b bardziej zaskakuj\u0105cy i atrakcyjny dla wsp\u00f3\u0142czesno\u015bci&#8221; \u2014 podkre\u015bli\u0142 rozm\u00f3wca programu.<\/p>\n<p class=\"Paragraph_desktopParagraph__U31Gm\">&#8222;Rusa\u0142ka \u2014 jezioro, kt\u00f3re \u0142\u0105czy&#8221; to ju\u017c sz\u00f3sta ods\u0142ona inicjatywy, kt\u00f3ra z roku na rok przybiera nowe formy. W tym roku wydarzenie jeszcze mocniej stawia na dialog mi\u0119dzy przesz\u0142o\u015bci\u0105 a tera\u017aniejszo\u015bci\u0105. Jak zaznacza Prasnowski, w\u0142a\u015bnie to po\u0142\u0105czenie stanowi o wyj\u0105tkowo\u015bci tego miejsca:<\/p>\n<p class=\"Paragraph_desktopParagraph__U31Gm\">&#8222;Rusa\u0142ka \u0142\u0105czy histori\u0119 ze wsp\u00f3\u0142czesno\u015bci\u0105 \u2014 to jezioro, kt\u00f3re dzi\u015b \u017cyje i jest wa\u017cne dla mieszka\u0144c\u00f3w, ale jednocze\u015bnie niesie ze sob\u0105 bardzo trudn\u0105 przesz\u0142o\u015b\u0107&#8221;.<\/p>\n<p><img decoding=\"async\" class=\"Image_image__0tuHp Image_autoHeight__f2n87 \" height=\"587\" width=\"782\" src=\"https:\/\/www.europesays.com\/pl\/wp-content\/uploads\/2026\/05\/0uSk9kqTURBXy8xOTJmMWU1NTNiYjE2YzYwMTA0YWU2OGM0Y2ZiMzc0Zi5qcGVnkpUCzQOsAMLDlQIAzQJLwsPeAAOhMAGhMQGhM.jpeg\" alt=\"Przemys\u0142aw Prasnowski z Baraku Kultury by\u0142 go\u015bciem programu &quot;Hej Pozna\u0144&quot; Codzienny Pozna\u0144\" loading=\"lazy\" \/>www.codziennypoznan.pl<\/p>\n<p>Przemys\u0142aw Prasnowski z Baraku Kultury by\u0142 go\u015bciem programu &#8222;Hej Pozna\u0144&#8221; Codzienny Pozna\u0144<\/p>\n","protected":false},"excerpt":{"rendered":"Jak podkre\u015bla\u0142 w programie &#8222;Hej Pozna\u0144&#8221; Przemys\u0142aw Prasnowski, inicjatywa od lat \u0142\u0105czy dwa pozornie odleg\u0142e \u015bwiaty \u2014 codzienn\u0105&hellip;\n","protected":false},"author":2,"featured_media":410452,"comment_status":"","ping_status":"","sticky":false,"template":"","format":"standard","meta":{"footnotes":"","_share_on_mastodon":"0"},"categories":[51609],"tags":[1009,1815,244,261,53,52,68,51,55,42,38,40,39,41,1817,47,50],"class_list":["post-410451","post","type-post","status-publish","format-standard","has-post-thumbnail","category-poznan","tag-anejus","tag-codziennypoznanpl","tag-ctr_tst","tag-kultura","tag-new_header","tag-onet3","tag-onet3d","tag-onet3d_2i","tag-phx","tag-pl","tag-poland","tag-polish","tag-polska","tag-polski","tag-poznan","tag-screening_general","tag-v2021"],"share_on_mastodon":{"url":"https:\/\/pubeurope.com\/@pl\/116523762494581117","error":""},"_links":{"self":[{"href":"https:\/\/www.europesays.com\/pl\/wp-json\/wp\/v2\/posts\/410451","targetHints":{"allow":["GET"]}}],"collection":[{"href":"https:\/\/www.europesays.com\/pl\/wp-json\/wp\/v2\/posts"}],"about":[{"href":"https:\/\/www.europesays.com\/pl\/wp-json\/wp\/v2\/types\/post"}],"author":[{"embeddable":true,"href":"https:\/\/www.europesays.com\/pl\/wp-json\/wp\/v2\/users\/2"}],"replies":[{"embeddable":true,"href":"https:\/\/www.europesays.com\/pl\/wp-json\/wp\/v2\/comments?post=410451"}],"version-history":[{"count":0,"href":"https:\/\/www.europesays.com\/pl\/wp-json\/wp\/v2\/posts\/410451\/revisions"}],"wp:featuredmedia":[{"embeddable":true,"href":"https:\/\/www.europesays.com\/pl\/wp-json\/wp\/v2\/media\/410452"}],"wp:attachment":[{"href":"https:\/\/www.europesays.com\/pl\/wp-json\/wp\/v2\/media?parent=410451"}],"wp:term":[{"taxonomy":"category","embeddable":true,"href":"https:\/\/www.europesays.com\/pl\/wp-json\/wp\/v2\/categories?post=410451"},{"taxonomy":"post_tag","embeddable":true,"href":"https:\/\/www.europesays.com\/pl\/wp-json\/wp\/v2\/tags?post=410451"}],"curies":[{"name":"wp","href":"https:\/\/api.w.org\/{rel}","templated":true}]}}