{"id":41049,"date":"2025-10-09T22:30:08","date_gmt":"2025-10-09T22:30:08","guid":{"rendered":"https:\/\/www.europesays.com\/pl\/41049\/"},"modified":"2025-10-09T22:30:08","modified_gmt":"2025-10-09T22:30:08","slug":"zuzel-stal-gorzow-konczy-negocjacje-w-pge-ekstralidze-zostalo-jedno-wolne-miejsce","status":"publish","type":"post","link":"https:\/\/www.europesays.com\/pl\/41049\/","title":{"rendered":"\u017bu\u017cel. Stal Gorz\u00f3w ko\u0144czy negocjacje. W PGE Ekstralidze zosta\u0142o jedno wolne miejsce"},"content":{"rendered":"\n<p class=\"contentpart contentpart--default contentpart--text\" data-position=\"0\">W tym przypadku nie nale\u017cy si\u0119 spodziewa\u0107 wi\u0119kszych niespodzianek, bo cho\u0107 gorzowianie do\u015b\u0107 cz\u0119sto zmieniali w ostatnich miesi\u0105cach koncepcj\u0119 swojego sk\u0142adu, to wydaje si\u0119, \u017ce w tym momencie wypracowali ostateczny kszta\u0142t dru\u017cyny, kt\u00f3ry b\u0119dzie zgodny z ambicjami poszczeg\u00f3lnych zawodnik\u00f3w.<\/p>\n<p class=\"contentpart contentpart--default contentpart--text\" data-position=\"1\">Cho\u0107 <a href=\"https:\/\/sportowefakty.wp.pl\/zuzel\/mathias-pollestad\" rel=\"nofollow noopener\" target=\"_blank\">Mathias Pollestad<\/a>\u00a0mia\u0142 bardzo dobre oferty z Zielonej G\u00f3ry i Grudzi\u0105dza, to w tym momencie wydaje si\u0119, \u017ce nic nie jest w stanie przebi\u0107 tego, co ma otrzyma\u0107 od gorzowskich dzia\u0142aczy. M\u0142ody Norweg nie do\u015b\u0107, \u017ce ma mie\u0107 pewne miejsce w sk\u0142adzie, to nie b\u0119dzie pierwszym zawodnikiem do zmiany. W sk\u0142adzie <a href=\"https:\/\/sportowefakty.wp.pl\/zuzel\/gezet-stal-gorzow\" rel=\"nofollow noopener\" target=\"_blank\">Gezet Stali Gorz\u00f3w<\/a>\u00a0po raz kolejny wystawiany ma by\u0107 tzw. &#8222;kevlar&#8221;, ale tym razem ma on jednak nie dotyczy\u0107 pozycji U24, a polskiego seniora.<\/p>\n<p> <img role=\"presentation\" src=\"https:\/\/std.wpcdn.pl\/images\/adv\/placeholder_wp.svg\" loading=\"lazy\" decoding=\"async\"\/>  <\/p>\n<p class=\"contentpart contentpart--default contentpart--text\" data-position=\"2\">ZOBACZ WIDEO: Magazyn PGE Ekstraligi. Go\u015bcie: Broszko, Pedersen, Suskiewicz i Cegielski<\/p>\n<p class=\"contentpart contentpart--default contentpart--text\" data-position=\"4\">Gorzowianie s\u0105 przekonani, \u017ce nowy regulamin pozwoli, by polski senior m\u00f3g\u0142 by\u0107 zast\u0119powany przez zawodnika rezerwowego, w tym przypadku <a href=\"https:\/\/sportowefakty.wp.pl\/zuzel\/adam-bednar\" rel=\"nofollow noopener\" target=\"_blank\">Adama Bednara<\/a>\u00a0oraz gorzowskich junior\u00f3w. Taki wariant nie jest idealny dla <a href=\"https:\/\/sportowefakty.wp.pl\/zuzel\/oskar-paluch\" rel=\"nofollow noopener\" target=\"_blank\">Oskara Palucha<\/a>, bo oznacza, \u017ce wychowanek Stali b\u0119dzie musia\u0142 rywalizowa\u0107 o dodatkowe biegi w\u0142a\u015bnie ze zdolnym Czechem. W tym roku za <a href=\"https:\/\/sportowefakty.wp.pl\/zuzel\/mikolaj-krok\" rel=\"nofollow noopener\" target=\"_blank\">Miko\u0142aja Kroka<\/a>\u00a0mogli je\u017adzi\u0107 jedynie <a href=\"https:\/\/sportowefakty.wp.pl\/zuzel\/hubert-jablonski\" rel=\"nofollow noopener\" target=\"_blank\">Hubert Jab\u0142o\u0144ski<\/a>\u00a0i w\u0142a\u015bnie <a href=\"https:\/\/sportowefakty.wp.pl\/zuzel\/oskar-paluch\" rel=\"nofollow noopener\" target=\"_blank\">Oskar Paluch<\/a>, co sprawia\u0142o, \u017ce obaj juniorzy mieli pewne pi\u0119\u0107 bieg\u00f3w w ka\u017cdym meczu.\u00a0Za rok nie b\u0119d\u0105 mieli ju\u017c takiego komfortu, bo Bednar wydaje si\u0119 by\u0107 dla nich mocnym konkurentem.<\/p>\n<p class=\"contentpart contentpart--default contentpart--text\" data-position=\"5\">To jednak znacznie korzystniejsze rozwi\u0105zanie dla <a href=\"https:\/\/sportowefakty.wp.pl\/zuzel\/gezet-stal-gorzow\" rel=\"nofollow noopener\" target=\"_blank\">Gezet Stali Gorz\u00f3w<\/a>. Liderami dru\u017cyny maj\u0105 by\u0107 <a href=\"https:\/\/sportowefakty.wp.pl\/zuzel\/anders-thomsen\" rel=\"nofollow noopener\" target=\"_blank\">Anders Thomsen<\/a>\u00a0i <a href=\"https:\/\/sportowefakty.wp.pl\/zuzel\/jack-holder\" rel=\"nofollow noopener\" target=\"_blank\">Jack Holder<\/a>, a uzupe\u0142nia\u0107 sk\u0142ad maj\u0105 <a href=\"https:\/\/sportowefakty.wp.pl\/zuzel\/pawel-przedpelski\" rel=\"nofollow noopener\" target=\"_blank\">Pawe\u0142 Przedpe\u0142ski<\/a>, <a href=\"https:\/\/sportowefakty.wp.pl\/zuzel\/mathias-pollestad\" rel=\"nofollow noopener\" target=\"_blank\">Mathias Pollestad<\/a>, rezerwowy <a href=\"https:\/\/sportowefakty.wp.pl\/zuzel\/adam-bednar\" rel=\"nofollow noopener\" target=\"_blank\">Adam Bednar<\/a>\u00a0oraz juniorzy. W \u015brod\u0119 na spotkaniu z w\u0142adzami klubu pojawi\u0142 si\u0119 Holder, a dzia\u0142acze przekonywali go, \u017ce za rok nie b\u0119dzie \u017cadnego problemu z wype\u0142nieniem jego kontraktu i regularnymi p\u0142atno\u015bciami. Australijczyk jest bardzo mocno kuszony przez nowe w\u0142adze <a href=\"https:\/\/sportowefakty.wp.pl\/zuzel\/wlokniarz-czestochowa\" rel=\"nofollow noopener\" target=\"_blank\">W\u0142\u00f3kniarza Cz\u0119stochowa<\/a>. Gdyby cz\u0119stochowianom uda\u0142o si\u0119 pozyska\u0107 tego zawodnika (a proponuj\u0105 nie tylko wy\u017cszy kontrakt, ale tak\u017ce zap\u0142at\u0119 ewentualnej kary za zerwanie porozumienia), to W\u0142\u00f3kniarz m\u00f3g\u0142by mie\u0107 ostatecznie zbli\u017cony sk\u0142ad do gorzowian i liczy\u0107 na to, \u017ce b\u0119dzie w stanie utrzyma\u0107 si\u0119 w elicie.<\/p>\n<p> <img role=\"presentation\" src=\"https:\/\/std.wpcdn.pl\/images\/adv\/placeholder_wp.svg\" loading=\"lazy\" decoding=\"async\"\/>  <\/p>\n<p class=\"contentpart contentpart--default contentpart--text\" data-position=\"6\">Wiele jednak wskazuje na to, \u017ce w pi\u0105tek oficjalnie zako\u0144czy si\u0119 budowanie sk\u0142ad\u00f3w dru\u017cyn PGE Ekstraligi, a ostatnim klubem bez pe\u0142nego sk\u0142adu b\u0119dzie&#8230; Falubaz Zielona G\u00f3ra. Prezes <a href=\"https:\/\/sportowefakty.wp.pl\/zuzel\/adam-golinski\" rel=\"nofollow noopener\" target=\"_blank\">Adam Goli\u0144ski<\/a>\u00a0wci\u0105\u017c nie zakontraktowa\u0142 solidnego zawodnika U24, a w tym momencie najpowa\u017cniejsz\u0105 opcj\u0105 wydaje si\u0119 wystawianie na tej pozycji <a href=\"https:\/\/sportowefakty.wp.pl\/zuzel\/mitchel-mcdiarmid\" rel=\"nofollow noopener\" target=\"_blank\">Mitchella McDiarmida<\/a>\u00a0i zast\u0119powanie go duetem junior\u00f3w, czyli <a href=\"https:\/\/sportowefakty.wp.pl\/zuzel\/damian-ratajczak\" rel=\"nofollow noopener\" target=\"_blank\">Damianem Ratajczakiem<\/a>\u00a0i <a href=\"https:\/\/sportowefakty.wp.pl\/zuzel\/oskar-hurysz\" rel=\"nofollow noopener\" target=\"_blank\">Oskarem Huryszem<\/a>.<\/p>\n<p class=\"contentpart contentpart--default contentpart--text\" data-position=\"7\">Cho\u0107 sk\u0142ady praktycznie wszystkich dru\u017cyn PGE Ekstraligi s\u0105 ju\u017c gotowe, to w najbli\u017cszych tygodniach nale\u017cy si\u0119 spodziewa\u0107 kolejnych transfer\u00f3w w\u015br\u00f3d m\u0142odych cudzoziemc\u00f3w. Cz\u0119\u015b\u0107 dru\u017cyn mo\u017ce poszuka\u0107 ewentualnych kandydat\u00f3w do jazdy jako zagraniczni juniorzy. Te transfery raczej nie odmieni\u0105 jednak znacz\u0105co si\u0142y dru\u017cyn.<\/p>\n<p class=\"contentpart contentpart--default contentpart--text\" data-position=\"8\">Obecnie wydaje si\u0119, \u017ce zdecydowanie najmocniejsze sk\u0142ady na kolejny sezon zbudowa\u0142y <a href=\"https:\/\/sportowefakty.wp.pl\/zuzel\/pres-grupa-deweloperska-torun\" rel=\"nofollow noopener\" target=\"_blank\">PRES Grupa Deweloperska Toru\u0144<\/a>, <a href=\"https:\/\/sportowefakty.wp.pl\/zuzel\/orlen-oil-motor-lublin\" rel=\"nofollow noopener\" target=\"_blank\">Orlen Oil Motor Lublin<\/a>\u00a0i <a href=\"https:\/\/sportowefakty.wp.pl\/zuzel\/wts-wroclaw\" rel=\"nofollow noopener\" target=\"_blank\">Betard Sparta Wroc\u0142aw<\/a>. Po transferze <a href=\"https:\/\/sportowefakty.wp.pl\/zuzel\/bastian-pedersen\" rel=\"nofollow noopener\" target=\"_blank\">Bastiana Pedersena<\/a>\u00a0i <a href=\"https:\/\/sportowefakty.wp.pl\/zuzel\/maksym-drabik\" rel=\"nofollow noopener\" target=\"_blank\">Maksyma Drabika<\/a>\u00a0miejsce w czo\u0142owej czw\u00f3rce powinni z kolei utrzyma\u0107 grudzi\u0105dzanie. Obecnie najs\u0142abszym potencja\u0142em dysponuje <a href=\"https:\/\/sportowefakty.wp.pl\/zuzel\/wlokniarz-czestochowa\" rel=\"nofollow noopener\" target=\"_blank\">W\u0142\u00f3kniarz Cz\u0119stochowa<\/a>, kt\u00f3ry na ten moment ma w sk\u0142adzie <a href=\"https:\/\/sportowefakty.wp.pl\/zuzel\/jaimon-lidsey\" rel=\"nofollow noopener\" target=\"_blank\">Jaimona Lidsey&#8217;a<\/a>,\u00a0<a href=\"https:\/\/sportowefakty.wp.pl\/zuzel\/jakub-miskowiak\" rel=\"nofollow noopener\" target=\"_blank\">Jakuba Mi\u015bkowiaka<\/a>, <a href=\"https:\/\/sportowefakty.wp.pl\/zuzel\/rohan-tungate\" rel=\"nofollow noopener\" target=\"_blank\">Rohana Tungate&#8217;a<\/a>, <a href=\"https:\/\/sportowefakty.wp.pl\/minizuzel\/mads-hansen\" rel=\"nofollow noopener\" target=\"_blank\">Madsa Hansena<\/a>\u00a0oraz\u00a0<a href=\"https:\/\/sportowefakty.wp.pl\/zuzel\/sebastian-szostak\" rel=\"nofollow noopener\" target=\"_blank\">Sebastiana Szostaka.<\/a><\/p>\n","protected":false},"excerpt":{"rendered":"W tym przypadku nie nale\u017cy si\u0119 spodziewa\u0107 wi\u0119kszych niespodzianek, bo cho\u0107 gorzowianie do\u015b\u0107 cz\u0119sto zmieniali w ostatnich miesi\u0105cach&hellip;\n","protected":false},"author":2,"featured_media":41050,"comment_status":"","ping_status":"","sticky":false,"template":"","format":"standard","meta":{"footnotes":""},"categories":[5],"tags":[11783,10086,1326,11189,2850,32,33,5070,36,37,1325,27,11785,1328,10531,3499,34,35,10445,11738,1330,11782,11786,28,31,25,2164,11784,6824,8103,42,38,40,39,41,2619,10532,7453,29,30,26,7452,174],"class_list":{"0":"post-41049","1":"post","2":"type-post","3":"status-publish","4":"format-standard","5":"has-post-thumbnail","7":"category-naglowki","8":"tag-adam-bednar","9":"tag-adam-golinski","10":"tag-anders-thomsen","11":"tag-bastian-pedersen","12":"tag-betard-sparta-wroclaw","13":"tag-breaking-news","14":"tag-breakingnews","15":"tag-damian-ratajczak","16":"tag-featured-news","17":"tag-featurednews","18":"tag-gezet-stal-gorzow","19":"tag-headlines","20":"tag-hubert-jablonski","21":"tag-jack-holder","22":"tag-jaimon-lidsey","23":"tag-jakub-miskowiak","24":"tag-latest-news","25":"tag-latestnews","26":"tag-mads-hansen","27":"tag-maksym-drabik","28":"tag-mathias-pollestad","29":"tag-mikolaj-krok","30":"tag-mitchell-mcdiarmid","31":"tag-naglowki","32":"tag-najwazniejsze-artykuly","33":"tag-news","34":"tag-orlen-oil-motor-lublin","35":"tag-oskar-hurysz","36":"tag-oskar-paluch","37":"tag-pawel-przedpelski","38":"tag-pl","39":"tag-poland","40":"tag-polish","41":"tag-polska","42":"tag-polski","43":"tag-pres-grupa-deweloperska-torun","44":"tag-rohan-tungate","45":"tag-sebastian-szostak","46":"tag-top-stories","47":"tag-topstories","48":"tag-wiadomosci","49":"tag-wlokniarz-czestochowa","50":"tag-zuzel"},"share_on_mastodon":{"url":"","error":""},"_links":{"self":[{"href":"https:\/\/www.europesays.com\/pl\/wp-json\/wp\/v2\/posts\/41049","targetHints":{"allow":["GET"]}}],"collection":[{"href":"https:\/\/www.europesays.com\/pl\/wp-json\/wp\/v2\/posts"}],"about":[{"href":"https:\/\/www.europesays.com\/pl\/wp-json\/wp\/v2\/types\/post"}],"author":[{"embeddable":true,"href":"https:\/\/www.europesays.com\/pl\/wp-json\/wp\/v2\/users\/2"}],"replies":[{"embeddable":true,"href":"https:\/\/www.europesays.com\/pl\/wp-json\/wp\/v2\/comments?post=41049"}],"version-history":[{"count":0,"href":"https:\/\/www.europesays.com\/pl\/wp-json\/wp\/v2\/posts\/41049\/revisions"}],"wp:featuredmedia":[{"embeddable":true,"href":"https:\/\/www.europesays.com\/pl\/wp-json\/wp\/v2\/media\/41050"}],"wp:attachment":[{"href":"https:\/\/www.europesays.com\/pl\/wp-json\/wp\/v2\/media?parent=41049"}],"wp:term":[{"taxonomy":"category","embeddable":true,"href":"https:\/\/www.europesays.com\/pl\/wp-json\/wp\/v2\/categories?post=41049"},{"taxonomy":"post_tag","embeddable":true,"href":"https:\/\/www.europesays.com\/pl\/wp-json\/wp\/v2\/tags?post=41049"}],"curies":[{"name":"wp","href":"https:\/\/api.w.org\/{rel}","templated":true}]}}