{"id":410554,"date":"2026-05-05T21:06:09","date_gmt":"2026-05-05T21:06:09","guid":{"rendered":"https:\/\/www.europesays.com\/pl\/410554\/"},"modified":"2026-05-05T21:06:09","modified_gmt":"2026-05-05T21:06:09","slug":"wrze-wokol-polskiego-siatkarza-swiderski-reaguje-niech-powie-wprost","status":"publish","type":"post","link":"https:\/\/www.europesays.com\/pl\/410554\/","title":{"rendered":"Wrze wok\u00f3\u0142 polskiego siatkarza. \u015awiderski reaguje. &#8222;Niech powie wprost&#8221;"},"content":{"rendered":"<p>Edyta Kowalczyk, Przegl\u0105d Sportowy Onet: Obydwie kadry \u2014 \u017ce\u0144sk\u0105 i m\u0119sk\u0105 \u2014 przed sezonem dotkn\u0119\u0142o wiele zmian personalnych, gdy dotychczasowe reprezentantki i reprezentanci z r\u00f3\u017cnych wzgl\u0119d\u00f3w rezygnowali z gry w narodowej dru\u017cynie albo uniemo\u017cliwia\u0142a to ich sytuacja zdrowotna. Jakiego sezonu mo\u017cemy si\u0119 spodziewa\u0107?<\/p>\n<p>Sebastian \u015awiderski: Je\u017celi chodzi o kadr\u0119 kobiet, to byli\u015bmy przygotowani na to, \u017ce kilka zawodniczek powie &#8222;stop&#8221; i po\u015bwi\u0119ci si\u0119 swoim prywatnym sprawom. Trener Stefano Lavarini te\u017c o tym wiedzia\u0142 i z t\u0105 my\u015bl\u0105 przygotowywa\u0142 list\u0119 powo\u0142anych zawodniczek, kt\u00f3re maj\u0105 szans\u0119 budowa\u0107 t\u0119 kadr\u0119 na przysz\u0142o\u015b\u0107. Selekcjoner dobra\u0142 sk\u0142ad pod wzgl\u0119dem charakterologicznym, ale r\u00f3wnie\u017c w taki spos\u00f3b, by ka\u017cda z kadrowiczek podnosi\u0142a sw\u00f3j poziom. Chodzi o to, \u017ceby je\u015bli nie w tym, to w nast\u0119pnym roku walczy\u0107 o kwalifikacj\u0119 olimpijsk\u0105. Ta szansa b\u0119dzie ju\u017c w tym roku, bo mistrz Europy w obydwu turniejach wywalczy przepustk\u0119 do Los Angeles. U pa\u0144 zdecydowanymi faworytkami s\u0105 W\u0142oszki, kt\u00f3re id\u0105 jak walec, kontynuuj\u0105c seri\u0119 wygranych. Nie zapominamy o Lidze Narod\u00f3w, kt\u00f3ra dla dziewczyn i ch\u0142opak\u00f3w stanowi poligon do\u015bwiadczalny. W kwestii kadry m\u0119skiej jest kilka zaskocze\u0144 i niezrozumia\u0142ych decyzji.<\/p>\n<p> Dalszy ci\u0105g artyku\u0142u pod materia\u0142em wideo Prezes PZPS nawi\u0105zuje do kontrowersji wok\u00f3\u0142 Hubera. M\u00f3wi, co powinno si\u0119 sta\u0107<\/p>\n<p>Ma pan na my\u015bli rezygnacj\u0119 Norberta Hubera z gry w kadrze w tym sezonie?<\/p>\n<p>Tak. Je\u017celi kto\u015b decyduje o ko\u0144cu kariery reprezentacyjnej ze wzgl\u0119d\u00f3w zdrowotnych, akceptujemy to i idziemy dalej. Ale je\u015bli p\u00f3\u0142 godziny przed konferencj\u0105 prasow\u0105, na kt\u00f3rej og\u0142aszamy powo\u0142ania, kto\u015b informuje trenera, \u017ce jednak go zabraknie i to bez podania racjonalnej przyczyny, to troch\u0119 tego nie rozumiem. Nie chc\u0119 robi\u0107 konfliktu i wchodzi\u0107 w to g\u0142\u0119biej, bo ka\u017cdy zawodnik ma prawo do indywidualnej decyzji, a ostatecznie to trener te\u017c decyduje o kszta\u0142cie zespo\u0142u. Mam nadziej\u0119, \u017ce tutaj sprawa zostanie mi\u0119dzy nimi wyja\u015bniona.<\/p>\n<p>Czy ta sytuacja wymaga wsp\u00f3lnej rozmowy mi\u0119dzy Huberem, trenerem i panem? Jak to rozwi\u0105za\u0107?<\/p>\n<p>Przede wszystkim decyzja nale\u017cy do Norberta i dotyczy tego, czy on w og\u00f3le chce by\u0107 w reprezentacji. Je\u015bli nie chce, niech powie to wprost, a nie zas\u0142ania si\u0119 zdrowiem, podczas gdy rozgrywa spotkania ligowe i nie wida\u0107 tych problem\u00f3w zdrowotnych. Oczywi\u015bcie nie chc\u0119 wchodzi\u0107 w kompetencje lekarzy czy fizjoterapeut\u00f3w, na kt\u00f3rych opinii si\u0119 opiera. Wiemy, jak zasadniczy jest Nikola w trzymaniu si\u0119 pewnych ustale\u0144. Teraz pi\u0142eczka jest po stronie Norberta. Skoro definitywnie nie sko\u0144czy\u0142 kariery kadrowej, to sytuacja jest otwarta. Potrzeba tylko m\u0119skiej rozmowy, a nie lawirowania.<\/p>\n<p>      <img decoding=\"async\" src=\"https:\/\/www.europesays.com\/pl\/wp-content\/uploads\/2026\/05\/81Kk9lBaHR0cHM6Ly9vY2RuLmV1L3B1bHNjbXMvTURBXy80Y2JhMWVjYTllZDUxMDFkYmQ3OTExMTg3ZDYwZjk2YS5qcGeRlQLNB.jpeg\" height=\"627\" width=\"940\" alt=\"Norbert Huber\" loading=\"lazy\" class=\"ods-c-image__img ods-c-image__img--viewport-width\"\/> <\/p>\n<p>Norbert HuberMarcin Golba \/ Getty Images<\/p>\n<p>Jaka b\u0119dzie ta kadrowa grupa bez jej dotychczasowego kapitana Bartosza Kurka? On te\u017c jeszcze nie ko\u0144czy reprezentacyjnej kariery, cho\u0107 poprosi\u0142 o przerw\u0119, bo nie czuje si\u0119 na si\u0142ach, by da\u0107 tej dru\u017cynie tyle, ile wcze\u015bniej.<\/p>\n<p>Jego sytuacja jest zupe\u0142nie inna od tej Norberta. Sam trener Grbi\u0107 przyzna\u0142, \u017ce ze wzgl\u0119du na do\u015bwiadczenie Bartka i jego zas\u0142ugi dla kadry, mo\u017cna sobie pozwoli\u0107 na to, by traktowa\u0107 go nieco inaczej. Nieobecno\u015b\u0107 Kurka stanowi okazj\u0119 dla m\u0142odszych, by pokaza\u0107 si\u0119, rozwija\u0107 i zrobi\u0107 kolejny krok w kadrze, ale te\u017c w stu procentach wzi\u0105\u0107 odpowiedzialno\u015b\u0107 na siebie. Pami\u0119tajmy, \u017ce ju\u017c rok temu rozgrywali\u015bmy Lig\u0119 Narod\u00f3w bez Kurka, dzi\u0119ki czemu tacy gracze jak Kewin Sasak mogli si\u0119 sprawdzi\u0107 w podstawowym sk\u0142adzie w wa\u017cnych meczach. Ci, kt\u00f3rzy zasmakowali z\u0142ota i zdobywania trofe\u00f3w w tamtym sezonie, nadal odczuwaj\u0105 ten smak.<\/p>\n<p>Plotka zosta\u0142a szybko zweryfikowana. Tak wygl\u0105daj\u0105 szczeg\u00f3\u0142y kontraktu Grbicia<\/p>\n<p>W ostatnim tygodniu szerokim echem odbi\u0142a si\u0119 plotka o mo\u017cliwym zatrudnieniu trenera Grbicia w klubie z Modeny, ale zosta\u0142a szybko zweryfikowana jako nieprawdziwa. Ostatecznie selekcjoner zostaje tylko na jednym etacie w kadrze, ale czy w trakcie sezonu rozmawiali\u015bcie o mo\u017cliwo\u015bci \u0142\u0105czenia przez niego pracy w klubie i reprezentacji?<\/p>\n<p>W kontrakcie na prowadzenie reprezentacji Polski mamy zapis, kt\u00f3ry uniemo\u017cliwia Nikoli prac\u0119 w m\u0119skim zespole PlusLigi. Natomiast nie zamykamy mu drzwi do innych lig. Bodaj\u017ce w grudniu trener zadzwoni\u0142 do mnie z informacj\u0105, \u017ce dosta\u0142 ofert\u0119 z zagranicznego klubu, pytaj\u0105c, co o tym s\u0105dz\u0119 i m\u00f3wi\u0105c, \u017ce si\u0119 nad ni\u0105 zastanawia. Teraz, gdy wysz\u0142a ta sytuacja z Moden\u0105, wszystko mi wyja\u015bni\u0142 i powiedzia\u0142, \u017ce nie by\u0142o \u017cadnych zaawansowanych rozm\u00f3w. Nas wi\u0105\u017ce umowa do igrzysk w Los Angeles i licz\u0119, \u017ce obie strony si\u0119 z niej wywi\u0105\u017c\u0105.<\/p>\n<p>By\u0142by pan zwolennikiem tego, \u017ceby Grbi\u0107 pracowa\u0142 wy\u0142\u0105cznie z reprezentacj\u0105 Polski, czy m\u00f3g\u0142by pracowa\u0107 na dwa etaty? Albo czy jest kierunek, kt\u00f3rego nie chcia\u0142by pan, aby wybra\u0142?<\/p>\n<p> Na pewno nie by\u0142bym za tym, aby wybra\u0142 specyficzny kierunek.<\/p>\n<p>Specyficzny, na przyk\u0142ad Japonia czy Rosja?<\/p>\n<p>Nie chc\u0119 m\u00f3wi\u0107 g\u0142o\u015bno. Og\u00f3lnie wszystko zale\u017cy od samego Nikoli. Inni trenerzy podkre\u015blaj\u0105, jak trudne jest \u0142\u0105czenie dw\u00f3ch etat\u00f3w. Wspomina\u0142 o tym Micha\u0142 Winiarski, kt\u00f3ry przyzna\u0142, \u017ce prowadzenie zespo\u0142u z Zawiercia i niemieckiej kadry w d\u0142u\u017cszej perspektywie sporo go kosztowa\u0142o.<\/p>\n<p>Je\u015bli mowa o Rosji, to trener kadry U-22 Piotr Graban m\u00f3wi\u0142 o tym, \u017ce w rozgrywkach m\u0142odzie\u017cowych coraz cz\u0119\u015bciej m\u00f3wi si\u0119 o wprowadzaniu rosyjskich dru\u017cyn do rywalizacji. Jakie sygna\u0142y p\u0142yn\u0105, je\u015bli chodzi o rozgrywki seniorskie?<\/p>\n<p>My\u015bl\u0119, \u017ce pr\u00f3by przywr\u00f3cenia Rosjan do rozgrywek m\u0142odzie\u017cowych czy w zmaganiach siatk\u00f3wki pla\u017cowej s\u0105 pr\u00f3b\u0105 sprawdzenia reakcji \u015brodowiska. Moje zdanie si\u0119 nie zmienia \u2014 nie powinno si\u0119 dopuszcza\u0107 Rosjan do rywalizacji. Co by si\u0119 sta\u0142o, gdyby mieli zagra\u0107 mecz z Ukrain\u0105?<\/p>\n<p>Tych geopolitycznych podtekst\u00f3w nie da si\u0119 unikn\u0105\u0107. W ko\u0144cu w fazie grupowej mistrzostw Europy mamy chocia\u017cby Izrael.<\/p>\n<p>Zgadza si\u0119. W pi\u0142ce no\u017cnej te\u017c czeka nas spotkanie Iranu z USA i to mo\u017ce si\u0119 okaza\u0107 wyznacznikiem tego, jakie b\u0119d\u0105 reakcje kibic\u00f3w i \u015brodowiska. Ryzyko jest wysokie, ale najwa\u017cniejsze jest bezpiecze\u0144stwo zawodnik\u00f3w. Wola\u0142bym, \u017ceby rodziny sportowc\u00f3w mog\u0142y cieszy\u0107 si\u0119 ich rywalizacj\u0105, a nie obawia\u0107 o swoje bezpiecze\u0144stwo w trakcie turnieju.<\/p>\n","protected":false},"excerpt":{"rendered":"Edyta Kowalczyk, Przegl\u0105d Sportowy Onet: Obydwie kadry \u2014 \u017ce\u0144sk\u0105 i m\u0119sk\u0105 \u2014 przed sezonem dotkn\u0119\u0142o wiele zmian personalnych,&hellip;\n","protected":false},"author":2,"featured_media":410555,"comment_status":"","ping_status":"","sticky":false,"template":"","format":"standard","meta":{"footnotes":"","_share_on_mastodon":"0"},"categories":[24],"tags":[61195,48,2841,6970,46,42,38,40,39,41,355,1011,47,132,131,127,126],"class_list":["post-410554","post","type-post","status-publish","format-standard","has-post-thumbnail","category-sport","tag-bottomfeed_styl","tag-nat_styl","tag-nikola_grbic","tag-norbert_huber","tag-omp","tag-pl","tag-poland","tag-polish","tag-polska","tag-polski","tag-reprezentacja_polski","tag-reprezentacja_polski_siatkarzy","tag-screening_general","tag-sebastian_swiderski","tag-siatkowka","tag-sport","tag-sports"],"share_on_mastodon":{"url":"https:\/\/pubeurope.com\/@pl\/116524009652155146","error":""},"_links":{"self":[{"href":"https:\/\/www.europesays.com\/pl\/wp-json\/wp\/v2\/posts\/410554","targetHints":{"allow":["GET"]}}],"collection":[{"href":"https:\/\/www.europesays.com\/pl\/wp-json\/wp\/v2\/posts"}],"about":[{"href":"https:\/\/www.europesays.com\/pl\/wp-json\/wp\/v2\/types\/post"}],"author":[{"embeddable":true,"href":"https:\/\/www.europesays.com\/pl\/wp-json\/wp\/v2\/users\/2"}],"replies":[{"embeddable":true,"href":"https:\/\/www.europesays.com\/pl\/wp-json\/wp\/v2\/comments?post=410554"}],"version-history":[{"count":0,"href":"https:\/\/www.europesays.com\/pl\/wp-json\/wp\/v2\/posts\/410554\/revisions"}],"wp:featuredmedia":[{"embeddable":true,"href":"https:\/\/www.europesays.com\/pl\/wp-json\/wp\/v2\/media\/410555"}],"wp:attachment":[{"href":"https:\/\/www.europesays.com\/pl\/wp-json\/wp\/v2\/media?parent=410554"}],"wp:term":[{"taxonomy":"category","embeddable":true,"href":"https:\/\/www.europesays.com\/pl\/wp-json\/wp\/v2\/categories?post=410554"},{"taxonomy":"post_tag","embeddable":true,"href":"https:\/\/www.europesays.com\/pl\/wp-json\/wp\/v2\/tags?post=410554"}],"curies":[{"name":"wp","href":"https:\/\/api.w.org\/{rel}","templated":true}]}}