{"id":410751,"date":"2026-05-05T23:19:08","date_gmt":"2026-05-05T23:19:08","guid":{"rendered":"https:\/\/www.europesays.com\/pl\/410751\/"},"modified":"2026-05-05T23:19:08","modified_gmt":"2026-05-05T23:19:08","slug":"trzykrotna-mistrzyni-olimpijska-konczy-kariere-kiedys-grala-w-wisle-krakow","status":"publish","type":"post","link":"https:\/\/www.europesays.com\/pl\/410751\/","title":{"rendered":"Trzykrotna mistrzyni olimpijska ko\u0144czy karier\u0119. Kiedy\u015b gra\u0142a w Wi\u015ble Krak\u00f3w"},"content":{"rendered":"<p>Wybrana w 2012 r. najlepsz\u0105 koszykark\u0105 (MVP) rozgrywek WNBA, wyst\u0119powa\u0142a w nich przez 15 lat w zespo\u0142ach z Connecticut, Nowego Jorku, Waszyngtonu, Phoenix, Seattle i Atlanty. Ma na koncie 8396 punkt\u00f3w (liderka Diana Taurasi \u2014 10 646), ale nigdy nie zdoby\u0142a mistrzostwa tej ameryka\u0144skiej ligi.<\/p>\n<p> Dalszy ci\u0105g artyku\u0142u pod materia\u0142em wideo Trzykrotna mistrzyni olimpijska ko\u0144czy karier\u0119<\/p>\n<p>\u2014 Do\u015bwiadczy\u0142am w karierze najwi\u0119kszych sukces\u00f3w, ale i najbardziej bolesnych pora\u017cek, ale za wszystko co mnie spotka\u0142o jestem wdzi\u0119czna \u2014 napisa\u0142a Charles.<\/p>\n<p>Z reprezentacj\u0105 USA zdoby\u0142a trzy z\u0142ote medale olimpijskie \u2014 w Londynie (2012), Rio de Janeiro (2016) i Tokio (2021) oraz trzy tytu\u0142y w mistrzostwach \u015bwiata (2010, 2014, 2018).<\/p>\n","protected":false},"excerpt":{"rendered":"Wybrana w 2012 r. najlepsz\u0105 koszykark\u0105 (MVP) rozgrywek WNBA, wyst\u0119powa\u0142a w nich przez 15 lat w zespo\u0142ach z&hellip;\n","protected":false},"author":2,"featured_media":410752,"comment_status":"","ping_status":"","sticky":false,"template":"","format":"standard","meta":{"footnotes":"","_share_on_mastodon":"0"},"categories":[51606],"tags":[61195,2449,1304,48,46,42,38,40,39,41,47,76136,46304],"class_list":["post-410751","post","type-post","status-publish","format-standard","has-post-thumbnail","category-krakow","tag-bottomfeed_styl","tag-koszykowka","tag-krakow","tag-nat_styl","tag-omp","tag-pl","tag-poland","tag-polish","tag-polska","tag-polski","tag-screening_general","tag-tina_charles","tag-wnba"],"share_on_mastodon":{"url":"https:\/\/pubeurope.com\/@pl\/116524532972981304","error":""},"_links":{"self":[{"href":"https:\/\/www.europesays.com\/pl\/wp-json\/wp\/v2\/posts\/410751","targetHints":{"allow":["GET"]}}],"collection":[{"href":"https:\/\/www.europesays.com\/pl\/wp-json\/wp\/v2\/posts"}],"about":[{"href":"https:\/\/www.europesays.com\/pl\/wp-json\/wp\/v2\/types\/post"}],"author":[{"embeddable":true,"href":"https:\/\/www.europesays.com\/pl\/wp-json\/wp\/v2\/users\/2"}],"replies":[{"embeddable":true,"href":"https:\/\/www.europesays.com\/pl\/wp-json\/wp\/v2\/comments?post=410751"}],"version-history":[{"count":0,"href":"https:\/\/www.europesays.com\/pl\/wp-json\/wp\/v2\/posts\/410751\/revisions"}],"wp:featuredmedia":[{"embeddable":true,"href":"https:\/\/www.europesays.com\/pl\/wp-json\/wp\/v2\/media\/410752"}],"wp:attachment":[{"href":"https:\/\/www.europesays.com\/pl\/wp-json\/wp\/v2\/media?parent=410751"}],"wp:term":[{"taxonomy":"category","embeddable":true,"href":"https:\/\/www.europesays.com\/pl\/wp-json\/wp\/v2\/categories?post=410751"},{"taxonomy":"post_tag","embeddable":true,"href":"https:\/\/www.europesays.com\/pl\/wp-json\/wp\/v2\/tags?post=410751"}],"curies":[{"name":"wp","href":"https:\/\/api.w.org\/{rel}","templated":true}]}}