{"id":41081,"date":"2025-10-09T23:00:15","date_gmt":"2025-10-09T23:00:15","guid":{"rendered":"https:\/\/www.europesays.com\/pl\/41081\/"},"modified":"2025-10-09T23:00:15","modified_gmt":"2025-10-09T23:00:15","slug":"t-love-zakonczyl-wspolprace-z-muzykiem-muniek-staszczyk-zdradza-powod-2","status":"publish","type":"post","link":"https:\/\/www.europesays.com\/pl\/41081\/","title":{"rendered":"T.Love zako\u0144czy\u0142 wsp\u00f3\u0142prac\u0119 z muzykiem. Muniek Staszczyk zdradza pow\u00f3d"},"content":{"rendered":"<p class=\"ods-c-paragraph \">Zesp\u00f3\u0142 <a href=\"https:\/\/plejada.pl\/tlove-zespol\" id=\"0b2376ac-8682-462c-8c97-b003ea164642\" rel=\"nofollow noopener\" target=\"_blank\">T.Love<\/a> og\u0142osi\u0142 zako\u0144czenie wsp\u00f3\u0142pracy z Janem Benedekiem, jednym z kluczowych cz\u0142onk\u00f3w grupy, kt\u00f3ry przez lata wsp\u00f3\u0142tworzy\u0142 jej sukcesy.<\/p>\n<p class=\"ods-c-paragraph \">&#8222;Szanowni Pa\u0144stwo, informujemy, i\u017c z dniem 6.10.2025 r. zesp\u00f3\u0142 T.Love zako\u0144czy\u0142 wsp\u00f3\u0142prac\u0119 z Janem Benedekiem. Bardzo dzi\u0119kujemy Janowi za wsp\u00f3lny udany powr\u00f3t zespo\u0142u w sk\u0142adzie z p\u0142yty King, przypiecz\u0119towany wydaniem w 2022 r. p\u0142yty pt. Hau, hau! \u017byczymy wszystkiego, co dobre na dalszej drodze muzycznej&#8221; \u2014 czytamy w komunikacie.<\/p>\n<p>Dalszy ci\u0105g artyku\u0142u pod materia\u0142em wideo<\/p>\n<p> Dlaczego T.Love zako\u0144czy\u0142 wsp\u00f3\u0142prac\u0119 z Janem Benedekiem? <\/p>\n<p> Kiedy zako\u0144czono wsp\u00f3\u0142prac\u0119 z Janem Benedekiem? <\/p>\n<p> Co powiedzia\u0142 Muniek Staszczyk na temat Benedeka? <\/p>\n<p> Jak Jan Benedek skomentowa\u0142 zako\u0144czenie wsp\u00f3\u0142pracy? <\/p>\n<p>  To dlatego T.Love zako\u0144czy\u0142 z nim wsp\u00f3\u0142prac\u0119. Muniek Staszczyk m\u00f3wi wprost<\/p>\n<p class=\"ods-c-paragraph \">O zako\u0144czone wsp\u00f3\u0142pracy poinformowa\u0142 tak\u017ce Jan Benedek za po\u015brednictwem Facebooka.<\/p>\n<p class=\"ods-c-paragraph \">&#8222;Drodzy pa\u0144stwo, dojechali\u015bmy do stacji ko\u0144cowej naszej wsp\u00f3\u0142pracy z Zygmuntem Staszczykiem. Ja jad\u0119 dalej swoj\u0105 drog\u0105 z paroma refleksjami. Do wsp\u00f3lnego tworzenia muzyki potrzebny jest wsp\u00f3lny g\u0142os, wsp\u00f3lne emocje i przyjacielskie relacje. A nie ma dobrych relacji bez szacunku i transparentno\u015bci&#8221; \u2014 napisa\u0142.<\/p>\n<p class=\"ods-c-paragraph \">Muzyk doda\u0142, \u017ce nie czuje si\u0119 ju\u017c cz\u0119\u015bci\u0105 nowego T.Love: &#8222;Szczerze powiem, \u017ce nie do ko\u0144ca odnajduj\u0119 si\u0119 w najnowszej muzyce prezentowanej jako T.Love\/Muniek, ale \u017cycz\u0119 zespo\u0142owi wytrwa\u0142o\u015bci w dalszej drodze&#8221;.<\/p>\n<p class=\"ods-c-paragraph \">Muniek Staszczyk, <a rel=\"nofollow noopener\" href=\"https:\/\/ludzie.fakt.pl\/muniek-rozstal-sie-z-benedekiem-historia-sprzed-30-lat-wraca-jak-bumerang\/vtlmlnp\" id=\"d891ee63-cc79-40cd-804d-0e93d18c9603\" target=\"_blank\">w rozmowie z &#8222;Faktem&#8221;<\/a>, odni\u00f3s\u0142 si\u0119 do sytuacji, podkre\u015blaj\u0105c, \u017ce decyzja o zako\u0144czeniu wsp\u00f3\u0142pracy z Benedekiem by\u0142a trudna, ale nieunikniona.<\/p>\n<p class=\"ods-c-paragraph \">&#8222;Janek jest \u015bwietnym kompozytorem i gitarzyst\u0105, i wiele wni\u00f3s\u0142 do historii T.Love. Razem stworzyli\u015bmy \u00bbWarszaw\u0119\u00ab i \u00bbKinga\u00ab, ale ma bardzo trudny charakter i dlatego te\u017c bardzo ci\u0119\u017cko si\u0119 z nim pracuje, i dlatego musieli\u015bmy si\u0119 rozsta\u0107&#8221; \u2014 przekaza\u0142 Staszczyk za po\u015brednictwem swojego menad\u017cera.<\/p>\n<p><img decoding=\"async\" src=\"https:\/\/www.europesays.com\/pl\/wp-content\/uploads\/2025\/10\/5OGk9lBaHR0cHM6Ly9vY2RuLmV1L3B1bHNjbXMvTURBXy8zZDU5YmNlNGJlZWI4MjE4YzU4YTRjNjU2NDQ5MTIzMi5qcGeSlQPMx.jpeg\" height=\"529\" width=\"940\" alt=\"Jan Benedek, Muniek Staszczyk\" loading=\"lazy\" class=\"ods-c-image__img ods-c-image__img--viewport-width\"\/><\/p>\n<p>Jan Benedek, Muniek StaszczykAndras Szilagyi \/ MW Media<\/p>\n<p class=\"ods-c-paragraph \">Dzi\u0119kujemy, \u017ce przeczyta\u0142a\u015b\/e\u015b nasz artyku\u0142 do ko\u0144ca. W serwisie Plejada.pl ka\u017cdego dnia piszemy o najwa\u017cniejszych wydarzeniach show-biznesowych. B\u0105d\u017a na bie\u017c\u0105co! <a rel=\"nofollow noopener\" href=\"https:\/\/news.google.com\/publications\/CAAiEF0PeAlb7W1llpV_mwV2rL4qFAgKIhBdD3gJW-1tZZaVf5sFdqy-?hl=pl&amp;gl=PL&amp;ceid=PL%3Apl\" id=\"67e1b447-65a0-4471-a6a3-cd3910d47b64\" target=\"_blank\">Obserwuj<\/a> Plejad\u0119 w Wiadomo\u015bciach Google. Odwied\u017a nas tak\u017ce na <a rel=\"nofollow noopener\" href=\"https:\/\/www.facebook.com\/plejadapl\" id=\"63bf8ac3-64fc-45e2-b2d8-c072aeba6649\" target=\"_blank\">Facebooku<\/a>, <a rel=\"nofollow noopener\" href=\"https:\/\/www.instagram.com\/plejadapl\/\" id=\"6eccf24f-018a-499f-9153-c4d6a64dc92c\" target=\"_blank\">Instagramie<\/a>, <a rel=\"nofollow noopener\" href=\"https:\/\/www.youtube.com\/c\/plejada\" id=\"86908df0-d6d7-412a-b9e3-49c4da732b55\" target=\"_blank\">YouTube<\/a> oraz <a rel=\"nofollow noopener\" href=\"https:\/\/www.tiktok.com\/@plejada_pl\" id=\"a59566f8-4ee2-4886-bb60-2f3a1bc636d4\" target=\"_blank\">TikToku<\/a>.<\/p>\n<p class=\"ods-c-paragraph \">Chcesz podzieli\u0107 si\u0119 ciekawym newsem lub zaproponowa\u0107 temat? Skontaktuj si\u0119 z nami, pisz\u0105c e-maila na adres: <a rel=\"nofollow noopener\" href=\"https:\/\/plejada.pl\/newsy\/tlove-zakonczyl-wspolprace-z-muzykiem-muniek-staszczyk-zdradza-powod\/mailto:plejada@redakcjaonet.pl\" id=\"bf5886f2-9f08-486c-aacd-943dd87d044e\" target=\"_blank\">plejada@redakcjaonet.pl<\/a>.<\/p>\n<p><script async src=\"\/\/www.instagram.com\/embed.js\"><\/script><script async src=\"\/\/www.tiktok.com\/embed.js\"><\/script><\/p>\n","protected":false},"excerpt":{"rendered":"Zesp\u00f3\u0142 T.Love og\u0142osi\u0142 zako\u0144czenie wsp\u00f3\u0142pracy z Janem Benedekiem, jednym z kluczowych cz\u0142onk\u00f3w grupy, kt\u00f3ry przez lata wsp\u00f3\u0142tworzy\u0142 jej&hellip;\n","protected":false},"author":2,"featured_media":41082,"comment_status":"","ping_status":"","sticky":false,"template":"","format":"standard","meta":{"footnotes":""},"categories":[22],"tags":[122,11797,11796,48,125,46,42,38,40,39,41,123,47,11308],"class_list":{"0":"post-41081","1":"post","2":"type-post","3":"status-publish","4":"format-standard","5":"has-post-thumbnail","7":"category-rozrywka","8":"tag-entertainment","9":"tag-jan_benedek","10":"tag-muniek_staszczyk","11":"tag-nat_styl","12":"tag-newsy","13":"tag-omp","14":"tag-pl","15":"tag-poland","16":"tag-polish","17":"tag-polska","18":"tag-polski","19":"tag-rozrywka","20":"tag-screening_general","21":"tag-t_love"},"share_on_mastodon":{"url":"","error":""},"_links":{"self":[{"href":"https:\/\/www.europesays.com\/pl\/wp-json\/wp\/v2\/posts\/41081","targetHints":{"allow":["GET"]}}],"collection":[{"href":"https:\/\/www.europesays.com\/pl\/wp-json\/wp\/v2\/posts"}],"about":[{"href":"https:\/\/www.europesays.com\/pl\/wp-json\/wp\/v2\/types\/post"}],"author":[{"embeddable":true,"href":"https:\/\/www.europesays.com\/pl\/wp-json\/wp\/v2\/users\/2"}],"replies":[{"embeddable":true,"href":"https:\/\/www.europesays.com\/pl\/wp-json\/wp\/v2\/comments?post=41081"}],"version-history":[{"count":0,"href":"https:\/\/www.europesays.com\/pl\/wp-json\/wp\/v2\/posts\/41081\/revisions"}],"wp:featuredmedia":[{"embeddable":true,"href":"https:\/\/www.europesays.com\/pl\/wp-json\/wp\/v2\/media\/41082"}],"wp:attachment":[{"href":"https:\/\/www.europesays.com\/pl\/wp-json\/wp\/v2\/media?parent=41081"}],"wp:term":[{"taxonomy":"category","embeddable":true,"href":"https:\/\/www.europesays.com\/pl\/wp-json\/wp\/v2\/categories?post=41081"},{"taxonomy":"post_tag","embeddable":true,"href":"https:\/\/www.europesays.com\/pl\/wp-json\/wp\/v2\/tags?post=41081"}],"curies":[{"name":"wp","href":"https:\/\/api.w.org\/{rel}","templated":true}]}}