{"id":411684,"date":"2026-05-06T10:00:10","date_gmt":"2026-05-06T10:00:10","guid":{"rendered":"https:\/\/www.europesays.com\/pl\/411684\/"},"modified":"2026-05-06T10:00:10","modified_gmt":"2026-05-06T10:00:10","slug":"victoria-beckham-przerwala-milczenie-w-sprawie-najstarszego-syna-brooklyna","status":"publish","type":"post","link":"https:\/\/www.europesays.com\/pl\/411684\/","title":{"rendered":"Victoria Beckham przerwa\u0142a milczenie w sprawie najstarszego syna Brooklyna"},"content":{"rendered":"<p>Victoria Beckham w podca\u015bcie &#8222;Aspire&#8221; prowadzonym przez Emm\u0119 Grede zaznaczy\u0142a, \u017ce razem z Davidem Beckhamem nigdy nie mieli na celu zbudowania &#8222;marki Beckham&#8221;, co sta\u0142o si\u0119 samoczynnie. Zaznaczy\u0142a, \u017ce oboje starali si\u0119 robi\u0107 swoje, rozwijaj\u0105c swoje pasje i zainteresowania, chroni\u0105c przy tym swoje dzieci. Brooklyn Beckham jaki\u015b czas temu o\u015bwiadczy\u0142, \u017ce nie jest ju\u017c cz\u0119\u015bci\u0105 &#8222;marki Beckham&#8221;, sugeruj\u0105c, \u017ce rodzina robi wszystko, by dobrze wypa\u015b\u0107 i pokaza\u0107 si\u0119 od jak najlepszej strony.<\/p>\n<p> Dalszy ci\u0105g artyku\u0142u pod materia\u0142em wideo Victoria Beckham o &#8222;marce Beckham&#8221;<\/p>\n<p>&#8222;Ludzie m\u00f3wi\u0105 o \u00bbmarce Beckham\u00ab, ale to sta\u0142o si\u0119 tak naturalnie. Kiedy pierwszy raz spotka\u0142am Davida, by\u0142 przedstawicielem Adidasa, Brylcreem i Pepsi, a ja by\u0142am w Spice Girls i tam nauczy\u0142am si\u0119 tak wiele o budowaniu marki i marketingu&#8221; \u2014 zaznaczy\u0142a projektantka mody, dodaj\u0105c, \u017ce nie ma z m\u0119\u017cem wsp\u00f3lnych interes\u00f3w.<\/p>\n<p>&#8222;Zawsze tak by\u0142o. Mamy bardzo r\u00f3\u017cne zainteresowania. My\u015bl\u0119, \u017ce to \u015bwiat zewn\u0119trzny tak naprawd\u0119 m\u00f3wi\u0142 o \u00bbmarce Beckham\u00ab, my nigdy tak tego nie postrzegali\u015bmy. Po prostu robimy to, co robimy&#8221; \u2014 zaznaczy\u0142a by\u0142a &#8222;Posh Spice&#8221;, sugeruj\u0105c, \u017ce ich dzieci mog\u0142y odczuwa\u0107 presj\u0119, dorastaj\u0105c w takim domu, jak ich, cho\u0107 zawsze stara\u0142a si\u0119 je chroni\u0107.<\/p>\n<p>     Victoria Beckham jasno o dzieciach<\/p>\n<p>&#8222;Nasze dzieci mia\u0142y zupe\u0142nie inne dzieci\u0144stwo ni\u017c ja i David i my\u015bl\u0119, \u017ce \u015bwiat jest teraz zupe\u0142nie inny, ni\u017c wtedy, gdy byli m\u0142odsi. Zawsze starali\u015bmy si\u0119 chroni\u0107 dzieci&#8221; \u2014 zaznaczy\u0142a Victoria Beckham, nawi\u0105zuj\u0105c do tego, o co w swoim o\u015bwiadczeniu oskar\u017ca\u0142 ich Brooklyn Beckham.<\/p>\n<p>&#8222;Nigdy nie by\u0142am nachalna. Ostatecznie chcemy, \u017ceby dzieci by\u0142y pracowite i \u017cyczliwe. Zawsze chcia\u0142am by\u0107 najlepsz\u0105 mam\u0105, jak\u0105 tylko potrafi\u0119 i opiekowa\u0107 si\u0119 dzie\u0107mi. Czuj\u0119 te\u017c, \u017ce pomaganie im w pe\u0142ni wykorzysta\u0107 ich potencja\u0142 jest cz\u0119\u015bci\u0105 mojej pracy&#8221; \u2014 doda\u0142a celebrytka, nie kryj\u0105c, \u017ce zamierza wspiera\u0107 dzieci, a nie im co\u015b narzuca\u0107.<\/p>\n<p>Przy okazji pochwali\u0142a si\u0119 te\u017c sukcesami swoich m\u0142odszych pociech. Zdradzi\u0142a, \u017ce Cruz rozpocz\u0105\u0142 karier\u0119 muzyczn\u0105 i jest obecnie w trasie koncertowej, a Harper Beckham, zainspirowana swoj\u0105 walk\u0105 z tr\u0105dzikiem, za\u0142o\u017cy\u0142a w\u0142asn\u0105 mark\u0119 kosmetyk\u00f3w, kt\u00f3ra latem wejdzie na rynek z lini\u0105 kosmetyk\u00f3w skierowan\u0105 do pokolenia Z i Alfa.<\/p>\n","protected":false},"excerpt":{"rendered":"Victoria Beckham w podca\u015bcie &#8222;Aspire&#8221; prowadzonym przez Emm\u0119 Grede zaznaczy\u0142a, \u017ce razem z Davidem Beckhamem nigdy nie mieli&hellip;\n","protected":false},"author":2,"featured_media":411685,"comment_status":"","ping_status":"","sticky":false,"template":"","format":"standard","meta":{"footnotes":"","_share_on_mastodon":"0"},"categories":[52122],"tags":[61195,9693,9400,48,129,46,6010,752,42,38,40,39,41,47,9326,130],"class_list":["post-411684","post","type-post","status-publish","format-standard","has-post-thumbnail","category-pko-bank-polski","tag-bottomfeed_styl","tag-brooklyn_beckham","tag-david_beckham","tag-nat_styl","tag-ofsajd","tag-omp","tag-pko-bank-polski","tag-pko-bp","tag-pl","tag-poland","tag-polish","tag-polska","tag-polski","tag-screening_general","tag-victoria_beckham","tag-wiadomosci_sportowe"],"share_on_mastodon":{"url":"https:\/\/pubeurope.com\/@pl\/116527053408578331","error":""},"_links":{"self":[{"href":"https:\/\/www.europesays.com\/pl\/wp-json\/wp\/v2\/posts\/411684","targetHints":{"allow":["GET"]}}],"collection":[{"href":"https:\/\/www.europesays.com\/pl\/wp-json\/wp\/v2\/posts"}],"about":[{"href":"https:\/\/www.europesays.com\/pl\/wp-json\/wp\/v2\/types\/post"}],"author":[{"embeddable":true,"href":"https:\/\/www.europesays.com\/pl\/wp-json\/wp\/v2\/users\/2"}],"replies":[{"embeddable":true,"href":"https:\/\/www.europesays.com\/pl\/wp-json\/wp\/v2\/comments?post=411684"}],"version-history":[{"count":0,"href":"https:\/\/www.europesays.com\/pl\/wp-json\/wp\/v2\/posts\/411684\/revisions"}],"wp:featuredmedia":[{"embeddable":true,"href":"https:\/\/www.europesays.com\/pl\/wp-json\/wp\/v2\/media\/411685"}],"wp:attachment":[{"href":"https:\/\/www.europesays.com\/pl\/wp-json\/wp\/v2\/media?parent=411684"}],"wp:term":[{"taxonomy":"category","embeddable":true,"href":"https:\/\/www.europesays.com\/pl\/wp-json\/wp\/v2\/categories?post=411684"},{"taxonomy":"post_tag","embeddable":true,"href":"https:\/\/www.europesays.com\/pl\/wp-json\/wp\/v2\/tags?post=411684"}],"curies":[{"name":"wp","href":"https:\/\/api.w.org\/{rel}","templated":true}]}}