{"id":411751,"date":"2026-05-06T10:36:07","date_gmt":"2026-05-06T10:36:07","guid":{"rendered":"https:\/\/www.europesays.com\/pl\/411751\/"},"modified":"2026-05-06T10:36:07","modified_gmt":"2026-05-06T10:36:07","slug":"modernizacja-a4-legnica-wroclaw-co-z-wezlami","status":"publish","type":"post","link":"https:\/\/www.europesays.com\/pl\/411751\/","title":{"rendered":"Modernizacja A4 Legnica \u2013 Wroc\u0142aw. Co z w\u0119z\u0142ami?"},"content":{"rendered":"<p>Trwaj\u0105 przygotowania do rozbudowy A4 i poszerzenia jej na odcinku pomi\u0119dzy Legnic\u0105 i Wroc\u0142awiem. Lokalna spo\u0142eczno\u015b\u0107, patrz\u0105c na wst\u0119pne plany, obawia si\u0119, \u017ce dotychczasowe w\u0119z\u0142y zostan\u0105 usuni\u0119te, co utrudni po\u0142\u0105czenie z g\u0142\u00f3wnym szlakiem komunikacyjnym w regionie. Spraw\u0119 obja\u015bni\u0142 Stanis\u0142aw Bukowiec. <\/p>\n<p>Spraw\u0119 poruszy\u0142 pose\u0142 Pawe\u0142 Hreniak w interpelacji do Ministra Infrastruktur. Jak wskaza\u0142, zgodnie z informacjami Generalnej Dyrekcji Dr\u00f3g Krajowych i Autostrad odcinek licz\u0105cy oko\u0142o 80 km ma by\u0107 realizowany w latach 2029\u20132034 w formule projektuj i buduj, z wnioskami o decyzje \u015brodowiskowe planowanymi na 2026 rok dla fragmentu Legnica \u2013 Kostom\u0142oty oraz 2027 rok dla Kostom\u0142oty\u2013Stary \u015alesz\u00f3w.<\/p>\n<p>Pose\u0142 doda\u0142, \u017ce decyzja o prowadzeniu trasy w istniej\u0105cym \u015bladzie od Legnicy do okolic Kostom\u0142ot\u00f3w oraz w nowym \u015bladzie od Kostom\u0142ot\u00f3w do Starego \u015aleszowa budzi pytania co do wp\u0142ywu na lokalne spo\u0142eczno\u015bci, rolnictwo i bezpiecze\u0144stwo ruchu.<\/p>\n<p>\u2013 Modernizacja tej kluczowej arterii komunikacyjnej na Dolnym \u015al\u0105sku jest niezb\u0119dna ze wzgl\u0119du na rosn\u0105ce nat\u0119\u017cenie ruchu oraz zu\u017cycie infrastruktury, jednak brak informacji, co do zmian w uk\u0142adzie w\u0119z\u0142\u00f3w drogowych rodzi obawy w\u015br\u00f3d mieszka\u0144c\u00f3w gmin. Z dost\u0119pnych danych wynika, \u017ce plan zak\u0142ada likwidacj\u0119 kilku istniej\u0105cych w\u0119z\u0142\u00f3w, co mo\u017ce prowadzi\u0107 do marginalizacji komunikacyjnej niekt\u00f3rych obszar\u00f3w, wyd\u0142u\u017cenia dojazd\u00f3w s\u0142u\u017cb ratowniczych i spadku rozwoju gospodarczego. Jednocze\u015bnie pojawiaj\u0105 si\u0119 informacje o nowych w\u0119z\u0142ach, co wymaga wyja\u015bnienia w kontek\u015bcie zr\u00f3wnowa\u017conego rozwoju regionu \u2013 wskaza\u0142 Hreniak, dopytuj\u0105c ministra, kt\u00f3re w\u0119z\u0142y zostan\u0105 zachowane, kt\u00f3re s\u0105 planowane do likwidacji, a gdzie zaplanowano nowe.<\/p>\n<p>Na interpelacj\u0119 odpowiedzia\u0142 sekretarz stanu w resorcie \u2013 Stanis\u0142aw Bukowiec. Przypomnia\u0142, \u017ce przewidywany przez GDDKiA zakres rzeczowy dotycz\u0105cy modernizacji A4 do przekroju 2&#215;3 pasy ruchu wraz z pasem awaryjnym dla odcinka Legnica Po\u0142udnie (z w\u0119z\u0142em) \u2013 Wroc\u0142aw Wsch\u00f3d (bez w\u0119z\u0142a)\/w\u0119ze\u0142 Stary \u015alesz\u00f3w (z w\u0119z\u0142em) obejmuje zachowanie w\u0119z\u0142\u00f3w drogowych: Legnica Po\u0142udnie, Legnica Wsch\u00f3d, Miko\u0142ajowice, W\u0105dro\u017ce Wielkie, Budzisz\u00f3w oraz Kostom\u0142oty.<\/p>\n<p>\u2013 Nale\u017cy przy tym wskaza\u0107, \u017ce obecnie funkcjonuj\u0105ce w\u0119z\u0142y drogowe autostrady A4 tj. w\u0119ze\u0142 K\u0105ty Wroc\u0142awskie, Pietrzykowice, Wroc\u0142aw Po\u0142udnie, Bielany Wroc\u0142awskie, Wroc\u0142aw Wsch\u00f3d pozostan\u0105 elementem infrastruktury drogowej Dolno\u015bl\u0105skiej S\u0142u\u017cby Dr\u00f3g i Kolei. W chwili oddania do u\u017cytkowania nowego odcinka autostrady A4 dotychczasowy w starym \u015bladzie zostanie bowiem pozbawiony kategorii dr\u00f3g krajowych i zaliczony do kategorii dr\u00f3g wojew\u00f3dzkich w trybie art. 10 ust. 5 ustawy o drogach publicznych \u2013 obja\u015bni\u0142 Bukowiec.<\/p>\n<p>Wiceminister doda\u0142, \u017ce zrezygnowano ze skomunikowania rozbudowanej autostrady A4 za pomoc\u0105 w\u0119z\u0142\u00f3w: Udanin oraz Jaros\u0142aw (Go\u015bcis\u0142aw), ale niezale\u017cnie od tego zaproponowano rozwi\u0105zanie techniczne polegaj\u0105ce na wprowadzeniu dodatkowych jezdni od w\u0119z\u0142a Budzisz\u00f3w do po\u0142\u0105czenia z drog\u0105 powiatow\u0105 nr 2020D przy istniej\u0105cym w\u0119\u017ale Udanin oraz od w\u0119z\u0142a Kostom\u0142oty do po\u0142\u0105czenia z drog\u0105 powiatow\u0105 nr 2027D przy istniej\u0105cym w\u0119\u017ale Jaros\u0142aw (Go\u015bcis\u0142aw).<\/p>\n<p>\u2013 W odniesieniu do kwestii nowych w\u0119z\u0142\u00f3w planowanych do realizacji nale\u017cy podkre\u015bli\u0107, \u017ce ich lokalizacja jest zwi\u0105zana z przebiegiem autostrady A4 oraz konieczno\u015bci\u0105 skomunikowania jej z drog\u0105 ekspresow\u0105 S5 i drog\u0105 ekspresow\u0105 S8. Projektowane nowe w\u0119z\u0142y drogowe autostrady A4 to wst\u0119pnie w\u0119ze\u0142 Nowa Wie\u015b K\u0105cka, Olbrachtowice, Wierzbice, Stary \u015alesz\u00f3w. Dok\u0142adna lokalizacja zale\u017cna b\u0119dzie od jeszcze prowadzonych prac projektowych na odcinku w rejonie Wroc\u0142awia \u2013 zako\u0144czy\u0142.<\/p>\n","protected":false},"excerpt":{"rendered":"Trwaj\u0105 przygotowania do rozbudowy A4 i poszerzenia jej na odcinku pomi\u0119dzy Legnic\u0105 i Wroc\u0142awiem. Lokalna spo\u0142eczno\u015b\u0107, patrz\u0105c na&hellip;\n","protected":false},"author":2,"featured_media":411752,"comment_status":"","ping_status":"","sticky":false,"template":"","format":"standard","meta":{"footnotes":"","_share_on_mastodon":"0"},"categories":[51607],"tags":[8270,7648,7650,2624,7651,2995,3113,7649,7653,2801,42,38,40,39,41,6228,7647,76381,7646,7652,76380,1853],"class_list":["post-411751","post","type-post","status-publish","format-standard","has-post-thumbnail","category-wroclaw","tag-a4","tag-autostrada","tag-cieplownictwo","tag-energetyka","tag-linie-kolejowe","tag-lotnisko","tag-ministerstwo-infrastruktury","tag-obwodnica","tag-operatorzy","tag-pkp-plk","tag-pl","tag-poland","tag-polish","tag-polska","tag-polski","tag-porty","tag-porty-lotnicze","tag-stanislaw-bukowiec","tag-stocznie","tag-telekomunikacja","tag-wezly-drogowe","tag-wroclaw"],"share_on_mastodon":{"url":"https:\/\/pubeurope.com\/@pl\/116527195064967734","error":""},"_links":{"self":[{"href":"https:\/\/www.europesays.com\/pl\/wp-json\/wp\/v2\/posts\/411751","targetHints":{"allow":["GET"]}}],"collection":[{"href":"https:\/\/www.europesays.com\/pl\/wp-json\/wp\/v2\/posts"}],"about":[{"href":"https:\/\/www.europesays.com\/pl\/wp-json\/wp\/v2\/types\/post"}],"author":[{"embeddable":true,"href":"https:\/\/www.europesays.com\/pl\/wp-json\/wp\/v2\/users\/2"}],"replies":[{"embeddable":true,"href":"https:\/\/www.europesays.com\/pl\/wp-json\/wp\/v2\/comments?post=411751"}],"version-history":[{"count":0,"href":"https:\/\/www.europesays.com\/pl\/wp-json\/wp\/v2\/posts\/411751\/revisions"}],"wp:featuredmedia":[{"embeddable":true,"href":"https:\/\/www.europesays.com\/pl\/wp-json\/wp\/v2\/media\/411752"}],"wp:attachment":[{"href":"https:\/\/www.europesays.com\/pl\/wp-json\/wp\/v2\/media?parent=411751"}],"wp:term":[{"taxonomy":"category","embeddable":true,"href":"https:\/\/www.europesays.com\/pl\/wp-json\/wp\/v2\/categories?post=411751"},{"taxonomy":"post_tag","embeddable":true,"href":"https:\/\/www.europesays.com\/pl\/wp-json\/wp\/v2\/tags?post=411751"}],"curies":[{"name":"wp","href":"https:\/\/api.w.org\/{rel}","templated":true}]}}