{"id":414678,"date":"2026-05-07T17:29:09","date_gmt":"2026-05-07T17:29:09","guid":{"rendered":"https:\/\/www.europesays.com\/pl\/414678\/"},"modified":"2026-05-07T17:29:09","modified_gmt":"2026-05-07T17:29:09","slug":"nagi-mezczyzna-przy-sciezce-rowerowej-w-krakowie-policja-bada-sprawe","status":"publish","type":"post","link":"https:\/\/www.europesays.com\/pl\/414678\/","title":{"rendered":"Nagi m\u0119\u017cczyzna przy \u015bcie\u017cce rowerowej w Krakowie. Policja bada spraw\u0119"},"content":{"rendered":"<p class=\"Paragraph_desktopParagraph__U31Gm\">Jak poinformowa\u0142 dzi\u015b, 7 maja, portal dziennikpolski.pl, w poniedzia\u0142ek 4 maja w godzinach popo\u0142udniowych na popularnej trasie rowerowej Krak\u00f3w\u2013Tyniec dosz\u0142o do niecodziennego i niepokoj\u0105cego zdarzenia. Wed\u0142ug relacji \u015bwiadk\u00f3w, nagi m\u0119\u017cczyzna mia\u0142 nagle wyj\u015b\u0107 z zaro\u015bli znajduj\u0105cych si\u0119 mi\u0119dzy Wis\u0142\u0105 a \u015bcie\u017ck\u0105 rowerow\u0105, po czym przez oko\u0142o 200\u2013300 metr\u00f3w bieg\u0142 wzd\u0142u\u017c trasy ucz\u0119szczanej przez rowerzyst\u00f3w i spacerowicz\u00f3w.<\/p>\n<p class=\"Paragraph_desktopParagraph__U31Gm\">Po chwili m\u0119\u017cczyzna ponownie mia\u0142 znikn\u0105\u0107 w g\u0119stwinie ro\u015blinno\u015bci. Zdarzenie mia\u0142o miejsce oko\u0142o godziny 17.15\u201317.20 w rejonie oddalonym o kilka kilometr\u00f3w od basenu Kolna, w kierunku Zakrz\u00f3wka i Ty\u0144ca.<\/p>\n<p class=\"Paragraph_desktopParagraph__U31Gm\">Jak przekaza\u0142 portal dziennikpolski.pl, spraw\u0119 redakcji i policji zg\u0142osi\u0142a jedna z rowerzystek, kt\u00f3ra by\u0142a \u015bwiadkiem incydentu. Jak przekaza\u0142a, sytuacja wzbudzi\u0142a jej niepok\u00f3j, szczeg\u00f3lnie ze wzgl\u0119du na obecno\u015b\u0107 kobiet i dzieci na trasie. Kobieta opisa\u0142a sprawc\u0119 jako wysokiego, umi\u0119\u015bnionego m\u0119\u017cczyzn\u0119 o br\u0105zowych w\u0142osach.<\/p>\n<p class=\"Paragraph_desktopParagraph__U31Gm\">Policja potwierdza, \u017ce prowadzi czynno\u015bci wyja\u015bniaj\u0105ce w sprawie wykroczenia polegaj\u0105cego na nieobyczajnym wybryku w miejscu publicznym. Funkcjonariusze z Komisariatu V w Krakowie analizuj\u0105 zg\u0142oszenie i podejmuj\u0105 dzia\u0142ania maj\u0105ce na celu ustalenie to\u017csamo\u015bci m\u0119\u017cczyzny.<\/p>\n<p class=\"Paragraph_desktopParagraph__U31Gm\">S\u0142u\u017cby zapowiadaj\u0105 tak\u017ce zwi\u0119kszenie patroli w rejonie \u015bcie\u017cki rowerowej nad Wis\u0142\u0105, wskazuj\u0105c, \u017ce nie by\u0142 to pierwszy tego typu incydent w tej okolicy. Sprawa pozostaje w toku.<\/p>\n","protected":false},"excerpt":{"rendered":"Jak poinformowa\u0142 dzi\u015b, 7 maja, portal dziennikpolski.pl, w poniedzia\u0142ek 4 maja w godzinach popo\u0142udniowych na popularnej trasie rowerowej&hellip;\n","protected":false},"author":2,"featured_media":414679,"comment_status":"","ping_status":"","sticky":false,"template":"","format":"standard","meta":{"footnotes":"","_share_on_mastodon":"0"},"categories":[51606],"tags":[1009,1304,368,53,52,68,51,55,42,38,40,39,41,47,50,26],"class_list":["post-414678","post","type-post","status-publish","format-standard","has-post-thumbnail","category-krakow","tag-anejus","tag-krakow","tag-krakowdlawas","tag-new_header","tag-onet3","tag-onet3d","tag-onet3d_2i","tag-phx","tag-pl","tag-poland","tag-polish","tag-polska","tag-polski","tag-screening_general","tag-v2021","tag-wiadomosci"],"share_on_mastodon":{"url":"https:\/\/pubeurope.com\/@pl\/116534481717869746","error":""},"_links":{"self":[{"href":"https:\/\/www.europesays.com\/pl\/wp-json\/wp\/v2\/posts\/414678","targetHints":{"allow":["GET"]}}],"collection":[{"href":"https:\/\/www.europesays.com\/pl\/wp-json\/wp\/v2\/posts"}],"about":[{"href":"https:\/\/www.europesays.com\/pl\/wp-json\/wp\/v2\/types\/post"}],"author":[{"embeddable":true,"href":"https:\/\/www.europesays.com\/pl\/wp-json\/wp\/v2\/users\/2"}],"replies":[{"embeddable":true,"href":"https:\/\/www.europesays.com\/pl\/wp-json\/wp\/v2\/comments?post=414678"}],"version-history":[{"count":0,"href":"https:\/\/www.europesays.com\/pl\/wp-json\/wp\/v2\/posts\/414678\/revisions"}],"wp:featuredmedia":[{"embeddable":true,"href":"https:\/\/www.europesays.com\/pl\/wp-json\/wp\/v2\/media\/414679"}],"wp:attachment":[{"href":"https:\/\/www.europesays.com\/pl\/wp-json\/wp\/v2\/media?parent=414678"}],"wp:term":[{"taxonomy":"category","embeddable":true,"href":"https:\/\/www.europesays.com\/pl\/wp-json\/wp\/v2\/categories?post=414678"},{"taxonomy":"post_tag","embeddable":true,"href":"https:\/\/www.europesays.com\/pl\/wp-json\/wp\/v2\/tags?post=414678"}],"curies":[{"name":"wp","href":"https:\/\/api.w.org\/{rel}","templated":true}]}}