{"id":415004,"date":"2026-05-07T21:06:09","date_gmt":"2026-05-07T21:06:09","guid":{"rendered":"https:\/\/www.europesays.com\/pl\/415004\/"},"modified":"2026-05-07T21:06:09","modified_gmt":"2026-05-07T21:06:09","slug":"niemcy-znienacka-oglosili-ws-konca-kariery-kacpra-tomasiaka","status":"publish","type":"post","link":"https:\/\/www.europesays.com\/pl\/415004\/","title":{"rendered":"Niemcy znienacka og\u0142osili ws. ko\u0144ca kariery Kacpra Tomasiaka"},"content":{"rendered":"<p>&#8222;19-letni bohater olimpijski nie jest nawet pewien, czy jeszcze d\u0142ugo zostanie w Pucharze \u015awiata&#8221; \u2014 czytamy na sport.de. Tomasiak w rozmowie z radiow\u0105 Jedynk\u0105 m\u00f3wi\u0142 jednak przede wszystkim o swojej \u017cyciowej niepewno\u015bci i braku sprecyzowanego planu na przysz\u0142o\u015b\u0107. Jak podkre\u015bla\u0142, ju\u017c wcze\u015bniej trudno by\u0142o mu odpowiedzie\u0107 na pytanie, czym chce zajmowa\u0107 si\u0119 w doros\u0142ym \u017cyciu.<\/p>\n<p> Dalszy ci\u0105g artyku\u0142u pod materia\u0142em wideo <\/p>\n<p>\u2014 Ju\u017c w poprzednich latach trudno mi by\u0142o odpowiedzie\u0107 na pytanie, co b\u0119d\u0119 robi\u0142, kiedy dorosn\u0119. Postawi\u0142em na sport, ale nie mia\u0142em konkretnego planu \u2014 t\u0142umaczy\u0142 m\u0142ody skoczek.<\/p>\n<p>19-latek przyzna\u0142 r\u00f3wnie\u017c, \u017ce zawsze stara\u0142 si\u0119 &#8222;nie zamyka\u0107 sobie drzwi&#8221; i nadal nie ma ca\u0142kowitej pewno\u015bci, jak b\u0119dzie wygl\u0105da\u0142a jego przysz\u0142o\u015b\u0107. \u2014 My\u015bl\u0119, \u017ce nadal nie bardzo wiem, czy chc\u0119 dalej skaka\u0107, czy nie \u2014 m\u00f3wi\u0142 Tomasiak.<\/p>\n<p>Kluczowe jest jednak to, \u017ce w dalszej cz\u0119\u015bci rozmowy zawodnik wyra\u017anie zaznaczy\u0142, i\u017c najprawdopodobniej pozostanie w skokach jeszcze przez d\u0142ugi czas. \u2014 Prawdopodobnie b\u0119d\u0119 to skakanie jeszcze d\u0142ugo ci\u0105gn\u0105\u0142. Konkretnych plan\u00f3w na przysz\u0142o\u015b\u0107 jednak nie mam \u2014 doda\u0142.<\/p>\n<p>Niemcy wyolbrzymili rozterki Kacpra Tomasiaka     <\/p>\n<p>Ca\u0142y tekst sport.de opiera si\u0119 na naturalnych rozterkach bardzo m\u0142odego sportowca, kt\u00f3ry poza karier\u0105 dwa r\u00f3wnie\u017c o swoje wykszta\u0142cenie. Tomasiak studiuje na Akademii Kultury Fizycznej w Krakowie i w\u0142a\u015bnie na nauce zamierza skupi\u0107 si\u0119 w najbli\u017cszych miesi\u0105cach.<\/p>\n<p>\u2014 B\u0119dzie intensywnie, ale umys\u0142owo, a nie sportowo \u2014 m\u00f3wi\u0142 o nadchodz\u0105cym okresie sesji egzaminacyjnej. Po jej zako\u0144czeniu planuje wr\u00f3ci\u0107 do przygotowa\u0144 do kolejnego sezonu Pucharu \u015awiata.<\/p>\n<p>Nie ma wi\u0119c \u017cadnych sygna\u0142\u00f3w sugeruj\u0105cych rych\u0142y koniec kariery. Wr\u0119cz przeciwnie \u2014 Tomasiak ma za sob\u0105 znakomity sezon 2025\/26. Zaj\u0105\u0142 23. miejsce w klasyfikacji generalnej Pucharu \u015awiata, by\u0142 najlepszym z Polak\u00f3w i zdoby\u0142 medale olimpijskie.<\/p>\n","protected":false},"excerpt":{"rendered":"&#8222;19-letni bohater olimpijski nie jest nawet pewien, czy jeszcze d\u0142ugo zostanie w Pucharze \u015awiata&#8221; \u2014 czytamy na sport.de.&hellip;\n","protected":false},"author":2,"featured_media":415005,"comment_status":"","ping_status":"","sticky":false,"template":"","format":"standard","meta":{"footnotes":"","_share_on_mastodon":"0"},"categories":[52122],"tags":[61195,15023,48,46,6010,752,42,38,40,39,41,47,1874,5777],"class_list":["post-415004","post","type-post","status-publish","format-standard","has-post-thumbnail","category-pko-bank-polski","tag-bottomfeed_styl","tag-kacper_tomasiak","tag-nat_styl","tag-omp","tag-pko-bank-polski","tag-pko-bp","tag-pl","tag-poland","tag-polish","tag-polska","tag-polski","tag-screening_general","tag-skoki_narciarskie","tag-sporty_zimowe"],"share_on_mastodon":{"url":"https:\/\/pubeurope.com\/@pl\/116535334280604967","error":""},"_links":{"self":[{"href":"https:\/\/www.europesays.com\/pl\/wp-json\/wp\/v2\/posts\/415004","targetHints":{"allow":["GET"]}}],"collection":[{"href":"https:\/\/www.europesays.com\/pl\/wp-json\/wp\/v2\/posts"}],"about":[{"href":"https:\/\/www.europesays.com\/pl\/wp-json\/wp\/v2\/types\/post"}],"author":[{"embeddable":true,"href":"https:\/\/www.europesays.com\/pl\/wp-json\/wp\/v2\/users\/2"}],"replies":[{"embeddable":true,"href":"https:\/\/www.europesays.com\/pl\/wp-json\/wp\/v2\/comments?post=415004"}],"version-history":[{"count":0,"href":"https:\/\/www.europesays.com\/pl\/wp-json\/wp\/v2\/posts\/415004\/revisions"}],"wp:featuredmedia":[{"embeddable":true,"href":"https:\/\/www.europesays.com\/pl\/wp-json\/wp\/v2\/media\/415005"}],"wp:attachment":[{"href":"https:\/\/www.europesays.com\/pl\/wp-json\/wp\/v2\/media?parent=415004"}],"wp:term":[{"taxonomy":"category","embeddable":true,"href":"https:\/\/www.europesays.com\/pl\/wp-json\/wp\/v2\/categories?post=415004"},{"taxonomy":"post_tag","embeddable":true,"href":"https:\/\/www.europesays.com\/pl\/wp-json\/wp\/v2\/tags?post=415004"}],"curies":[{"name":"wp","href":"https:\/\/api.w.org\/{rel}","templated":true}]}}