{"id":416915,"date":"2026-05-08T17:55:12","date_gmt":"2026-05-08T17:55:12","guid":{"rendered":"https:\/\/www.europesays.com\/pl\/416915\/"},"modified":"2026-05-08T17:55:12","modified_gmt":"2026-05-08T17:55:12","slug":"kultowe-motocykle-opanuja-krakow-start-juz-jutro","status":"publish","type":"post","link":"https:\/\/www.europesays.com\/pl\/416915\/","title":{"rendered":"Kultowe motocykle opanuj\u0105 Krak\u00f3w. Start ju\u017c jutro"},"content":{"rendered":"<p>Ju\u017c jutro ulicami Krak\u00f3w przejedzie widowiskowa parada motocykli Harley-Davidson. W sobot\u0119, 9 maja, odb\u0119dzie si\u0119 jubileuszowa, pi\u0105ta edycja wydarzenia organizowanego przez Harley Owners Group Chapter Krak\u00f3w. Organizatorzy zapowiadaj\u0105 przejazd oko\u0142o 100 maszyn, kt\u00f3re pojawi\u0105 si\u0119 na ulicach miasta punktualnie w po\u0142udnie.<\/p>\n<p>Parada wystartuje spod salonu Harley-Davidson przy ul. Opolskiej 8. Motocykli\u015bci przejad\u0105 ponad 40-kilometrow\u0105 tras\u0105 prowadz\u0105c\u0105 przez r\u00f3\u017cne cz\u0119\u015bci miasta i sze\u015b\u0107 krakowskich most\u00f3w. Wydarzenie ma przyci\u0105gn\u0105\u0107 nie tylko fan\u00f3w dw\u00f3ch k\u00f3\u0142ek, ale tak\u017ce mieszka\u0144c\u00f3w i turyst\u00f3w, kt\u00f3rzy b\u0119d\u0105 mogli zobaczy\u0107 legendarnie maszyny z bliska i us\u0142ysze\u0107 charakterystyczny ryk silnik\u00f3w.<\/p>\n<p>Wed\u0142ug organizator\u00f3w tegoroczna edycja b\u0119dzie wyj\u0105tkowa, poniewa\u017c \u015bwi\u0119tuje pi\u0119ciolecie krakowskiej tradycji parad H.O.G. Krak\u00f3w. Do miasta maj\u0105 przyjecha\u0107 r\u00f3wnie\u017c grupy motocyklist\u00f3w z innych region\u00f3w Polski. Przejazd b\u0119dzie zabezpieczany przez policj\u0119 oraz s\u0142u\u017cby porz\u0105dkowe.<\/p>\n<p>Przy starcie wydarzenia powstanie tak\u017ce specjalna strefa kibicowania dla mieszka\u0144c\u00f3w. Organizatorzy zach\u0119caj\u0105 do robienia zdj\u0119\u0107 i wsp\u00f3lnego dopingowania uczestnik\u00f3w parady.<\/p>\n<p>Motocyklowa parada b\u0119dzie jednym z najg\u0142o\u015bniejszych i najbardziej efektownych wydarze\u0144 tego weekendu w Krakowie.<\/p>\n","protected":false},"excerpt":{"rendered":"Ju\u017c jutro ulicami Krak\u00f3w przejedzie widowiskowa parada motocykli Harley-Davidson. W sobot\u0119, 9 maja, odb\u0119dzie si\u0119 jubileuszowa, pi\u0105ta edycja&hellip;\n","protected":false},"author":2,"featured_media":416916,"comment_status":"","ping_status":"","sticky":false,"template":"","format":"standard","meta":{"footnotes":"","_share_on_mastodon":"0"},"categories":[51606],"tags":[77818,1304,45514,42,38,40,39,41,10317],"class_list":["post-416915","post","type-post","status-publish","format-standard","has-post-thumbnail","category-krakow","tag-harley","tag-krakow","tag-parada","tag-pl","tag-poland","tag-polish","tag-polska","tag-polski","tag-przejazd"],"share_on_mastodon":{"url":"https:\/\/pubeurope.com\/@pl\/116540245565530685","error":""},"_links":{"self":[{"href":"https:\/\/www.europesays.com\/pl\/wp-json\/wp\/v2\/posts\/416915","targetHints":{"allow":["GET"]}}],"collection":[{"href":"https:\/\/www.europesays.com\/pl\/wp-json\/wp\/v2\/posts"}],"about":[{"href":"https:\/\/www.europesays.com\/pl\/wp-json\/wp\/v2\/types\/post"}],"author":[{"embeddable":true,"href":"https:\/\/www.europesays.com\/pl\/wp-json\/wp\/v2\/users\/2"}],"replies":[{"embeddable":true,"href":"https:\/\/www.europesays.com\/pl\/wp-json\/wp\/v2\/comments?post=416915"}],"version-history":[{"count":0,"href":"https:\/\/www.europesays.com\/pl\/wp-json\/wp\/v2\/posts\/416915\/revisions"}],"wp:featuredmedia":[{"embeddable":true,"href":"https:\/\/www.europesays.com\/pl\/wp-json\/wp\/v2\/media\/416916"}],"wp:attachment":[{"href":"https:\/\/www.europesays.com\/pl\/wp-json\/wp\/v2\/media?parent=416915"}],"wp:term":[{"taxonomy":"category","embeddable":true,"href":"https:\/\/www.europesays.com\/pl\/wp-json\/wp\/v2\/categories?post=416915"},{"taxonomy":"post_tag","embeddable":true,"href":"https:\/\/www.europesays.com\/pl\/wp-json\/wp\/v2\/tags?post=416915"}],"curies":[{"name":"wp","href":"https:\/\/api.w.org\/{rel}","templated":true}]}}