{"id":417795,"date":"2026-05-09T04:29:27","date_gmt":"2026-05-09T04:29:27","guid":{"rendered":"https:\/\/www.europesays.com\/pl\/417795\/"},"modified":"2026-05-09T04:29:27","modified_gmt":"2026-05-09T04:29:27","slug":"starcie-poslow-ko-z-komitetem-referendalnym-beda-procesy","status":"publish","type":"post","link":"https:\/\/www.europesays.com\/pl\/417795\/","title":{"rendered":"Starcie pos\u0142\u00f3w KO z Komitetem Referendalnym. B\u0119d\u0105 procesy"},"content":{"rendered":"<p class=\"Paragraph_desktopParagraph__U31Gm\">Pod biurem komisarza wyborczego w Krakowie spotkali si\u0119 dzi\u015b pos\u0142owie zwi\u0105zani z Koalicj\u0105 Obywatelsk\u0105 oraz przedstawiciele komitetu referendalnego, kt\u00f3ry chce doprowadzi\u0107 do odwo\u0142ania prezydenta Aleksandra Miszalskiego i Rady Miasta Krakowa. Referendum odb\u0119dzie si\u0119 ju\u017c 24 maja, a im bli\u017cej g\u0142osowania, tym ostrzejsza staje si\u0119 polityczna atmosfera wok\u00f3\u0142 tej inicjatywy.<\/p>\n<p class=\"Paragraph_desktopParagraph__U31Gm\">Parlamentarzy\u015bci KO zarzucali organizatorom referendum brak jawno\u015bci finansowania kampanii. Przedstawiciele komitetu odpowiadali, \u017ce dzia\u0142aj\u0105 zgodnie z prawem, a zarzuty maj\u0105 charakter politycznego ataku. Pe\u0142nomocnik komitetu referendalnego Rafa\u0142 Zontek zapowiedzia\u0142 procesy w trybie referendalnym. Jak przekaza\u0142, pierwsza rozprawa ma odby\u0107 si\u0119 w poniedzia\u0142ek, 11 maja, o godz. 12.<\/p>\n<p>Pos\u0142owie KO pytaj\u0105 o finansowanie kampanii <\/p>\n<p class=\"Paragraph_desktopParagraph__U31Gm\">Pierwsza konferencja odby\u0142a si\u0119 w pi\u0105tek, 8 maja, o godz. 11:30 przed siedzib\u0105 Delegatury Krajowego Biura Wyborczego w Krakowie przy pl. Na Stawach. Miejsce nie by\u0142o przypadkowe \u2014 parlamentarzy\u015bci Koalicji Obywatelskiej zapowiedzieli tam z\u0142o\u017cenie pisma do komisarza wyborczego w sprawie finansowania kampanii referendalnej.<\/p>\n<p class=\"Paragraph_desktopParagraph__U31Gm\">Celem konferencji by\u0142o zwr\u00f3cenie uwagi na \u2014 jak przekonywali uczestnicy \u2014 brak jawno\u015bci \u017ar\u00f3de\u0142 finansowania dzia\u0142a\u0144 prowadzonych przez inicjator\u00f3w referendum oraz skal\u0119 widocznej w mie\u015bcie kampanii. W spotkaniu udzia\u0142 wzi\u0119li pos\u0142owie KO: Dominik Ja\u015bkowiec, Dorota Marek, Katarzyna Matusik-Lipiec, Aleksandra Kot i Robert Wardza\u0142a. Parlamentarzy\u015bci przekonywali, \u017ce mieszka\u0144cy Krakowa maj\u0105 prawo wiedzie\u0107, kto faktycznie finansuje kampani\u0119 referendaln\u0105 i ile pieni\u0119dzy zosta\u0142o na ni\u0105 przeznaczone.<\/p>\n<p class=\"Paragraph_desktopParagraph__U31Gm\">Zarzuty pad\u0142y bardzo mocne. Dorota Marek m\u00f3wi\u0142a o &#8222;oszustwach i niejasno\u015bciach referendalnych&#8221;. Sugerowa\u0142a te\u017c mo\u017cliwe powi\u0105zania kampanii referendalnej z firm\u0105 Zondacrypto i pyta\u0142a, czy zbie\u017cno\u015b\u0107 czasowa tych spraw jest przypadkowa. W tym kontek\u015bcie przywo\u0142ywano posta\u0107 Mateusza Ja\u015bki, kt\u00f3ry wed\u0142ug cz\u0119\u015bci polityk\u00f3w KO oraz medialnych publikacji mia\u0142 by\u0107 przedstawiany jako &#8222;twarz krakowskiego referendum&#8221;.<\/p>\n<p class=\"Paragraph_desktopParagraph__U31Gm\">Pos\u0142anka zarzuca\u0142a, \u017ce referendum nie jest inicjatyw\u0105 obywatelsk\u0105, lecz dzia\u0142aniem, za kt\u00f3rym ma sta\u0107 &#8222;niejasne lobby&#8221;. Pytana przez dziennikarza o konkretne dowody na tak\u0105 tez\u0119, odpowiedzia\u0142a jednak, \u017ce takich dowod\u00f3w nie ma.<\/p>\n<p class=\"Paragraph_desktopParagraph__U31Gm\">Katarzyna Matusik-Lipiec pokazywa\u0142a zdj\u0119cia plakat\u00f3w na s\u0142upach reklamowych, baner\u00f3w oraz gazety zach\u0119caj\u0105ce do udzia\u0142u w referendum. Wskazywa\u0142a na du\u017c\u0105 skal\u0119 kampanii i pyta\u0142a, z jakich \u015brodk\u00f3w zosta\u0142a sfinansowana. Jej zdaniem komitet referendalny nie ujawnia \u017ar\u00f3de\u0142 finansowania tych materia\u0142\u00f3w.<\/p>\n<p class=\"Paragraph_desktopParagraph__U31Gm\">Ten w\u0105tek podj\u0105\u0142 r\u00f3wnie\u017c Dominik Ja\u015bkowiec, kt\u00f3ry wszed\u0142 do Sejmu po Aleksandrze Miszalskim, gdy ten zosta\u0142 prezydentem Krakowa. Pose\u0142 szacowa\u0142, \u017ce wydatki na kampani\u0119 referendaln\u0105 mog\u0105 i\u015b\u0107 nie w setki tysi\u0119cy, ale nawet w miliony z\u0142otych. M\u00f3wi\u0142 o mo\u017cliwej siedmiocyfrowej kwocie.<\/p>\n<p class=\"Paragraph_desktopParagraph__U31Gm\">O braku jasno\u015bci, ukrytych motywach, manipulacji i \u2014 ich zdaniem \u2014 bezpodstawnym ataku na prezydenta Krakowa m\u00f3wili tak\u017ce Aleksandra Kot i Robert Wardza\u0142a. Podczas konferencji pad\u0142y r\u00f3wnie\u017c zarzuty dotycz\u0105ce nieprawid\u0142owo\u015bci przy zbieraniu podpis\u00f3w.<\/p>\n<p class=\"Paragraph_desktopParagraph__U31Gm\">Po konferencji pos\u0142owie z\u0142o\u017cyli w biurze komisarza wyborczego list otwarty dotycz\u0105cy \u2014 jak wskazywali \u2014 niejasno\u015bci wok\u00f3\u0142 finansowania kampanii referendalnej.<\/p>\n<p>Komitet odpowiada: dzia\u0142amy zgodnie z prawem <\/p>\n<p class=\"Paragraph_desktopParagraph__U31Gm\">Jeszcze w trakcie pierwszej konferencji w tym samym miejscu pojawili si\u0119 przedstawiciele komitetu referendalnego i zwolennicy odwo\u0142ania prezydenta oraz Rady Miasta Krakowa. Ich konferencj\u0119 rozpocz\u0105\u0142 Jan Hoffman, kt\u00f3ry zapewnia\u0142, \u017ce komitet dzia\u0142a zgodnie z prawem, a rozliczenie kampanii zostanie przedstawione po referendum.<\/p>\n<p class=\"Paragraph_desktopParagraph__U31Gm\">Hoffman podkre\u015bla\u0142, \u017ce komitet jest grup\u0105 konkretnych mieszka\u0144c\u00f3w, nie ma osobowo\u015bci prawnej ani du\u017cych w\u0142asnych \u015brodk\u00f3w. Jak m\u00f3wi\u0142, pieni\u0105dze pochodz\u0105 m.in. z wp\u0142at samych inicjator\u00f3w oraz od darczy\u0144c\u00f3w.<\/p>\n<p class=\"Paragraph_desktopParagraph__U31Gm\">Odnosz\u0105c si\u0119 do zarzut\u00f3w dotycz\u0105cych szerokiej i kosztownej kampanii, poinformowa\u0142, \u017ce w dzia\u0142ania zaanga\u017cowa\u0142o si\u0119 m.in. stowarzyszenie Krak\u00f3w dla Mieszka\u0144c\u00f3w.<\/p>\n<p class=\"Paragraph_desktopParagraph__U31Gm\">\u2014 Przepisy nie zabraniaj\u0105 prowadzenia swojej kampanii. Ka\u017cdy mo\u017ce stan\u0105\u0107 na rynku i krzycze\u0107: jestem za albo jestem przeciw referendum. Ka\u017cdy mo\u017ce prowadzi\u0107 tak\u0105 kampani\u0119 \u2014 m\u00f3wi\u0142 Jan Hoffman.<\/p>\n<p class=\"Paragraph_desktopParagraph__U31Gm\">Doda\u0142, \u017ce inicjatyw\u0119 wspiera wiele innych stowarzysze\u0144 i \u015brodowisk, a cz\u0119\u015b\u0107 tej pomocy ma charakter rzeczowy.<\/p>\n<p class=\"Paragraph_desktopParagraph__U31Gm\">Przedstawiciele komitetu odnie\u015bli si\u0119 r\u00f3wnie\u017c do zarzut\u00f3w dotycz\u0105cych Mateusza Ja\u015bki.<\/p>\n<p class=\"Paragraph_desktopParagraph__U31Gm\">\u2014 Z\u0142o\u017cyli\u015bmy w urz\u0119dzie miasta list\u0119 cz\u0142onk\u00f3w komitetu referendalnego. Nie ma tam Mateusza Ja\u015bki i prezydent o tym wie \u2014 podkre\u015bla\u0142 Jan Hoffman.<\/p>\n<p>Zarzuty wobec prezydenta i miasta <\/p>\n<p class=\"Paragraph_desktopParagraph__U31Gm\">Podczas konferencji nie zabrak\u0142o te\u017c zarzut\u00f3w pod adresem Aleksandra Miszalskiego. Jan Hoffman przekonywa\u0142, \u017ce prezydent \u2014 zgodnie z prawem \u2014 nie mo\u017ce prowadzi\u0107 kampanii z wykorzystaniem \u015brodk\u00f3w miasta ani miejskich instytucji.<\/p>\n<p class=\"Paragraph_desktopParagraph__U31Gm\">Wspomnia\u0142 r\u00f3wnie\u017c, \u017ce jego zdaniem prezydent i radni na czas kampanii powinni wzi\u0105\u0107 urlop. Tymczasem \u2014 jak m\u00f3wi\u0142 \u2014 organizowane, nagrywane i publikowane s\u0105 wywiady oraz spotkania z prezydentem, r\u00f3wnie\u017c w ramach akcji &#8222;\u0141awka Dialogu&#8221;.<\/p>\n<p class=\"Paragraph_desktopParagraph__U31Gm\">Hoffman wskazywa\u0142 tak\u017ce, \u017ce miasto zaplanowa\u0142o w tym roku bardzo du\u017ce \u015brodki na kampani\u0119 promocyjn\u0105, a cz\u0119\u015b\u0107 pieni\u0119dzy \u2014 500 tys. z\u0142 \u2014 zosta\u0142a ju\u017c wydana na reklamy w mediach. M\u00f3wi\u0142 r\u00f3wnie\u017c o kolportowanej gazecie miejskiej, kt\u00f3ra \u2014 jego zdaniem \u2014 promuje sukcesy prezydenta, a \u015brodki przeznaczone na jej wydawanie mia\u0142y wzrosn\u0105\u0107 wielokrotnie.<\/p>\n<p class=\"Paragraph_desktopParagraph__U31Gm\">Jednocze\u015bnie Hoffman zaznaczy\u0142, \u017ce komitet nie ma obecnie twardych dowod\u00f3w na zaanga\u017cowanie \u015brodk\u00f3w publicznych w kampani\u0119. Zapowiedzia\u0142 jednak analiz\u0119 sprawy i ewentualne zawiadomienie odpowiednich organ\u00f3w.<\/p>\n<p>B\u0119d\u0105 procesy w trybie referendalnym <\/p>\n<p class=\"Paragraph_desktopParagraph__U31Gm\">Inicjatorzy referendum m\u00f3wili te\u017c o kampanii hejtu, manipulacji i dezinformacji wymierzonej w obywatelski ruch referendalny. O konkretnych przyk\u0142adach i ich mo\u017cliwych skutkach prawnych m\u00f3wi\u0142 pe\u0142nomocnik komitetu referendalnego Rafa\u0142 Zontek.<\/p>\n<p class=\"Paragraph_desktopParagraph__U31Gm\">Przytacza\u0142 zarzuty, kt\u00f3re jego zdaniem maj\u0105 dyskredytowa\u0107 cz\u0142onk\u00f3w komitetu, w tym oskar\u017cenia o pobicia i dawanie \u0142ap\u00f3wki. Poinformowa\u0142, \u017ce sprawa zosta\u0142a ju\u017c skierowana do s\u0105du, a w poniedzia\u0142ek, 11 maja, o godz. 12 ma odby\u0107 si\u0119 w rozprawa w trybie referendalnym. Zontek zapowiedzia\u0142, \u017ce komitet b\u0119dzie domaga\u0142 si\u0119 przede wszystkim publicznych przeprosin oraz wp\u0142at na schronisko dla bezdomnych kobiet.<\/p>\n<p class=\"Paragraph_desktopParagraph__U31Gm\">Przypomniano, \u017ce w sprawie cz\u0119\u015bci sfa\u0142szowanych podpis\u00f3w, kt\u00f3rych by\u0142o zaledwie 48 z\u0142o\u017cono ju\u017c zawiadomineia do prokuratury, bo zdaniem komitetu, mog\u0142a to by\u0107 celowa prowokacja.<\/p>\n<p class=\"Paragraph_desktopParagraph__U31Gm\">G\u0142\u00f3wny przekaz inicjator\u00f3w referendum by\u0142 jasny: referendum jest legalnym i demokratycznym narz\u0119dziem kontroli w\u0142adzy przez mieszka\u0144c\u00f3w, a pr\u00f3by przedstawiania go jako dzia\u0142ania szkodliwego lub nieuczciwego s\u0105 \u2014 ich zdaniem \u2014 uderzeniem w prawa obywatelskie krakowian.<\/p>\n<p>Referendum w Krakowie. Kiedy g\u0142osowanie? <\/p>\n<p class=\"Paragraph_desktopParagraph__U31Gm\">Referendum w sprawie odwo\u0142ania prezydenta Krakowa Aleksandra Miszalskiego oraz Rady Miasta Krakowa odb\u0119dzie si\u0119 w niedziel\u0119, 24 maja. Mieszka\u0144cy odpowiedz\u0105 na dwa pytania \u2014 jedno dotycz\u0105ce odwo\u0142ania prezydenta, drugie dotycz\u0105ce odwo\u0142ania Rady Miasta.<\/p>\n","protected":false},"excerpt":{"rendered":"Pod biurem komisarza wyborczego w Krakowie spotkali si\u0119 dzi\u015b pos\u0142owie zwi\u0105zani z Koalicj\u0105 Obywatelsk\u0105 oraz przedstawiciele komitetu referendalnego,&hellip;\n","protected":false},"author":2,"featured_media":417796,"comment_status":"","ping_status":"","sticky":false,"template":"","format":"standard","meta":{"footnotes":"","_share_on_mastodon":"0"},"categories":[51606],"tags":[8889,1304,53,52,68,51,312,55,42,38,40,39,41,47,50,26],"class_list":["post-417795","post","type-post","status-publish","format-standard","has-post-thumbnail","category-krakow","tag-glos24","tag-krakow","tag-new_header","tag-onet3","tag-onet3d","tag-onet3d_2i","tag-pcz","tag-phx","tag-pl","tag-poland","tag-polish","tag-polska","tag-polski","tag-screening_general","tag-v2021","tag-wiadomosci"],"share_on_mastodon":{"url":"https:\/\/pubeurope.com\/@pl\/116542738471386774","error":""},"_links":{"self":[{"href":"https:\/\/www.europesays.com\/pl\/wp-json\/wp\/v2\/posts\/417795","targetHints":{"allow":["GET"]}}],"collection":[{"href":"https:\/\/www.europesays.com\/pl\/wp-json\/wp\/v2\/posts"}],"about":[{"href":"https:\/\/www.europesays.com\/pl\/wp-json\/wp\/v2\/types\/post"}],"author":[{"embeddable":true,"href":"https:\/\/www.europesays.com\/pl\/wp-json\/wp\/v2\/users\/2"}],"replies":[{"embeddable":true,"href":"https:\/\/www.europesays.com\/pl\/wp-json\/wp\/v2\/comments?post=417795"}],"version-history":[{"count":0,"href":"https:\/\/www.europesays.com\/pl\/wp-json\/wp\/v2\/posts\/417795\/revisions"}],"wp:featuredmedia":[{"embeddable":true,"href":"https:\/\/www.europesays.com\/pl\/wp-json\/wp\/v2\/media\/417796"}],"wp:attachment":[{"href":"https:\/\/www.europesays.com\/pl\/wp-json\/wp\/v2\/media?parent=417795"}],"wp:term":[{"taxonomy":"category","embeddable":true,"href":"https:\/\/www.europesays.com\/pl\/wp-json\/wp\/v2\/categories?post=417795"},{"taxonomy":"post_tag","embeddable":true,"href":"https:\/\/www.europesays.com\/pl\/wp-json\/wp\/v2\/tags?post=417795"}],"curies":[{"name":"wp","href":"https:\/\/api.w.org\/{rel}","templated":true}]}}