{"id":418579,"date":"2026-05-09T13:56:09","date_gmt":"2026-05-09T13:56:09","guid":{"rendered":"https:\/\/www.europesays.com\/pl\/418579\/"},"modified":"2026-05-09T13:56:09","modified_gmt":"2026-05-09T13:56:09","slug":"slynny-taksowkarz-od-stluczek-stracil-prawo-jazdy","status":"publish","type":"post","link":"https:\/\/www.europesays.com\/pl\/418579\/","title":{"rendered":"S\u0142ynny taks\u00f3wkarz od st\u0142uczek straci\u0142 prawo jazdy"},"content":{"rendered":"<p class=\"Paragraph_desktopParagraph__U31Gm\">O tym taks\u00f3wkarzu portal brd24.pl pisa\u0142 w ubieg\u0142ym roku. Jego spraw\u0119 dok\u0142adnie pokaza\u0142 te\u017c materia\u0142 Kana\u0142u Zero. Dawid, wcze\u015bniej taks\u00f3wkarz warszawskiej korporacji, a potem kierowca przewoz\u00f3w z aplikacji, od lat mia\u0142 niezwyk\u0142ego pecha \u2014 wci\u0105\u017c kto\u015b w niego w stolicy wje\u017cd\u017ca\u0142. Czasem kilka razy dziennie.<\/p>\n<p class=\"Paragraph_desktopParagraph__U31Gm\">Schemat post\u0119powania by\u0142 prosty. Dawid wybiera ronda, albo k\u0142opotliwe \u2014 bo nieuregulowane prawem \u2014 skrzy\u017cowania, na kt\u00f3rych z dw\u00f3ch pas\u00f3w wje\u017cd\u017ca si\u0119 na wi\u0119ksz\u0105 liczb\u0119 pas\u00f3w ruchu i nie wiadomo, jakie miejsce zaj\u0105\u0107. Zwykle wybiera te\u017c kobiety za kierownic\u0105, kt\u00f3re \u0142atwiej mu zastraszy\u0107.<\/p>\n<p class=\"Paragraph_desktopParagraph__U31Gm\">Po tym, jak nie unika\u0142 zderzenia, proponowa\u0142 swoim ofiarom zazwyczaj 1500 z\u0142, by nie wzywa\u0107 policji. Wiele os\u00f3b zgadza\u0142o si\u0119 na takie zako\u0144czenie sprawy \u2014 bo obawia\u0142o si\u0119 10 punkt\u00f3w karnych, kt\u00f3re za spowodowanie zagro\u017cenia w ruchu drogowym wlepiaj\u0105 policjanci.<\/p>\n<p class=\"Paragraph_desktopParagraph__U31Gm\">Dawid latami utwierdza\u0142 si\u0119, \u017ce to dobry spos\u00f3b na \u017cycie. Nikt nie potrafi\u0142 przerwa\u0107 jego passy, cho\u0107 czasem zdarza\u0142o mu si\u0119 pomyli\u0107 \u2014 musia\u0142 np. redukowa\u0107 punkty karne na odp\u0142atnych kursach. Jednak r\u0119ce rozk\u0142adali nawet ubezpieczyciele, kt\u00f3rzy wynaj\u0119li do jego sprawy prywatn\u0105 detektyw. Z samych odszkodowa\u0144 z OC &#8222;sprawc\u00f3w&#8221; kolizji Dawid otrzymywa\u0142 nawet 100 tys. z\u0142. rocznie. Ubezpieczyciele nie potrafili dobra\u0107 mu si\u0119 do sk\u00f3ry, bo ofiary przyznawa\u0142y si\u0119 do sprawstwa, a Dawid wszystko dokumentuje rejestratorem wideo.<\/p>\n<p class=\"Paragraph_desktopParagraph__U31Gm\">Prokuratura te\u017c nie chcia\u0142a zaj\u0105\u0107 si\u0119 jego spraw\u0105, cho\u0107 masowo\u015b\u0107 zdarze\u0144 z nim na to pozwala\u0142a. \u015aledczy zasugerowali, \u017ce to s\u0142u\u017cby skarbowe powinny zbada\u0107, czy wykazuje w dochodach pieni\u0105dze, kt\u00f3re bierze od swoich ofiar na drodze.<\/p>\n<p>Zatrzymane prawo jazdy, auto na lawet\u0119, mandat, skierowanie na badania <\/p>\n<p class=\"Paragraph_desktopParagraph__U31Gm\"><a rel=\"nofollow noopener\" href=\"https:\/\/brd24.pl\/uncategorized\/taksowkarz-dawid-od-stluczek-po-pytaniach-brd24-pl-uber-zawiesil-mu-konto\/\" id=\"6dcc0baf-6e34-4b64-bc42-51c0905853b0\" target=\"_blank\">Jak sprawdzi\u0142 brd24.pl<\/a> tak niebezpieczny kierowca, maj\u0105cy na koncie ogromn\u0105 liczba kolizji, zosta\u0142 usuni\u0119ty z platformy Uber. Jednak Dawid dalej dzia\u0142a\u0142 tak samo na drodze. Do jego floty kilku srebrnych ford\u00f3w \u2014 na kt\u00f3rych przek\u0142ada\u0142 tablice rejestracyjne \u2014 do\u0142\u0105czy\u0142 jaki\u015b czas temu tak\u017ce bia\u0142y ford.<\/p>\n<p class=\"Paragraph_desktopParagraph__U31Gm\">Jak pierwszy ujawni\u0142 Miejski Reporter, to w\u0142a\u015bnie tym samochodem 8 maja Dawid ponownie uczestniczy\u0142 w kolizji. Zn\u00f3w wybra\u0142 trudne skrzy\u017cowanie. Wjazd z ulicy \u017bwirki i Wigury w ulic\u0119 Wawelsk\u0105, gdzie z dw\u00f3ch pas\u00f3w ruchu robi\u0105 si\u0119 trzy. Zn\u00f3w wybra\u0142 te\u017c kobiet\u0119 za kierownic\u0105.<\/p>\n<p class=\"Paragraph_desktopParagraph__U31Gm\">Jak potwierdzili\u015bmy na policji, kieruj\u0105ca peugeotem jad\u0105c z lewego pasa po skr\u0119cie na skrzy\u017cowaniu nie zaj\u0119\u0142a lewego skrajnego pasa, ale \u015brodkowy. Tam te\u017c wjecha\u0142 bia\u0142ym fordem Dawid i dosz\u0142o do niewielkiej obcierki. Zn\u00f3w mia\u0142 proponowa\u0107 1500 z\u0142 za rozstrzygni\u0119cie sprawy bez policji, ale kobieta rozpozna\u0142a w nim s\u0142ynnego wymuszacza st\u0142uczek i wezwa\u0142a policj\u0119.<\/p>\n<p class=\"Paragraph_desktopParagraph__U31Gm\">Funkcjonariusze warszawskiej drog\u00f3wki od dawna mieli zalecenie, by spraw z Dawidem nie ko\u0144czy\u0107 mandatami. Uznali, \u017ce odpowiedzialno\u015b\u0107 za zdarzenie nie le\u017cy wy\u0142\u0105cznie po stronie kobiety z peugeota. Na drodze bowiem nale\u017cy unika\u0107 niebezpiecznych sytuacji, gdy zachowuje si\u0119 ostro\u017cno\u015b\u0107 i zasad\u0119 ograniczonego zaufania. Zdaniem policjant\u00f3w Dawid mia\u0142 i czas i miejsce, by unikn\u0105\u0107 kontaktu pojazd\u00f3w.<\/p>\n<p class=\"Paragraph_desktopParagraph__U31Gm\">Dlatego jego spraw\u0119 skierowali do s\u0105du. Zatrzymali mu te\u017c prawo jazdy i skierowali wniosek to starosty o skierowanie na badania lekarskie, kt\u00f3re potwierdz\u0105, \u017ce Dawid jest zdolny do prowadzenia pojazd\u00f3w.<\/p>\n<p class=\"Paragraph_desktopParagraph__U31Gm\">Dodatkowo podczas kontroli stwierdzono brak tr\u00f3jk\u0105ta ostrzegawczego w fordzie, wi\u0119c Dawid otrzyma\u0142 za to mandat w kwocie 1000 z\u0142. Policjanci stwierdzili uszkodzenia forda \u2014 m.in. niezamocowane reflektory, kt\u00f3re nie mog\u0142y powsta\u0107 przy wczorajszej kolizji \u2014 zatrzymali wi\u0119c dow\u00f3d rejestracyjny i nakazali wezwanie lawety.<\/p>\n<p>Druga sprawa s\u0105dowa i \u015bledztwo w sprawie wy\u0142udze\u0144 <\/p>\n<p class=\"Paragraph_desktopParagraph__U31Gm\">Wszystko wskazuje na to, \u017ce to dopiero pocz\u0105tek wi\u0119kszych k\u0142opot\u00f3w warszawskiego &#8222;rondziarza&#8221;. B\u0119dzie mia\u0142 te\u017c powa\u017cny problem po kolizji w Piastowie, gdzie wjecha\u0142 w prawid\u0142owo poruszaj\u0105c\u0105 si\u0119 rondem kobiet\u0119. W tej sprawie policjanci te\u017c skierowali spraw\u0119 do s\u0105du i jeszcze w maju odb\u0119dzie si\u0119 pierwsza rozprawa.<\/p>\n<p class=\"Paragraph_desktopParagraph__U31Gm\">Portal brd24.pl ustali\u0142 te\u017c, \u017ce co najmniej jedna poszkodowana przez warszawskiego taks\u00f3wkarza osoba sk\u0142ada\u0142a ju\u017c zeznania w post\u0119powaniu, kt\u00f3re nie dotyczy wykrocze\u0144 zwi\u0105zanych z kolizjami, ale kwestii wy\u0142udze\u0144 i oszustwa.<\/p>\n","protected":false},"excerpt":{"rendered":"O tym taks\u00f3wkarzu portal brd24.pl pisa\u0142 w ubieg\u0142ym roku. Jego spraw\u0119 dok\u0142adnie pokaza\u0142 te\u017c materia\u0142 Kana\u0142u Zero. Dawid,&hellip;\n","protected":false},"author":2,"featured_media":418580,"comment_status":"","ping_status":"","sticky":false,"template":"","format":"standard","meta":{"footnotes":"","_share_on_mastodon":"0"},"categories":[5],"tags":[12359,32,33,36,37,27,34,35,28,31,53,25,52,68,51,312,55,42,38,40,39,41,47,29,30,50,26],"class_list":["post-418579","post","type-post","status-publish","format-standard","has-post-thumbnail","category-naglowki","tag-brd24pl","tag-breaking-news","tag-breakingnews","tag-featured-news","tag-featurednews","tag-headlines","tag-latest-news","tag-latestnews","tag-naglowki","tag-najwazniejsze-artykuly","tag-new_header","tag-news","tag-onet3","tag-onet3d","tag-onet3d_2i","tag-pcz","tag-phx","tag-pl","tag-poland","tag-polish","tag-polska","tag-polski","tag-screening_general","tag-top-stories","tag-topstories","tag-v2021","tag-wiadomosci"],"share_on_mastodon":{"url":"https:\/\/pubeurope.com\/@pl\/116544968060941206","error":""},"_links":{"self":[{"href":"https:\/\/www.europesays.com\/pl\/wp-json\/wp\/v2\/posts\/418579","targetHints":{"allow":["GET"]}}],"collection":[{"href":"https:\/\/www.europesays.com\/pl\/wp-json\/wp\/v2\/posts"}],"about":[{"href":"https:\/\/www.europesays.com\/pl\/wp-json\/wp\/v2\/types\/post"}],"author":[{"embeddable":true,"href":"https:\/\/www.europesays.com\/pl\/wp-json\/wp\/v2\/users\/2"}],"replies":[{"embeddable":true,"href":"https:\/\/www.europesays.com\/pl\/wp-json\/wp\/v2\/comments?post=418579"}],"version-history":[{"count":0,"href":"https:\/\/www.europesays.com\/pl\/wp-json\/wp\/v2\/posts\/418579\/revisions"}],"wp:featuredmedia":[{"embeddable":true,"href":"https:\/\/www.europesays.com\/pl\/wp-json\/wp\/v2\/media\/418580"}],"wp:attachment":[{"href":"https:\/\/www.europesays.com\/pl\/wp-json\/wp\/v2\/media?parent=418579"}],"wp:term":[{"taxonomy":"category","embeddable":true,"href":"https:\/\/www.europesays.com\/pl\/wp-json\/wp\/v2\/categories?post=418579"},{"taxonomy":"post_tag","embeddable":true,"href":"https:\/\/www.europesays.com\/pl\/wp-json\/wp\/v2\/tags?post=418579"}],"curies":[{"name":"wp","href":"https:\/\/api.w.org\/{rel}","templated":true}]}}