{"id":419363,"date":"2026-05-09T23:58:49","date_gmt":"2026-05-09T23:58:49","guid":{"rendered":"https:\/\/www.europesays.com\/pl\/419363\/"},"modified":"2026-05-09T23:58:49","modified_gmt":"2026-05-09T23:58:49","slug":"kulisy-zatrzymania-adwokata-od-trumny-na-kolkach-oblawa-pod-granica","status":"publish","type":"post","link":"https:\/\/www.europesays.com\/pl\/419363\/","title":{"rendered":"Kulisy zatrzymania adwokata od &#8222;trumny na k\u00f3\u0142kach&#8221;. Ob\u0142awa pod granic\u0105"},"content":{"rendered":"<p>Po czwartkowym<a href=\"https:\/\/www.onet.pl\/informacje\/onetwiadomosci\/pawel-kozanecki-adwokat-od-trumny-na-kolkach-zatrzymany-policja-ujawnia\/04x5lxf,79cfc278\" id=\"9d68d6a7-01a1-480d-8eed-dfd59a0b84b7\" rel=\"nofollow noopener\" target=\"_blank\"> zatrzymaniu Paw\u0142a Kozaneckiego w Hrubieszowie<\/a> policja nie zdradza jeszcze pe\u0142nych szczeg\u00f3\u0142\u00f3w operacji zako\u0144czonej uj\u0119ciem 46-letniego prawnika z \u0141odzi. Onet dotar\u0142 jednak do relacji kilku mieszka\u0144c\u00f3w rejonu, w kt\u00f3rym w ostatnich dniach przebywa\u0142 zbieg. Z naszej wiedzy wynika, \u017ce funkcjonariusze na pewno dzia\u0142ali w Hrubieszowie ju\u017c od \u015brody.<\/p>\n<p class=\"Paragraph_desktopParagraph__U31Gm\">\u2014 To w \u015brod\u0119 mieli\u015bmy tutaj policj\u0119 i przeszukanie z &#8222;trzepaniem pokoi&#8221; \u2014 us\u0142yszeli\u015bmy w pi\u0105tkowe przedpo\u0142udnie od obs\u0142ugi hrubieszowskiego Hotelu Gniecki. Po\u0142o\u017cony jest on we wschodniej cz\u0119\u015bci 15-tysi\u0119cznego miasteczka, ale Kozanecki &#8222;wpad\u0142&#8221; w kryj\u00f3wce bardziej na obrze\u017cach Hrubieszowa \u2014 to prywatna posesja przy jednej z &#8222;wylot\u00f3wek&#8221; w stron\u0119 Ukrainy.<\/p>\n<p class=\"Paragraph_desktopParagraph__U31Gm\">\u2014 Ten dom stoi kilkaset metr\u00f3w od naszego wi\u0119zienia przy ulicy Nowej \u2014 m\u00f3wi Onetowi jeden z jej mieszka\u0144c\u00f3w. Zreszt\u0105, jak poda\u0142a Wojew\u00f3dzka Komenda Policji w Lublinie w pi\u0105tek, zatrzymany <a href=\"https:\/\/wiadomosci.onet.pl\/kraj\/adwokat-od-trumny-na-kolkach-trafil-do-wiezienia-nowe-informacje\/bjpyvg7\" id=\"53cbdcac-b2d1-4d95-95ad-1980c53547c9\" rel=\"nofollow noopener\" target=\"_blank\">trafi\u0142 do Zak\u0142adu Karnego w Hrubieszowie<\/a>, gdzie zacz\u0105\u0142 w\u0142a\u015bnie odsiadywa\u0107 wyrok, przed kt\u00f3rym ucieka\u0142.<\/p>\n<p class=\"Paragraph_desktopParagraph__U31Gm\">Rozm\u00f3wca Onetu z ulicy Nowej twierdzi, \u017ce \u015bledzi\u0142 z oddali czwartkow\u0105 akcj\u0119 policjant\u00f3w. \u2014 By\u0142o bardzo spokojnie, bez huk\u00f3w czy krzyk\u00f3w \u2014 opowiada. Ta wersja jest zbie\u017cna z wersj\u0105 policji: podinsp. Andrzej Fijo\u0142ek, rzecznik Komendy Wojew\u00f3dzkiej Policji w Lublinie, przekaza\u0142 w czwartek Onetowi, \u017ce 46-latek zosta\u0142 zatrzymany w klapkach.<\/p>\n<p><img decoding=\"async\" class=\"Image_image__0tuHp Image_autoHeight__f2n87 \" height=\"587\" width=\"403\" src=\"https:\/\/www.europesays.com\/pl\/wp-content\/uploads\/2026\/05\/34ck9kpTURBXy85NGQxNTE3ZmE5NDhhN2I4YzJiZDBjZDJlNmZjZWE1Zi5qcGeSlQLNA6wAwsOVAgDNAkvCw94AA6EwAaExAaEzw.jpeg\" alt=\"Zatrzymanie \u0142\u00f3dzkiego mecenasa w czwartkowy wiecz\u00f3r. Zdj\u0119cie opublikowane przez Marcina Kierwi\u0144skiego, ministra spraw wewn\u0119trznych i administracji (na jego profilu w portalu X) potwierdza, \u017ce adwokat przyj\u0105\u0142 policjant\u00f3w w klapkach\" loading=\"lazy\" \/>Materia\u0142y zewn\u0119trzne<\/p>\n<p>Zatrzymanie \u0142\u00f3dzkiego mecenasa w czwartkowy wiecz\u00f3r. Zdj\u0119cie opublikowane przez Marcina Kierwi\u0144skiego, ministra spraw wewn\u0119trznych i administracji (na jego profilu w portalu X) potwierdza, \u017ce adwokat przyj\u0105\u0142 policjant\u00f3w w klapkach<\/p>\n<p class=\"Paragraph_desktopParagraph__U31Gm\">Przy ul. Nowej mecenas nie by\u0142 widywany, czwartkowe zatrzymanie by\u0142o dla jej mieszka\u0144c\u00f3w zaskoczeniem, \u015bwiadcz\u0105cym o tym, \u017ce po przyje\u017adzie do miasteczka \u0141odzianin raczej zaszy\u0142 si\u0119 w swojej kryj\u00f3wce.<\/p>\n<p class=\"Paragraph_desktopParagraph__U31Gm\">Z rodzinnego miasta \u2014 kt\u00f3re <a href=\"https:\/\/wiadomosci.onet.pl\/lodz\/bylismy-na-ulicy-adwokata-od-trumny-na-kolkach-jezdzi-tu-rowerem-i-autem\/9t2wc7c\" id=\"43419b54-587e-4c79-96cb-99466ef2cac6\" rel=\"nofollow noopener\" target=\"_blank\">adwokat odwiedza\u0142 jeszcze w poprzednim tygodniu<\/a> \u2014 mog\u0142o ostatecznie wystraszy\u0107 Kozaneckiego nag\u0142o\u015bnienie sprawy jego ucieczki przez media. Z dost\u0119pnych informacji wynika, \u017ce wcze\u015bniej adwokat do\u015b\u0107 regularnie przemieszcza\u0142 si\u0119 mi\u0119dzy \u0141odzi\u0105 a powiatem hrubieszowskim, gdzie jednak co kilka dni zmienia\u0142 kwater\u0119.<\/p>\n<p>Tajemniczy dom przy wi\u0119zieniu <\/p>\n<p class=\"Paragraph_desktopParagraph__U31Gm\">Policja przekaza\u0142a mediom nagranie z zatrzymania \u0142\u00f3dzkiego adwokata. Na nagraniu funkcjonariusze usun\u0119li du\u017c\u0105 cz\u0119\u015b\u0107 szczeg\u00f3\u0142\u00f3w obrazu. Onet dowiedzia\u0142 si\u0119 jednak, \u017ce jedna z mieszkanek Hrubieszowa otrzymuje sygna\u0142y, zgodnie z kt\u00f3rymi do zatrzymania dosz\u0142o w nale\u017c\u0105cym do niej domu. Ta okoliczno\u015b\u0107 na razie pozostaje zagadk\u0105, bo kobieta \u2014 w rozmowie z Onetem \u2014 stwierdzi\u0142a, \u017ce ostatnio nie przebywa\u0142a na swojej posesji nieopodal wi\u0119zienia.<\/p>\n<p class=\"Paragraph_desktopParagraph__U31Gm\">\u2014 Sprawa jest wyja\u015bniana, w\u0142a\u015bnie kontaktuj\u0119 si\u0119 ze swoim prawnikiem \u2014 przekaza\u0142a Hrubieszowianka.<\/p>\n<p><img decoding=\"async\" class=\"Image_image__0tuHp Image_autoHeight__f2n87 \" height=\"587\" width=\"385\" src=\"https:\/\/www.europesays.com\/pl\/wp-content\/uploads\/2026\/05\/8thk9kpTURBXy9mOWIwNDNjODMxNTY5NTg5MTA4OGNlYjgxY2FiM2MwNS5qcGeSlQLNA6wAwsOVAgDNAkvCw94AA6EwAaExAaEzw.jpeg\" alt=\"Kadr z filmu z zatrzymania w Hrubieszowie, udost\u0119pnionego przez policj\u0119 - materia\u0142y KWP w \u0141odzi\" loading=\"lazy\" \/>Materia\u0142y zewn\u0119trzne<\/p>\n<p>Kadr z filmu z zatrzymania w Hrubieszowie, udost\u0119pnionego przez policj\u0119 &#8211; materia\u0142y KWP w \u0141odzi<\/p>\n<p class=\"Paragraph_desktopParagraph__U31Gm\">Jak dowiedzieli\u015bmy si\u0119 w czwartek nieoficjalnie, wymiar sprawiedliwo\u015bci wyja\u015bnia m.in. rol\u0119 \u017cony \u0142\u00f3dzkiego adwokata, kt\u00f3ra rzekomo mia\u0142a pomaga\u0107 m\u0119\u017cowi w ukrywaniu si\u0119 przed wyrokiem (ma\u0142\u017conka zatrzymanego odm\u00f3wi\u0142a Onetowi komentarza). Przypomnijmy, \u017ce ten <a href=\"https:\/\/wiadomosci.onet.pl\/kraj\/pawel-k-prawomocnie-skazany-wyrok-w-sprawie-adwokata-od-trumien-na-kolkach\/nl7w4dx\" id=\"e132e40a-7991-4e84-af5f-85c504da7b16\" rel=\"nofollow noopener\" target=\"_blank\">prawomocny wyrok zapad\u0142 w marcu przed S\u0105dem Okr\u0119gowym w Olsztynie<\/a>. Prawnik sp\u0119dzi p\u00f3\u0142tora roku w wi\u0119zieniu za doprowadzenie do nieumy\u015blnego wypadku drogowego z 2021 r. w woj. warmi\u0144sko-mazurskim \u2014 zderzenia Mercedesa mecenasa z jad\u0105cym z naprzeciwka Audi 80. Kieruj\u0105ca i pasa\u017cerka Audi zgin\u0119\u0142y na miejscu. Do nag\u0142o\u015bnienia tego wypadku przyczyni\u0142 si\u0119 sam Kozanecki. \u0141odzianin opublikowa\u0142 w internecie film z wypowiedzi\u0105, wed\u0142ug kt\u00f3rej tragedia by\u0142a wynikiem konfrontacji bezpiecznego samochodu z &#8222;trumn\u0105 na k\u00f3\u0142kach&#8221; i \u017ce m.in. z tego powodu kobiety zgin\u0119\u0142y.<\/p>\n","protected":false},"excerpt":{"rendered":"Po czwartkowym zatrzymaniu Paw\u0142a Kozaneckiego w Hrubieszowie policja nie zdradza jeszcze pe\u0142nych szczeg\u00f3\u0142\u00f3w operacji zako\u0144czonej uj\u0119ciem 46-letniego prawnika&hellip;\n","protected":false},"author":2,"featured_media":419364,"comment_status":"","ping_status":"","sticky":false,"template":"","format":"standard","meta":{"footnotes":"","_share_on_mastodon":"0"},"categories":[51608],"tags":[56,66,6254,3652,53,52,68,51,76012,55,42,38,251,40,39,41,47,50,26,2588],"class_list":["post-419363","post","type-post","status-publish","format-standard","has-post-thumbnail","category-lodz","tag-article_premium","tag-give_me_perspective","tag-hrubieszow","tag-lodz","tag-new_header","tag-onet3","tag-onet3d","tag-onet3d_2i","tag-pawel_kozanecki","tag-phx","tag-pl","tag-poland","tag-policja_policjanci_policjant_policjantka_policjantki","tag-polish","tag-polska","tag-polski","tag-screening_general","tag-v2021","tag-wiadomosci","tag-wypadek"],"share_on_mastodon":{"url":"https:\/\/pubeurope.com\/@pl\/116547339612919582","error":""},"_links":{"self":[{"href":"https:\/\/www.europesays.com\/pl\/wp-json\/wp\/v2\/posts\/419363","targetHints":{"allow":["GET"]}}],"collection":[{"href":"https:\/\/www.europesays.com\/pl\/wp-json\/wp\/v2\/posts"}],"about":[{"href":"https:\/\/www.europesays.com\/pl\/wp-json\/wp\/v2\/types\/post"}],"author":[{"embeddable":true,"href":"https:\/\/www.europesays.com\/pl\/wp-json\/wp\/v2\/users\/2"}],"replies":[{"embeddable":true,"href":"https:\/\/www.europesays.com\/pl\/wp-json\/wp\/v2\/comments?post=419363"}],"version-history":[{"count":0,"href":"https:\/\/www.europesays.com\/pl\/wp-json\/wp\/v2\/posts\/419363\/revisions"}],"wp:featuredmedia":[{"embeddable":true,"href":"https:\/\/www.europesays.com\/pl\/wp-json\/wp\/v2\/media\/419364"}],"wp:attachment":[{"href":"https:\/\/www.europesays.com\/pl\/wp-json\/wp\/v2\/media?parent=419363"}],"wp:term":[{"taxonomy":"category","embeddable":true,"href":"https:\/\/www.europesays.com\/pl\/wp-json\/wp\/v2\/categories?post=419363"},{"taxonomy":"post_tag","embeddable":true,"href":"https:\/\/www.europesays.com\/pl\/wp-json\/wp\/v2\/tags?post=419363"}],"curies":[{"name":"wp","href":"https:\/\/api.w.org\/{rel}","templated":true}]}}