{"id":419556,"date":"2026-05-10T03:21:20","date_gmt":"2026-05-10T03:21:20","guid":{"rendered":"https:\/\/www.europesays.com\/pl\/419556\/"},"modified":"2026-05-10T03:21:20","modified_gmt":"2026-05-10T03:21:20","slug":"hipnotyzujaca-paulina-krupinska-julia-wieniawa-w-przeswitujacym-body-plejada","status":"publish","type":"post","link":"https:\/\/www.europesays.com\/pl\/419556\/","title":{"rendered":"Hipnotyzuj\u0105ca Paulina Krupi\u0144ska. Julia Wieniawa w prze\u015bwituj\u0105cym body &#8211; Plejada"},"content":{"rendered":"<ol>\n<li><a href=\"https:\/\/news.google.com\/rss\/articles\/CBMiowFBVV95cUxQR0NfQ0U4ODJDdFpLWFpqUmQzcTZqUDlKcmdaeUJncV9PdlR1MzNsQ2U0TnNqWjhiZ0NOYXBINGpNaFByNG1KOXJCQW9ldFNhLXZReHI2ZmtNUEZQRk9pYjd0YUtPc05LNHlPVlRJS2JfbWszS3VlRDM1QWZtaWVYM2JtSF9vSGpERVZzRjBQQVVfOHhFT045eUk0SnZtOVFGcS1B?oc=5\" target=\"_blank\" rel=\"nofollow noopener\">Hipnotyzuj\u0105ca Paulina Krupi\u0144ska. Julia Wieniawa w prze\u015bwituj\u0105cym body<\/a>&nbsp;&nbsp;Plejada<\/li>\n<li><a href=\"https:\/\/news.google.com\/rss\/articles\/CBMihgFBVV95cUxNSnZQSExZM24wTXB2NjU5T3ZXc1h2cVlPLVhQbWhBUmFUT1Z2azhBTmVuN0p0TmJ2SVpaMTR6ckxMdkk1ajc1ZWdvRU55SW9DeXBEN21wZXg5NTR4NXNPRUNFeW5LVl9TUzJabDV5YzZpbHVxYVhBb25iYjN2aURaWnJ0Q3V2Zw?oc=5\" target=\"_blank\" rel=\"nofollow noopener\">Wieniawa w sk\u0105pej stylizacji w finale &#8222;Mam Talent!&#8221;. Posz\u0142a za daleko?<\/a>&nbsp;&nbsp;Fakt<\/li>\n<li><a href=\"https:\/\/news.google.com\/rss\/articles\/CBMiqwFBVV95cUxQaU5NNktfRmF3THpJbkE3aVZUWThHQUtoWGMxNU9pTVlDLWFNNUtaRkhRbDFIVDgwcGFOYmZ5R2ZnRE5yQ2V5bkhCQ1d4THA0UEVpbkkxdHZFajU0UXNNdklFVm8yUURrUlR2UGNJUXF0b3NwUjcyUVcyaGdickc2TUE1cElkN0FKcEhHRll5d1BPZXd2Q0o4SHdHeFdCMy1Fb1dXMXlXNHBVQ2M?oc=5\" target=\"_blank\" rel=\"nofollow noopener\">Gwiazdy na finale &#8222;Mam Talent&#8221;. Kto si\u0119 pojawi\u0142?<\/a>&nbsp;&nbsp;Dzie\u0144 Dobry TVN<\/li>\n<li><a href=\"https:\/\/news.google.com\/rss\/articles\/CBMisgFBVV95cUxQMU5JbkZ3S21WckNNUWVoaUhwY3djSktxOURLbW54bDdBSDVJZnBoQk8zTk9CenpqRFM3VkY4eHRRN3l4NHQtdngtcXNia044ZzBzak5Xc2NkNkhIQ21zYm5FVm1fSXVFSExXOE1TRVMtTjhuWTRGUEVaZ0V1UmNOQkdjUW96UXFMRUVxNko0MzhMWDAzT0lDeEVXN1p2Q2pMSTNUSmJKTHhqdVJRMzZpSExB?oc=5\" target=\"_blank\" rel=\"nofollow noopener\">Paulina Krupi\u0144ska na finale &#8222;Mam talent!&#8221; wygl\u0105da\u0142a jak bogini<\/a>&nbsp;&nbsp;Kozaczek<\/li>\n<li><a href=\"https:\/\/news.google.com\/rss\/articles\/CBMi1AFBVV95cUxNOXp3dVVKS0JYNzNsZ05qSDVXNGhldEM5NWh1Ym9vaXByT3BabUhCdy13am1QVWxYcURBRWFaOEhNV25kOEplelQwUmU3Q25pUU5qOEwzLWxpWTRtM0ttWVBPUDA0MzNXamUwV284aGhFaG9VVU9obGhUTnBrQVFDdktHRW9DRHZyTHlrLVhuamJ2SjRHSm1qTW1rTHhMRVMzLXN1TzZHTzhBUXJXSlphVnFGT0p0VWdFNTU4b2xHbGdQWFd6Z0hiVW5JclduTHpRcHZEZA?oc=5\" target=\"_blank\" rel=\"nofollow noopener\">Julia Wieniawa w d\u017cinsach i z go\u0142ym brzuchem melduje si\u0119 na \u015bciance fina\u0142owego odcinka &#8222;Mam Talent!&#8221;<\/a>&nbsp;&nbsp;Pudelek<\/li>\n<\/ol>\n","protected":false},"excerpt":{"rendered":"Hipnotyzuj\u0105ca Paulina Krupi\u0144ska. Julia Wieniawa w prze\u015bwituj\u0105cym body&nbsp;&nbsp;Plejada Wieniawa w sk\u0105pej stylizacji w finale &#8222;Mam Talent!&#8221;. Posz\u0142a za&hellip;\n","protected":false},"author":2,"featured_media":419557,"comment_status":"","ping_status":"","sticky":false,"template":"","format":"standard","meta":{"footnotes":"","_share_on_mastodon":"0"},"categories":[5],"tags":[13014,31101,61195,32,33,36,37,27,1654,34,35,16833,2956,28,31,48,25,125,46,2236,42,38,40,39,41,47,29,30,26],"class_list":["post-419556","post","type-post","status-publish","format-standard","has-post-thumbnail","category-naglowki","tag-agnieszka_chylinska","tag-agustin_egurrola","tag-bottomfeed_styl","tag-breaking-news","tag-breakingnews","tag-featured-news","tag-featurednews","tag-headlines","tag-julia_wieniawa","tag-latest-news","tag-latestnews","tag-mam_talent","tag-marcin_prokop","tag-naglowki","tag-najwazniejsze-artykuly","tag-nat_styl","tag-news","tag-newsy","tag-omp","tag-paulina_krupinska","tag-pl","tag-poland","tag-polish","tag-polska","tag-polski","tag-screening_general","tag-top-stories","tag-topstories","tag-wiadomosci"],"share_on_mastodon":{"url":"https:\/\/pubeurope.com\/@pl\/116548133393941367","error":""},"_links":{"self":[{"href":"https:\/\/www.europesays.com\/pl\/wp-json\/wp\/v2\/posts\/419556","targetHints":{"allow":["GET"]}}],"collection":[{"href":"https:\/\/www.europesays.com\/pl\/wp-json\/wp\/v2\/posts"}],"about":[{"href":"https:\/\/www.europesays.com\/pl\/wp-json\/wp\/v2\/types\/post"}],"author":[{"embeddable":true,"href":"https:\/\/www.europesays.com\/pl\/wp-json\/wp\/v2\/users\/2"}],"replies":[{"embeddable":true,"href":"https:\/\/www.europesays.com\/pl\/wp-json\/wp\/v2\/comments?post=419556"}],"version-history":[{"count":0,"href":"https:\/\/www.europesays.com\/pl\/wp-json\/wp\/v2\/posts\/419556\/revisions"}],"wp:featuredmedia":[{"embeddable":true,"href":"https:\/\/www.europesays.com\/pl\/wp-json\/wp\/v2\/media\/419557"}],"wp:attachment":[{"href":"https:\/\/www.europesays.com\/pl\/wp-json\/wp\/v2\/media?parent=419556"}],"wp:term":[{"taxonomy":"category","embeddable":true,"href":"https:\/\/www.europesays.com\/pl\/wp-json\/wp\/v2\/categories?post=419556"},{"taxonomy":"post_tag","embeddable":true,"href":"https:\/\/www.europesays.com\/pl\/wp-json\/wp\/v2\/tags?post=419556"}],"curies":[{"name":"wp","href":"https:\/\/api.w.org\/{rel}","templated":true}]}}