{"id":419720,"date":"2026-05-10T06:18:11","date_gmt":"2026-05-10T06:18:11","guid":{"rendered":"https:\/\/www.europesays.com\/pl\/419720\/"},"modified":"2026-05-10T06:18:11","modified_gmt":"2026-05-10T06:18:11","slug":"co-tam-sie-stalo-oto-mistrz-swiata-wagi-ciezkiej","status":"publish","type":"post","link":"https:\/\/www.europesays.com\/pl\/419720\/","title":{"rendered":"Co tam si\u0119 sta\u0142o? Oto mistrz \u015bwiata wagi ci\u0119\u017ckiej"},"content":{"rendered":"\n<p class=\"contentpart contentpart--default contentpart--text\" data-position=\"0\"><a href=\"https:\/\/sportowefakty.wp.pl\/boks\/fabio-wardley\" rel=\"nofollow noopener\" target=\"_blank\">Fabio Wardley<\/a>\u00a0(20-1-1, 19 KO) i <a href=\"https:\/\/sportowefakty.wp.pl\/boks\/daniel-dubois\" rel=\"nofollow noopener\" target=\"_blank\">Daniel Dubois<\/a>\u00a0(23-3, 22 KO) wyszli do ringu w momencie, w kt\u00f3rym brytyjska waga ci\u0119\u017cka zn\u00f3w znajduje si\u0119 w centrum \u015bwiatowego boksu. W Manchesterze stawk\u0105 by\u0142 pas mistrzowski <a href=\"https:\/\/sportowefakty.wp.pl\/inne\/wbo\" rel=\"nofollow noopener\" target=\"_blank\">WBO<\/a>\u00a0w wadze cie\u017ckiej, kt\u00f3rego Wardley broni\u0142 po raz pierwszy, maj\u0105c za sob\u0105 seri\u0119 zwyci\u0119stw budowanych nie tylko si\u0142\u0105 ciosu, ale te\u017c odporno\u015bci\u0105 w najtrudniejszych momentach walk. Natomiast dla Dubois, by\u0142ego mistrz \u015bwiata <a href=\"https:\/\/sportowefakty.wp.pl\/inne\/ibf\" rel=\"nofollow noopener\" target=\"_blank\">IBF<\/a>, by\u0142a to okazja aby pokaza\u0107 si\u0119 z jak najlepszej strony po bolesnej pora\u017cce z O\u0142eksandrem Usykiem.<\/p>\n<p>  <img decoding=\"async\" src=\"https:\/\/v.wpimg.pl\/X3dwLnN2d1IFFTpdYUl6R0ZNbgcnEHQREVV2TGEGbUtRT2MdOlZ2RBQUKABgQjQcDRotCStBd1IAAWMeIlM7VgwYIAorQAdEFFk_GCkQJQ\" alt=\"\" width=\"45\" height=\"58\" loading=\"lazy\"\/>  <\/p>\n<p class=\"contentpart contentpart--default contentpart--text\" data-position=\"1\">Kuriozalny nokaut! &#8222;Pierwszy raz widzia\u0142em co\u015b takiego&#8221;<\/p>\n<p class=\"contentpart contentpart--default contentpart--text\" data-position=\"3\">Bior\u0105c pod uwag\u0119 styl obu pi\u0119\u015bciarzy, mo\u017cna by\u0142o zak\u0142ada\u0107, \u017ce nie b\u0119dzie to popis pi\u0119\u015bciarskich szach\u00f3w. Tak te\u017c si\u0119 sta\u0142o. Ju\u017c niespe\u0142na 12 sekund po rozpocz\u0119ciu walki Daniel Dubois nadzia\u0142 si\u0119 na pot\u0119\u017cny sierpowy Fabio Wardleya, kt\u00f3ry pos\u0142a\u0142 go na deski. Dubois szybko si\u0119 jednak podni\u00f3s\u0142 i natychmiast ruszy\u0142 do odrabiania strat. Tych ch\u0119ci by\u0142o chyba a\u017c nadto, poniewa\u017c na p\u00f3\u0142torej minuty przed ko\u0144cem pierwszej rundy obali\u0142 Wardleya. Nie by\u0142 to jednak cios, lecz raczej rzut rodem z zapas\u00f3w lub judo ni\u017c akcja znana z bokserskiego ringu. Ju\u017c wtedy by\u0142o jasne, \u017ce kibic\u00f3w czekaj\u0105 ogromne emocje.<\/p>\n<p class=\"contentpart contentpart--default contentpart--text\" data-position=\"4\">W drugiej rundzie i na pocz\u0105tku trzeciego starcia Daniel Dubois zacz\u0105\u0142 zyskiwa\u0107 przewag\u0119. Kiedy wydawa\u0142o si\u0119, \u017ce by\u0142y mistrz \u015bwiata IBF mo\u017ce przej\u0105\u0107 kontrol\u0119 nad pojedynkiem, Fabio Wardley ponownie pokaza\u0142 swoj\u0105 brutaln\u0105 si\u0142\u0119. Kolejny prawy sierpowy wstrz\u0105sn\u0105\u0142 Dubois, kt\u00f3ry zn\u00f3w pad\u0142 na mat\u0119. Ostatecznie zdo\u0142a\u0142 wsta\u0107, ale tym razem jego powr\u00f3t do walki nie by\u0142 ju\u017c tak pewny jak po pierwszym nokdaunie.<\/p>\n<p>  <img decoding=\"async\" src=\"https:\/\/v.wpimg.pl\/X3dwLnN2d1IFFTpdYUl6R0ZNbgcnEHQREVV2TGEGbUtRT2MdOlZ2RBQUKABgQjQcDRotCStBd1IAAWMeIlM7VgwYIAorQAdEFFk_GCkQJQ\" alt=\"\" width=\"45\" height=\"58\" loading=\"lazy\"\/>  <\/p>\n<p class=\"contentpart contentpart--default contentpart--text\" data-position=\"5\">To, co wydarzy\u0142o si\u0119 w czwartej rundzie, by\u0142o wr\u0119cz niesamowite. Daniel Dubois wr\u00f3ci\u0142 do pojedynku w wielkim stylu. Najpierw trafi\u0142 aktualnego mistrza \u015bwiata pot\u0119\u017cnym prawym sierpowym, ale Fabio Wardley nawet nie drgn\u0105\u0142. A\u017c trudno by\u0142o uwierzy\u0107, \u017ce mo\u017cna przyj\u0105\u0107 taki cios i pozosta\u0107 niewzruszonym. W dalszej cz\u0119\u015bci rundy Dubois jeszcze kilkukrotnie trafia\u0142 rywala, jednak Wardley zdawa\u0142 si\u0119 nic sobie z tego nie robi\u0107. Przyjmowa\u0142 mocne uderzenia na szcz\u0119k\u0119 i ca\u0142y czas pozostawa\u0142 w grze.<\/p>\n<p class=\"contentpart contentpart--default contentpart--text\" data-position=\"6\">Daniel Dubois nie zamierza\u0142 si\u0119 jednak zatrzymywa\u0107. Ju\u017c w pi\u0105tej rundzie mo\u017cna by\u0142o zauwa\u017cy\u0107, \u017ce Fabio Wardley coraz mocniej odczuwa trudy tego starcia. Prawdziwy popis Dubois nadszed\u0142 jednak dopiero w sz\u00f3stej ods\u0142onie. Aktualny mistrz \u015bwiata WBO przyj\u0105\u0142 seri\u0119 pot\u0119\u017cnych cios\u00f3w i znalaz\u0142 si\u0119 na skraju nokautu. Jakim\u015b cudem zdo\u0142a\u0142 jednak przetrwa\u0107 do gongu ko\u0144cz\u0105cego rund\u0119.<\/p>\n<p class=\"contentpart contentpart--default contentpart--text\" data-position=\"7\">Do si\u00f3dmego starcia Wardley wyszed\u0142 ju\u017c z mocno zakrwawion\u0105 twarz\u0105 i praktycznie zamkni\u0119tym prawym okiem. To by\u0142a woda na m\u0142yn dla Daniela Dubois, kt\u00f3ry kontynuowa\u0142 ofensyw\u0119. Pod koniec rundy aktualny mistrz \u015bwiata niespodziewanie odzyska\u0142 jednak si\u0142y. Wardley spr\u00f3bowa\u0142 skontrowa\u0107 Dubois i tym samym zaskoczy\u0142 rywala. By\u0142y mistrz \u015bwiata IBF ponownie przez moment znalaz\u0142 si\u0119 w powa\u017cnych opa\u0142ach.<\/p>\n<p>  <img decoding=\"async\" src=\"https:\/\/v.wpimg.pl\/X3dwLnN2d1IFFTpdYUl6R0ZNbgcnEHQREVV2TGEGbUtRT2MdOlZ2RBQUKABgQjQcDRotCStBd1IAAWMeIlM7VgwYIAorQAdEFFk_GCkQJQ\" alt=\"\" width=\"45\" height=\"58\" loading=\"lazy\"\/>  <\/p>\n<p class=\"contentpart contentpart--default contentpart--text\" data-position=\"8\">Pod koniec \u00f3smej rundy Wardley nadzia\u0142 si\u0119 na mocny lewy prosty Dubois. Cios wyra\u017anie nim wstrz\u0105sn\u0105\u0142, ale mistrz zdo\u0142a\u0142 utrzyma\u0107 si\u0119 na nogach. Gong ko\u0144cz\u0105cy rund\u0119 uratowa\u0142 go przed kolejnymi atakami rywala. Stan zdrowia Wardleya &#8211; zamkni\u0119te oko oraz powa\u017cne rozci\u0119cie na nosie &#8211; sprawi\u0142 jednak, \u017ce przed wznowieniem walki s\u0119dzia zdecydowa\u0142 si\u0119 skorzysta\u0107 z konsultacji lekarskiej. Lekarz zawod\u00f3w dopu\u015bci\u0142 jednak Wardleya do dalszej rywalizacji.<\/p>\n<p class=\"contentpart contentpart--default contentpart--text\" data-position=\"9\">To, co wydarzy\u0142o si\u0119 w dziewi\u0105tej rundzie, by\u0142o jednym z najbardziej emocjonuj\u0105cych moment\u00f3w w wadze ci\u0119\u017ckiej ostatnich lat. Wardley, mimo przyj\u0119cia wielu cios\u00f3w i wyra\u017anego zm\u0119czenia, postawi\u0142 na otwart\u0105 wymian\u0119. Sam by\u0142 przez to na skraju nokautu, ale r\u00f3wnie\u017c kilkukrotnie mocno zaskoczy\u0142 rywala. Jego twarz wygl\u0105da\u0142a jednak coraz gorzej, dlatego przed dopuszczeniem do dziesi\u0105tej rundy s\u0119dzia ponownie poprosi\u0142 o konsultacj\u0119 lekarsk\u0105.<\/p>\n<p class=\"contentpart contentpart--default contentpart--text\" data-position=\"10\">Daniel Dubois kontynuowa\u0142 ofensyw\u0119, a Fabio Wardley coraz cz\u0119\u015bciej ogranicza\u0142 si\u0119 g\u0142\u00f3wnie do przyjmowania cios\u00f3w rywala. Ostatecznie na pocz\u0105tku jedenastej rundy, po kolejnej mocnej serii Dubois, s\u0119dzia ringowy postanowi\u0142 przerwa\u0107 walk\u0119. W ten spos\u00f3b Daniel Dubois odwr\u00f3ci\u0142 losy pojedynku i zako\u0144czy\u0142 go przed czasem. Decyzja arbitra wydaje si\u0119 s\u0142uszna, poniewa\u017c Wardley by\u0142 ju\u017c niemi\u0142osiernie obijany.<\/p>\n<p>  <img decoding=\"async\" src=\"https:\/\/v.wpimg.pl\/X3dwLnN2d1IFFTpdYUl6R0ZNbgcnEHQREVV2TGEGbUtRT2MdOlZ2RBQUKABgQjQcDRotCStBd1IAAWMeIlM7VgwYIAorQAdEFFk_GCkQJQ\" alt=\"\" width=\"45\" height=\"58\" loading=\"lazy\"\/>  <\/p>\n<p class=\"contentpart contentpart--default contentpart--text\" data-position=\"11\">Daniel Dubois zrobi\u0142 dok\u0142adnie to, czego od niego oczekiwano. Wr\u00f3ci\u0142 na zwyci\u0119sk\u0105 \u015bcie\u017ck\u0119 w wielkim stylu i przypomnia\u0142, \u017ce wci\u0105\u017c nale\u017cy do najgro\u017aniejszych pi\u0119\u015bciarzy wagi ci\u0119\u017ckiej. Pokonuj\u0105c\u00a0Fabio Wardleya nie do\u015b\u0107, \u017ce si\u0119gn\u0105\u0142 po mistrzostwo \u015bwiata WBO w wadze ci\u0119\u017ckiej to jeszcze pokaza\u0142, \u017ce ma niesamowity charakter i potragi odwr\u00f3ci\u0107 losy walki. Kolejne wielkie starcia z jego udzia\u0142em s\u0105 tylko kwesti\u0105 czasu.<\/p>\n","protected":false},"excerpt":{"rendered":"Fabio Wardley\u00a0(20-1-1, 19 KO) i Daniel Dubois\u00a0(23-3, 22 KO) wyszli do ringu w momencie, w kt\u00f3rym brytyjska waga&hellip;\n","protected":false},"author":2,"featured_media":419721,"comment_status":"","ping_status":"","sticky":false,"template":"","format":"standard","meta":{"footnotes":"","_share_on_mastodon":"0"},"categories":[24],"tags":[2514,2512,78360,78361,28298,42,38,40,39,41,127,126,1256,78359],"class_list":["post-419720","post","type-post","status-publish","format-standard","has-post-thumbnail","category-sport","tag-boks","tag-boks-zawodowy","tag-daniel-dubois","tag-fabio-wardley","tag-ibf","tag-pl","tag-poland","tag-polish","tag-polska","tag-polski","tag-sport","tag-sports","tag-sporty-walki","tag-wbo"],"share_on_mastodon":{"url":"https:\/\/pubeurope.com\/@pl\/116548829818286602","error":""},"_links":{"self":[{"href":"https:\/\/www.europesays.com\/pl\/wp-json\/wp\/v2\/posts\/419720","targetHints":{"allow":["GET"]}}],"collection":[{"href":"https:\/\/www.europesays.com\/pl\/wp-json\/wp\/v2\/posts"}],"about":[{"href":"https:\/\/www.europesays.com\/pl\/wp-json\/wp\/v2\/types\/post"}],"author":[{"embeddable":true,"href":"https:\/\/www.europesays.com\/pl\/wp-json\/wp\/v2\/users\/2"}],"replies":[{"embeddable":true,"href":"https:\/\/www.europesays.com\/pl\/wp-json\/wp\/v2\/comments?post=419720"}],"version-history":[{"count":0,"href":"https:\/\/www.europesays.com\/pl\/wp-json\/wp\/v2\/posts\/419720\/revisions"}],"wp:featuredmedia":[{"embeddable":true,"href":"https:\/\/www.europesays.com\/pl\/wp-json\/wp\/v2\/media\/419721"}],"wp:attachment":[{"href":"https:\/\/www.europesays.com\/pl\/wp-json\/wp\/v2\/media?parent=419720"}],"wp:term":[{"taxonomy":"category","embeddable":true,"href":"https:\/\/www.europesays.com\/pl\/wp-json\/wp\/v2\/categories?post=419720"},{"taxonomy":"post_tag","embeddable":true,"href":"https:\/\/www.europesays.com\/pl\/wp-json\/wp\/v2\/tags?post=419720"}],"curies":[{"name":"wp","href":"https:\/\/api.w.org\/{rel}","templated":true}]}}