{"id":419832,"date":"2026-05-10T07:45:19","date_gmt":"2026-05-10T07:45:19","guid":{"rendered":"https:\/\/www.europesays.com\/pl\/419832\/"},"modified":"2026-05-10T07:45:19","modified_gmt":"2026-05-10T07:45:19","slug":"warszawa-oddala-hold-wybitnemu-historykowi-jego-nazwisko-trafilo-na-mape-miasta","status":"publish","type":"post","link":"https:\/\/www.europesays.com\/pl\/419832\/","title":{"rendered":"Warszawa odda\u0142a ho\u0142d wybitnemu historykowi. Jego nazwisko trafi\u0142o na map\u0119 miasta"},"content":{"rendered":"<p class=\"Paragraph_desktopParagraph__U31Gm\">Nadanie jego imienia to symboliczne uhonorowanie cz\u0142owieka, kt\u00f3ry przez ca\u0142e \u017cycie dokumentowa\u0142, popularyzowa\u0142 i chroni\u0142 pami\u0119\u0107 o stolicy. Jego publikacje i opracowania historyczne sta\u0142y si\u0119 wa\u017cn\u0105 cz\u0119\u015bci\u0105 wsp\u00f3\u0142czesnej wiedzy o Warszawie.<\/p>\n<p>Uroczysto\u015b\u0107 ods\u0142oni\u0119cia tablicy na \u017boliborzu <\/p>\n<p class=\"Paragraph_desktopParagraph__U31Gm\">W wydarzeniu uczestniczyli przedstawiciele w\u0142adz miasta, rodzina patrona oraz mieszka\u0144cy dzielnicy. Podczas uroczysto\u015bci ods\u0142oni\u0119to tablic\u0119 upami\u0119tniaj\u0105c\u0105 Krzysztofa Dunin-W\u0105sowicza.<\/p>\n<p class=\"Paragraph_desktopParagraph__U31Gm\">&#8211; Krzysztof Dunin-W\u0105sowicz nie tylko opisywa\u0142 histori\u0119 Warszawy &#8211; on j\u0105 wsp\u00f3\u0142tworzy\u0142. Dzi\u0119ki jego pracy miasto zyska\u0142o bogatsz\u0105 dokumentacj\u0119 swoich dziej\u00f3w i g\u0142\u0119bsz\u0105 \u015bwiadomo\u015b\u0107 w\u0142asnej to\u017csamo\u015bci. Dzi\u015b oddajemy ho\u0142d cz\u0142owiekowi, kt\u00f3ry ca\u0142ym sob\u0105 kocha\u0142 to miasto &#8211; powiedzia\u0142a Aldona Machnowska-G\u00f3ra, zast\u0119pczyni prezydenta m.st. Warszawy. Podzi\u0119kowa\u0142a tak\u017ce rodzinie, dzielnicy oraz radnym Warszawy za zaanga\u017cowanie w upami\u0119tnienie wybitnego varsavianisty.<\/p>\n<p>Kim by\u0142 Krzysztof Dunin-W\u0105sowicz? <\/p>\n<p class=\"Paragraph_desktopParagraph__U31Gm\">Krzysztof Dunin-W\u0105sowicz by\u0142 jednym z najwa\u017cniejszych badaczy historii Warszawy w XX w. Przez lata zwi\u0105zany z Bibliotek\u0105 Narodow\u0105 zajmowa\u0142 si\u0119 dokumentowaniem dziej\u00f3w miasta, jego mieszka\u0144c\u00f3w oraz instytucji.<\/p>\n<p class=\"Paragraph_desktopParagraph__U31Gm\">By\u0142 autorem licznych publikacji naukowych i popularyzatorskich. Jego prace sta\u0142y si\u0119 wa\u017cnym \u017ar\u00f3d\u0142em wiedzy dla kolejnych pokole\u0144 historyk\u00f3w i mi\u0142o\u015bnik\u00f3w Warszawy. Profesor anga\u017cowa\u0142 si\u0119 r\u00f3wnie\u017c spo\u0142ecznie. By\u0142 wi\u0119\u017aniem obozu koncentracyjnego Stutthof, a za swoj\u0105 dzia\u0142alno\u015b\u0107 zosta\u0142 odznaczony m.in. Krzy\u017cem Komandorskim z Gwiazd\u0105 Orderu Odrodzenia Polski oraz Medalem Sprawiedliwy w\u015br\u00f3d Narod\u00f3w \u015awiata.<\/p>\n<p>Wspomnienia o wybitnym varsaviani\u015bcie <\/p>\n<p class=\"Paragraph_desktopParagraph__U31Gm\">Po cz\u0119\u015bci oficjalnej uczestnicy spotkali si\u0119 w pobliskiej bibliotece, gdzie odby\u0142o si\u0119 wydarzenie po\u015bwi\u0119cone \u017cyciu i dzia\u0142alno\u015bci Krzysztofa Dunin-W\u0105sowicza. Wspomnienia rodziny, wsp\u00f3\u0142pracownik\u00f3w i przyjaci\u00f3\u0142 stworzy\u0142y obraz cz\u0142owieka, kt\u00f3ry \u0142\u0105czy\u0142 naukow\u0105 rzetelno\u015b\u0107 z ogromn\u0105 wra\u017cliwo\u015bci\u0105 na histori\u0119 miasta i jego mieszka\u0144c\u00f3w.<\/p>\n","protected":false},"excerpt":{"rendered":"Nadanie jego imienia to symboliczne uhonorowanie cz\u0142owieka, kt\u00f3ry przez ca\u0142e \u017cycie dokumentowa\u0142, popularyzowa\u0142 i chroni\u0142 pami\u0119\u0107 o stolicy.&hellip;\n","protected":false},"author":2,"featured_media":419833,"comment_status":"","ping_status":"","sticky":false,"template":"","format":"standard","meta":{"footnotes":"","_share_on_mastodon":"0"},"categories":[51605],"tags":[64505,261,53,52,68,51,312,55,42,38,40,39,41,47,8908,50,435],"class_list":["post-419832","post","type-post","status-publish","format-standard","has-post-thumbnail","category-warszawa","tag-benefit_tst0","tag-kultura","tag-new_header","tag-onet3","tag-onet3d","tag-onet3d_2i","tag-pcz","tag-phx","tag-pl","tag-poland","tag-polish","tag-polska","tag-polski","tag-screening_general","tag-tu_stolica","tag-v2021","tag-warszawa"],"share_on_mastodon":{"url":"https:\/\/pubeurope.com\/@pl\/116549171689625364","error":""},"_links":{"self":[{"href":"https:\/\/www.europesays.com\/pl\/wp-json\/wp\/v2\/posts\/419832","targetHints":{"allow":["GET"]}}],"collection":[{"href":"https:\/\/www.europesays.com\/pl\/wp-json\/wp\/v2\/posts"}],"about":[{"href":"https:\/\/www.europesays.com\/pl\/wp-json\/wp\/v2\/types\/post"}],"author":[{"embeddable":true,"href":"https:\/\/www.europesays.com\/pl\/wp-json\/wp\/v2\/users\/2"}],"replies":[{"embeddable":true,"href":"https:\/\/www.europesays.com\/pl\/wp-json\/wp\/v2\/comments?post=419832"}],"version-history":[{"count":0,"href":"https:\/\/www.europesays.com\/pl\/wp-json\/wp\/v2\/posts\/419832\/revisions"}],"wp:featuredmedia":[{"embeddable":true,"href":"https:\/\/www.europesays.com\/pl\/wp-json\/wp\/v2\/media\/419833"}],"wp:attachment":[{"href":"https:\/\/www.europesays.com\/pl\/wp-json\/wp\/v2\/media?parent=419832"}],"wp:term":[{"taxonomy":"category","embeddable":true,"href":"https:\/\/www.europesays.com\/pl\/wp-json\/wp\/v2\/categories?post=419832"},{"taxonomy":"post_tag","embeddable":true,"href":"https:\/\/www.europesays.com\/pl\/wp-json\/wp\/v2\/tags?post=419832"}],"curies":[{"name":"wp","href":"https:\/\/api.w.org\/{rel}","templated":true}]}}