{"id":42060,"date":"2025-10-10T13:11:09","date_gmt":"2025-10-10T13:11:09","guid":{"rendered":"https:\/\/www.europesays.com\/pl\/42060\/"},"modified":"2025-10-10T13:11:09","modified_gmt":"2025-10-10T13:11:09","slug":"ledwo-go-poznalam-borys-szyc-zaskoczyl-widzow-nowa-rola","status":"publish","type":"post","link":"https:\/\/www.europesays.com\/pl\/42060\/","title":{"rendered":"&#8222;Ledwo go pozna\u0142am&#8221;. Borys Szyc zaskoczy\u0142 widz\u00f3w now\u0105 rol\u0105"},"content":{"rendered":"<p class=\"Paragraph_desktopParagraph__U31Gm\"><a href=\"https:\/\/kultura.onet.pl\/film\/wiadomosci\/czarna-wolga-i-odmieniony-szyc-netflix-zapowiedzial-5-nowych-polskich-premier\/hejgcmf\" id=\"3c24378f-aaf9-4b76-89f9-58a3dd6a4f6f\" rel=\"nofollow noopener\" target=\"_blank\">Wczoraj Netflix zapowiedzia\u0142 pi\u0119\u0107 nowo\u015bci<\/a>. W\u015br\u00f3d og\u0142oszonych projekt\u00f3w jest serial &#8222;Bunt&#8221;. Na ten moment nie znamy daty premiery.<\/p>\n<p class=\"Paragraph_desktopParagraph__U31Gm\">To inspirowany prawdziwymi wydarzeniami odcinkowa opowie\u015b\u0107 z Borysem Szycem i Filipem P\u0142awiakiem w rolach by\u0142ych wsp\u00f3\u0142wi\u0119\u017ani\u00f3w stoj\u0105cych po przeciwnych stronach konfliktu, kt\u00f3rzy pr\u00f3buj\u0105 powstrzyma\u0107 masakr\u0119 podczas najwi\u0119kszego buntu wi\u0119ziennego w Polsce.<\/p>\n<p class=\"VideoPlayerText_videoPlayerText__iDwyz\">Dalszy ci\u0105g materia\u0142u pod wideo<\/p>\n<p class=\"Paragraph_desktopParagraph__U31Gm\">Za re\u017cyseri\u0119 odpowiadaj\u0105 Mateusz Rakowicz, tw\u00f3rca doskonale przyj\u0119tego &#8222;Najmro&#8221;, a tak\u017ce Marek Lechki, kt\u00f3ry zas\u0142yn\u0105\u0142 filmem &#8222;Erratum&#8221;, ale na koncie ma tak\u017ce realizacj\u0119 seriali &#8222;Bez tajemnic&#8221;, &#8222;Pakt&#8221;, &#8222;Brokat&#8221; czy &#8222;Tylko jedno spojrzenie&#8221;.<\/p>\n<ul class=\"OchatFollowUps_wrapper__1ry7X\">\n<li class=\"OchatFollowUps_item__Dhyly OchatFollowUps_itemDesktop__R6aBv\">Jakie role gra Borys Szyc w nowych serialach Netfliksa?<\/li>\n<li class=\"OchatFollowUps_item__Dhyly OchatFollowUps_itemDesktop__R6aBv\">Kiedy b\u0119dzie premiera serialu 'Heweliuszu&#8217;?<\/li>\n<li class=\"OchatFollowUps_item__Dhyly OchatFollowUps_itemDesktop__R6aBv\">Co m\u00f3wi\u0105 widzowie o metamorfozie Borysa Szyca?<\/li>\n<li class=\"OchatFollowUps_item__Dhyly OchatFollowUps_itemDesktop__R6aBv\">Kto jest re\u017cyserem serialu 'Bunt&#8217;?<\/li>\n<\/ul>\n<p class=\"Paragraph_desktopParagraph__U31Gm\">Scenariusz napisali \u0141ukasz Bluszcz, Marcin Kubawski, a produkcj\u0105 zajmuje si\u0119 Maciej Kubicki.<\/p>\n<p class=\"Paragraph_desktopParagraph__U31Gm\">Tu\u017c po og\u0142oszeniu nowego projektu w mediach spo\u0142eczno\u015bciowych Netfliksa widzowie zacz\u0119li zwraca\u0107 uwag\u0119 na metamorfoz\u0119 Borysa Szyca.<\/p>\n<p class=\"Paragraph_desktopParagraph__U31Gm\">&#8222;Borys Szyc, \u015bwietna charakteryzacja&#8221;, &#8222;Nie pozna\u0142am Szyca na tym zdj\u0119ciu&#8221;, &#8222;Ledwo pozna\u0142am Borysa Szyca&#8221; \u2014 czytamy w\u015br\u00f3d komentarzy.<\/p>\n<p class=\"Paragraph_desktopParagraph__U31Gm\">Nie brakuje te\u017c g\u0142os\u00f3w por\u00f3wnuj\u0105cych polskiego aktora do postaci z Hollywood. &#8222;Szyc jak Nicolas Cage tu wyszed\u0142&#8221; \u2014 ocenia internauta, a inna widzka dodaje: &#8222;Szyca ledwo pozna\u0142am, a\u017c musia\u0142am przeczyta\u0107 opis z nazwiskiem. Bo niby podobny, ale nie do ko\u0144ca, jakby chudszy, jakby do Nicolasa Cage podobny z \u00bbLotu skaza\u0144c\u00f3w\u00ab&#8221;.<\/p>\n<p class=\"Paragraph_desktopParagraph__U31Gm\">Kto\u015b inny dorzuca jeszcze inne skojarzenie: &#8222;Szyc jak John Abruzzi z \u00bbPrison Break\u00ab&#8221;. Padaj\u0105 te\u017c por\u00f3wnania do antagonisty z kart komiks\u00f3w DC: &#8222;O wooow, Szyc wyszed\u0142 tutaj jak Joker&#8221;, &#8222;Borys niczym Arthur Fleck&#8221;.<\/p>\n<p class=\"Paragraph_desktopParagraph__U31Gm\">Spora cz\u0119\u015b\u0107 internaut\u00f3w cieszy si\u0119 tak\u017ce z obsadzenia Filipa P\u0142awiaka. &#8222;Szaleje z tymi rolami ostatnio&#8221; \u2014 mo\u017cemy przeczyta\u0107.<\/p>\n<p><img decoding=\"async\" class=\"Image_image__0tuHp\" height=\"470\" width=\"940\" src=\"https:\/\/www.europesays.com\/pl\/wp-content\/uploads\/2025\/10\/5lhk9kpTURBXy8xMzRiZmRhYzRiYjFhODE0NzVjN2JmN2NhODM1OTc4ZS5qcGeSlQLNA6wAwsOVAgDNAkvCw94AA6EwAaExAaEzw.jpeg\" alt=\"Filip P\u0142awiak i Borys Szyc w serialu &quot;Bunt&quot;\" loading=\"lazy\" \/>Bartosz Mrozowski, Netflix \/ mat. prasowe<\/p>\n<p>Filip P\u0142awiak i Borys Szyc w serialu &#8222;Bunt&#8221;<\/p>\n<p class=\"Paragraph_desktopParagraph__U31Gm\">Borysa Szyca od 5 listopada b\u0119dziemy mogli ogl\u0105da\u0107 w innym serialu Netfliksa \u2014 &#8222;Heweliuszu&#8221;. Serial inspirowany jest katastrof\u0105 na Ba\u0142tyku, kt\u00f3ra wstrz\u0105sn\u0119\u0142a Polsk\u0105 w latach 90. Aktor wcieli\u0142 si\u0119 w posta\u0107 kapitana Andrzeja U\u0142asiewicza.<\/p>\n<p class=\"Paragraph_desktopParagraph__U31Gm\">\u2014 Nawet gdy teraz o tym m\u00f3wi\u0119, to si\u0119 wzruszam, bo to du\u017ca odpowiedzialno\u015b\u0107. A przy okazji kaliber tego, o czym opowiadamy, jest od razu du\u017co wi\u0119kszy. [&#8230;] Jad\u0105c do pa\u0144stwa, obejrza\u0142em nieca\u0142e dwa odcinki i ju\u017c mia\u0142em dwa razy \u0142zy w oczach, wi\u0119c jest to bardzo mocna rzecz. Binge watching mo\u017ce by\u0107 trudny, ale my\u015bl\u0119, \u017ce jest to niezwykle wci\u0105gaj\u0105ca opowie\u015b\u0107. Bardzo emocjonalna \u2014 <a href=\"https:\/\/kultura.onet.pl\/telewizja\/seriale-polskie\/heweliusz-pierwsze-spojrzenie-na-serial-netfliksa-mam-od-razu-lzy-w-oczach\/yhwd67j\" id=\"4bb4c0ee-219a-447a-9ed5-614c3b94e558\" rel=\"nofollow noopener\" target=\"_blank\">m\u00f3wi\u0142 w lipcu na spotkaniu podczas Nowych Horyzont\u00f3w<\/a>.<\/p>\n","protected":false},"excerpt":{"rendered":"Wczoraj Netflix zapowiedzia\u0142 pi\u0119\u0107 nowo\u015bci. W\u015br\u00f3d og\u0142oszonych projekt\u00f3w jest serial &#8222;Bunt&#8221;. Na ten moment nie znamy daty premiery.&hellip;\n","protected":false},"author":2,"featured_media":42061,"comment_status":"","ping_status":"","sticky":false,"template":"","format":"standard","meta":{"footnotes":""},"categories":[22],"tags":[8053,122,67,261,8426,216,53,10577,52,68,51,55,42,38,40,39,41,123,47,7581,225,50],"class_list":{"0":"post-42060","1":"post","2":"type-post","3":"status-publish","4":"format-standard","5":"has-post-thumbnail","7":"category-rozrywka","8":"tag-borys_szyc","9":"tag-entertainment","10":"tag-intextvideo_splayer","11":"tag-kultura","12":"tag-najnowsze","13":"tag-netflix","14":"tag-new_header","15":"tag-no_emotions_tst1","16":"tag-onet3","17":"tag-onet3d","18":"tag-onet3d_2i","19":"tag-phx","20":"tag-pl","21":"tag-poland","22":"tag-polish","23":"tag-polska","24":"tag-polski","25":"tag-rozrywka","26":"tag-screening_general","27":"tag-serial_seriale","28":"tag-seriale_polskie","29":"tag-v2021"},"share_on_mastodon":{"url":"","error":""},"_links":{"self":[{"href":"https:\/\/www.europesays.com\/pl\/wp-json\/wp\/v2\/posts\/42060","targetHints":{"allow":["GET"]}}],"collection":[{"href":"https:\/\/www.europesays.com\/pl\/wp-json\/wp\/v2\/posts"}],"about":[{"href":"https:\/\/www.europesays.com\/pl\/wp-json\/wp\/v2\/types\/post"}],"author":[{"embeddable":true,"href":"https:\/\/www.europesays.com\/pl\/wp-json\/wp\/v2\/users\/2"}],"replies":[{"embeddable":true,"href":"https:\/\/www.europesays.com\/pl\/wp-json\/wp\/v2\/comments?post=42060"}],"version-history":[{"count":0,"href":"https:\/\/www.europesays.com\/pl\/wp-json\/wp\/v2\/posts\/42060\/revisions"}],"wp:featuredmedia":[{"embeddable":true,"href":"https:\/\/www.europesays.com\/pl\/wp-json\/wp\/v2\/media\/42061"}],"wp:attachment":[{"href":"https:\/\/www.europesays.com\/pl\/wp-json\/wp\/v2\/media?parent=42060"}],"wp:term":[{"taxonomy":"category","embeddable":true,"href":"https:\/\/www.europesays.com\/pl\/wp-json\/wp\/v2\/categories?post=42060"},{"taxonomy":"post_tag","embeddable":true,"href":"https:\/\/www.europesays.com\/pl\/wp-json\/wp\/v2\/tags?post=42060"}],"curies":[{"name":"wp","href":"https:\/\/api.w.org\/{rel}","templated":true}]}}