{"id":420738,"date":"2026-05-10T19:17:11","date_gmt":"2026-05-10T19:17:11","guid":{"rendered":"https:\/\/www.europesays.com\/pl\/420738\/"},"modified":"2026-05-10T19:17:11","modified_gmt":"2026-05-10T19:17:11","slug":"zamieszania-drogowego-na-poludniu-wroclawia-ciag-dalszy-o-sprawie-rozmawiali-mieszkancy-brochowa-jagodna-iwin-i-zacharzyc","status":"publish","type":"post","link":"https:\/\/www.europesays.com\/pl\/420738\/","title":{"rendered":"Zamieszania drogowego na po\u0142udniu Wroc\u0142awia ci\u0105g dalszy. O sprawie rozmawiali mieszka\u0144cy Brochowa, Jagodna, Iwin i Zacharzyc"},"content":{"rendered":"<p>Mieszka\u0144cy po\u0142udniowych osiedli i okolicznych wsi spotkali si\u0119, \u017ceby porozmawia\u0107 o problemie komunikacyjnym<\/p>\n<p>Fot. Mateusz Florczyk<\/p>\n<p>Mieszka\u0144cy Brochowa, Iwin, Zacharzyc, Jagodna i okolic spotkali si\u0119, by porozmawia\u0107 o skutkach remontu wiadukt\u00f3w na ul. Gazowej i chaosie komunikacyjnym, kt\u00f3ry sparali\u017cowa\u0142 codzienne \u017cycie tysi\u0119cy os\u00f3b.<\/p>\n<p style=\"text-align: justify;\">Kilkadziesi\u0105t os\u00f3b z Brochowa, Siechnic, Iwin i Zacharzyc spotka\u0142o si\u0119, aby <a href=\"https:\/\/www.radiowroclaw.pl\/articles\/view\/160221\/Spor-o-ulice-Koreanska-narasta-Mieszkancy-Bedziemy-jechac-kolejna-godzine-Magistrat-odpowiada-Bzdura\" rel=\"nofollow noopener\" target=\"_blank\">porozmawia\u0107 o problemie remontu i wykluczenia transportowego<\/a>, kt\u00f3rego &#8211; jak podkre\u015blali uczestnicy &#8211; dopu\u015bcili si\u0119 urz\u0119dnicy, pr\u00f3buj\u0105c sk\u0142\u00f3ci\u0107 mieszka\u0144c\u00f3w r\u00f3\u017cnych cz\u0119\u015bci aglomeracji. Spotkanie odby\u0142o si\u0119 przy ul. Afga\u0144skiej i dotyczy\u0142o skutk\u00f3w remontu wiadukt\u00f3w na ul. Gazowej.<\/p>\n<p style=\"text-align: justify;\">Podczas otwartego spotkania zwracano uwag\u0119 na korki, wyd\u0142u\u017cony czas dojazdu do pracy, szk\u00f3\u0142 i przychodni oraz brak przygotowanych alternatywnych tras:<\/p>\n<p>&#13;<br \/>\n\t\t\t\t\t\t\t\t\t\tAby ods\u0142ucha\u0107 za\u0142\u0105czonego d\u017awi\u0119ku zaktualizuj przegl\u0105dark\u0119 lub\/i wtyczk\u0119 Adobe Flash Player.&#13;\n\t\t\t\t\t\t\t\t\t<\/p>\n<p style=\"text-align: justify;\">&#8211; Ja rozumiem, \u017ce trzeba zmieni\u0107 organizacj\u0119 ruchu, ale robienie na \u017cywym organizmie eksperymentu, czy da si\u0119 wykluczy\u0107 ca\u0142\u0105 grup\u0119 os\u00f3b z tych dw\u00f3ch wiosek, bo mo\u017ce si\u0119 uda na d\u0142u\u017cej po to, \u017ceby ich zmusi\u0107 do tego, \u017ceby mo\u017ce poddali si\u0119 i przyszli do tego Wroc\u0142awia, kt\u00f3ry robi \u015bwi\u0144stwo, bo tutaj kawa\u0142ek dalej za chwileczk\u0119 b\u0119dzie blok zamiast tej zieleni.<\/p>\n<p style=\"text-align: justify;\">W trakcie rozm\u00f3w mieszka\u0144cy relacjonowali, \u017ce czas powrotu do domu wyd\u0142u\u017cy\u0142 si\u0119 nawet z kilku do kilkudziesi\u0119ciu minut, a urz\u0119dnicy nie zapewniaj\u0105 odpowiedniego tymczasowego rozwi\u0105zania:<\/p>\n<p>&#13;<br \/>\n\t\t\t\t\t\t\t\t\t\tAby ods\u0142ucha\u0107 za\u0142\u0105czonego d\u017awi\u0119ku zaktualizuj przegl\u0105dark\u0119 lub\/i wtyczk\u0119 Adobe Flash Player.&#13;\n\t\t\t\t\t\t\t\t\t<\/p>\n<p style=\"text-align: justify;\">&#8211; Dlaczego ta decyzja zosta\u0142a podj\u0119ta tak nagle, w og\u00f3le bez \u017cadnego zastanowienia si\u0119 ani wcze\u015bniejszych analiz dotycz\u0105cych stanu i jako\u015bci tych wiadukt\u00f3w? Wiemy, \u017ce procedowana jest budowa ulicy Liba\u0144skiej i to jest ulica, kt\u00f3ra mog\u0142aby odci\u0105\u017cy\u0107 ulic\u0119 Korea\u0144sk\u0105 na Brochowie z ruchu tranzytowego. Tylko po stronie Siechnic nie ma nic.\u00a0<\/p>\n<p style=\"text-align: justify;\">Jeden z mieszka\u0144c\u00f3w Brochowa zwraca\u0142 te\u017c uwag\u0119, \u017ce osiedlowe ulice s\u0105 wykorzystywane do egzaminowania przysz\u0142ych kierowc\u00f3w, co podczas remontu dodatkowo pogarsza sytuacj\u0119 na osiedlu:<\/p>\n<p>&#13;<br \/>\n\t\t\t\t\t\t\t\t\t\tAby ods\u0142ucha\u0107 za\u0142\u0105czonego d\u017awi\u0119ku zaktualizuj przegl\u0105dark\u0119 lub\/i wtyczk\u0119 Adobe Flash Player.&#13;\n\t\t\t\t\t\t\t\t\t<\/p>\n<p style=\"text-align: justify;\">&#8211; S\u0105 ma\u0142e rzeczy, kt\u00f3re mo\u017cna by zrobi\u0107, \u017ceby usprawni\u0107 sytuacj\u0119. Mamy na przyk\u0142ad zatrz\u0119sienie samochod\u00f3w nauki jazdy. To jest horror, co tu si\u0119 dzieje. Autobusy, ci\u0119\u017car\u00f3wki, wszystkie te &#8222;ma\u0142e elki&#8221;, samochody. Ja rozumiem, ale prosz\u0119 pa\u0144stwa, tu a\u017c nie da si\u0119 je\u017adzi\u0107. Wsz\u0119dzie mamy ograniczenia do 30 km na godzin\u0119.<\/p>\n<p style=\"text-align: justify;\">Cz\u0119\u015b\u0107 uczestnik\u00f3w\u00a0spotkania zaznaczyli, \u017ce je\u015bli b\u0119dzie taka potrzeba, s\u0105 gotowi wyj\u015b\u0107 na ulice i protestowa\u0107 w sprawie zmiany organizacji ruchu.\u00a0W trakcie dyskusji wielokrotnie podkre\u015blano, \u017ce mieszka\u0144cy nie powinni by\u0107 sk\u0142\u00f3cani mi\u0119dzy sob\u0105 przez urz\u0119dnik\u00f3w, lecz wsp\u00f3lnie domaga\u0107 si\u0119 konkretnych rozwi\u0105za\u0144. Spotkanie zorganizowa\u0142o SOS Wroc\u0142aw.<\/p>\n","protected":false},"excerpt":{"rendered":"Mieszka\u0144cy po\u0142udniowych osiedli i okolicznych wsi spotkali si\u0119, \u017ceby porozmawia\u0107 o problemie komunikacyjnym Fot. Mateusz Florczyk Mieszka\u0144cy Brochowa,&hellip;\n","protected":false},"author":2,"featured_media":420739,"comment_status":"","ping_status":"","sticky":false,"template":"","format":"standard","meta":{"footnotes":"","_share_on_mastodon":"0"},"categories":[51607],"tags":[78636,41389,78634,78632,51726,78638,78637,7890,34720,53536,42,38,40,39,41,78633,78635,48325,1853,31602,78639,78631],"class_list":["post-420738","post","type-post","status-publish","format-standard","has-post-thumbnail","category-wroclaw","tag-brochowa","tag-ciag","tag-dalszy","tag-drogowego","tag-i","tag-iwin","tag-jagodna","tag-mieszkancy","tag-na","tag-o","tag-pl","tag-poland","tag-polish","tag-polska","tag-polski","tag-poludniu","tag-rozmawiali","tag-sprawie","tag-wroclaw","tag-wroclawia","tag-zacharzyc","tag-zamieszania"],"share_on_mastodon":{"url":"https:\/\/pubeurope.com\/@pl\/116551892659347573","error":""},"_links":{"self":[{"href":"https:\/\/www.europesays.com\/pl\/wp-json\/wp\/v2\/posts\/420738","targetHints":{"allow":["GET"]}}],"collection":[{"href":"https:\/\/www.europesays.com\/pl\/wp-json\/wp\/v2\/posts"}],"about":[{"href":"https:\/\/www.europesays.com\/pl\/wp-json\/wp\/v2\/types\/post"}],"author":[{"embeddable":true,"href":"https:\/\/www.europesays.com\/pl\/wp-json\/wp\/v2\/users\/2"}],"replies":[{"embeddable":true,"href":"https:\/\/www.europesays.com\/pl\/wp-json\/wp\/v2\/comments?post=420738"}],"version-history":[{"count":0,"href":"https:\/\/www.europesays.com\/pl\/wp-json\/wp\/v2\/posts\/420738\/revisions"}],"wp:featuredmedia":[{"embeddable":true,"href":"https:\/\/www.europesays.com\/pl\/wp-json\/wp\/v2\/media\/420739"}],"wp:attachment":[{"href":"https:\/\/www.europesays.com\/pl\/wp-json\/wp\/v2\/media?parent=420738"}],"wp:term":[{"taxonomy":"category","embeddable":true,"href":"https:\/\/www.europesays.com\/pl\/wp-json\/wp\/v2\/categories?post=420738"},{"taxonomy":"post_tag","embeddable":true,"href":"https:\/\/www.europesays.com\/pl\/wp-json\/wp\/v2\/tags?post=420738"}],"curies":[{"name":"wp","href":"https:\/\/api.w.org\/{rel}","templated":true}]}}