{"id":422455,"date":"2026-05-11T15:27:08","date_gmt":"2026-05-11T15:27:08","guid":{"rendered":"https:\/\/www.europesays.com\/pl\/422455\/"},"modified":"2026-05-11T15:27:08","modified_gmt":"2026-05-11T15:27:08","slug":"media-oto-kolejny-hit-transferowy-widzewa-to-23-krotny-reprezentant-kraju","status":"publish","type":"post","link":"https:\/\/www.europesays.com\/pl\/422455\/","title":{"rendered":"Media: oto kolejny hit transferowy Widzewa. To 23-krotny reprezentant kraju"},"content":{"rendered":"<p>Cho\u0107 Widzew \u0141\u00f3d\u017a wci\u0105\u017c nie mo\u017ce by\u0107 pewny utrzymania w Ekstraklasie, to przy al. Pi\u0142sudskiego trwaj\u0105 ju\u017c intensywne prace nad letnim okienkiem transferowym. I wszystko wskazuje na to, \u017ce w\u0142a\u015bciciel Robert Dobrzycki ponownie zamierza mocniej si\u0119gn\u0105\u0107 do kieszeni. Portal direktno.hr informuje, \u017ce \u0142\u00f3dzki klub jest bliski finalizacji transferu Arbera Hoxhy. Za 23-krotnego reprezentanta Albanii ma wy\u0142o\u017cy\u0107 nawet pi\u0119\u0107 mln euro.<\/p>\n<p> Dalszy ci\u0105g artyku\u0142u pod materia\u0142em wideo  <\/p>\n<p>O potencjalnym transferze Alba\u0144czyka ju\u017c w marcu informowa\u0142 Tomasz W\u0142odarczyk z serwisu Meczyki.pl. Co wi\u0119cej, przekonywa\u0142, \u017ce dzia\u0142acze Widzewa ustalili ju\u017c nawet wst\u0119pne warunki z Dinamem Zagrzeb i do transferu mia\u0142oby doj\u015b\u0107 latem. Teraz sprawy nabra\u0142y tempa, a kluczem do tej transakcji ma by\u0107 pozostanie ekipy Aleksandara Vukovicia w pi\u0142karskiej elicie w naszym kraju.<\/p>\n<p>Po trzech wygranych w ostatnich pi\u0119ciu spotkaniach Widzew wydosta\u0142 si\u0119 na powierzchni\u0119, ale na dwie kolejki przed ko\u0144cem sezonu ma tylko jedno oczko przewagi nad stref\u0105 spadkow\u0105.<\/p>\n<p>Hoxha jest w tym sezonie bardzo wa\u017cn\u0105 postaci\u0105 w zespole z Zagrzebia, z kt\u00f3rym si\u0119gn\u0105\u0142 po mistrzostwo Chorwacji. 23-krotny reprezentant Albanii zapisa\u0142 na swoim koncie siedem bramek i dziewi\u0119\u0107 asyst w 41 meczach.<\/p>\n","protected":false},"excerpt":{"rendered":"Cho\u0107 Widzew \u0141\u00f3d\u017a wci\u0105\u017c nie mo\u017ce by\u0107 pewny utrzymania w Ekstraklasie, to przy al. Pi\u0142sudskiego trwaj\u0105 ju\u017c intensywne&hellip;\n","protected":false},"author":2,"featured_media":422456,"comment_status":"","ping_status":"","sticky":false,"template":"","format":"standard","meta":{"footnotes":"","_share_on_mastodon":"0"},"categories":[24],"tags":[61195,274,48,46,948,42,38,40,39,41,9096,47,127,126,130,3469],"class_list":["post-422455","post","type-post","status-publish","format-standard","has-post-thumbnail","category-sport","tag-bottomfeed_styl","tag-ekstraklasa","tag-nat_styl","tag-omp","tag-pilka_nozna","tag-pl","tag-poland","tag-polish","tag-polska","tag-polski","tag-robert_dobrzycki","tag-screening_general","tag-sport","tag-sports","tag-wiadomosci_sportowe","tag-widzew_lodz"],"share_on_mastodon":{"url":"https:\/\/pubeurope.com\/@pl\/116556650547647598","error":""},"_links":{"self":[{"href":"https:\/\/www.europesays.com\/pl\/wp-json\/wp\/v2\/posts\/422455","targetHints":{"allow":["GET"]}}],"collection":[{"href":"https:\/\/www.europesays.com\/pl\/wp-json\/wp\/v2\/posts"}],"about":[{"href":"https:\/\/www.europesays.com\/pl\/wp-json\/wp\/v2\/types\/post"}],"author":[{"embeddable":true,"href":"https:\/\/www.europesays.com\/pl\/wp-json\/wp\/v2\/users\/2"}],"replies":[{"embeddable":true,"href":"https:\/\/www.europesays.com\/pl\/wp-json\/wp\/v2\/comments?post=422455"}],"version-history":[{"count":0,"href":"https:\/\/www.europesays.com\/pl\/wp-json\/wp\/v2\/posts\/422455\/revisions"}],"wp:featuredmedia":[{"embeddable":true,"href":"https:\/\/www.europesays.com\/pl\/wp-json\/wp\/v2\/media\/422456"}],"wp:attachment":[{"href":"https:\/\/www.europesays.com\/pl\/wp-json\/wp\/v2\/media?parent=422455"}],"wp:term":[{"taxonomy":"category","embeddable":true,"href":"https:\/\/www.europesays.com\/pl\/wp-json\/wp\/v2\/categories?post=422455"},{"taxonomy":"post_tag","embeddable":true,"href":"https:\/\/www.europesays.com\/pl\/wp-json\/wp\/v2\/tags?post=422455"}],"curies":[{"name":"wp","href":"https:\/\/api.w.org\/{rel}","templated":true}]}}