{"id":424868,"date":"2026-05-12T18:27:12","date_gmt":"2026-05-12T18:27:12","guid":{"rendered":"https:\/\/www.europesays.com\/pl\/424868\/"},"modified":"2026-05-12T18:27:12","modified_gmt":"2026-05-12T18:27:12","slug":"demi-moore-zameldowala-sie-na-festiwalu-w-cannes-olsnila-podczas-sesji-zdjeciowej","status":"publish","type":"post","link":"https:\/\/www.europesays.com\/pl\/424868\/","title":{"rendered":"Demi Moore zameldowa\u0142a si\u0119 na festiwalu w Cannes. Ol\u015bni\u0142a podczas sesji zdj\u0119ciowej"},"content":{"rendered":"<p><a href=\"https:\/\/plejada.pl\/temat\/demi-moore-aktorka\/ckh6fwv\" id=\"6f8e6ba5-fa87-4116-a0d5-085bb7da9f73\" rel=\"nofollow noopener\" target=\"_blank\">Demi Moore <\/a>do\u0142\u0105czy\u0142a do grona dziewi\u0119ciu juror\u00f3w, kt\u00f3rzy w tym roku oceniaj\u0105 filmy podczas 79. edycji festiwalu w <a href=\"https:\/\/plejada.pl\/temat\/festiwal-filmowy-w-cannes\/0cp175e\" id=\"d066dfc2-63b6-43fc-bfa2-2c531ae16be9\" rel=\"nofollow noopener\" target=\"_blank\">Cannes <\/a>odbywaj\u0105cego si\u0119 od 12 do 23 maja. W\u015br\u00f3d nich znale\u017ali si\u0119 re\u017cyserka Chlo\u00e9 Zhao (&#8222;Hamnet&#8221;), aktor Stellan Skarsg\u00e5rd, przewodnicz\u0105cy jury Park Chan-wook, a tak\u017ce Ruth Negga, Laura Wandel, Diego C\u00e9spedes, Isaach De Bankol\u00e9 oraz Paul Laverty. Dalszy ci\u0105g artyku\u0142u pod materia\u0142em wideo Demi Moore zachwyci\u0142a w Cannes<\/p>\n<p>Podczas wtorkowego poranka Demi Moore pojawi\u0142a si\u0119 na czerwonym dywanie w sukience z rze\u017abiarskim gorsetem, ozdobionej pi\u00f3rami przypominaj\u0105cymi konfetti i wyko\u0144czonej falban\u0105. Stylizacj\u0119 dope\u0142ni\u0142a pasuj\u0105ca torebka, retro okulary w bia\u0142ych oprawkach, buty z kokardkami oraz bi\u017cuteria z szafirami i diamentami. Kreacja idealnie wpisa\u0142a si\u0119 w wyrafinowan\u0105 atmosfer\u0119 Cannes, podkre\u015blaj\u0105c nie tylko urod\u0119, ale i styl aktorki.<\/p>\n<p>      <img decoding=\"async\" src=\"https:\/\/www.europesays.com\/pl\/wp-content\/uploads\/2026\/05\/gUkk9lGaHR0cHM6Ly9vY2RuLmV1L3B1bHNjbXMvTURBXy9mMzg2NDUzZC1lOTUyLTQyNTAtYTk1OC1kYzFjMzViNTcwMWMuanBlZ.jpeg\" height=\"653\" width=\"940\" alt=\"Demi Moore\" loading=\"lazy\" class=\"ods-c-image__img ods-c-image__img--viewport-width\"\/> <\/p>\n<p>Demi MoorePAP\/EPA\/TERESA SUAREZ<\/p>\n<p>Cannes jak zwykle przyci\u0105gn\u0119\u0142o plejad\u0119 gwiazd. W\u015br\u00f3d pierwszych pojawi\u0142y si\u0119 r\u00f3wnie\u017c m.in. Heidi Klum, Gillian Anderson, Michelle Rodriguez, Riley Keough i Calire Holt.<\/p>\n<p> <img decoding=\"async\" src=\"https:\/\/www.europesays.com\/pl\/wp-content\/uploads\/2026\/05\/XIxk9lGaHR0cHM6Ly9vY2RuLmV1L3B1bHNjbXMvTURBXy8xZTE2ZmU4OC1jOTFlLTQzYmYtOWYxMy1jZmY4ZjY2ZWZkMjEuanBlZ.jpeg\" height=\"693\" width=\"940\" alt=\"Demi Moore\" loading=\"lazy\" class=\"ods-c-image__img ods-c-image__img--viewport-width\"\/> <\/p>\n<p>Demi MoorePAP\/EPA\/SEBASTIEN NOGIER<\/p>\n<p> Dzi\u0119kujemy, \u017ce przeczyta\u0142a\u015b\/e\u015b nasz artyku\u0142 do ko\u0144ca. W serwisie Plejada.pl ka\u017cdego dnia piszemy o najwa\u017cniejszych wydarzeniach show-biznesowych. B\u0105d\u017a na bie\u017c\u0105co! <a rel=\"nofollow noopener\" href=\"https:\/\/news.google.com\/publications\/CAAiEF0PeAlb7W1llpV_mwV2rL4qFAgKIhBdD3gJW-1tZZaVf5sFdqy-?hl=pl&amp;gl=PL&amp;ceid=PL%3Apl\" id=\"66e3607c-2a0a-4819-932b-fd897f96e73d\" target=\"_blank\">Obserwuj<\/a> Plejad\u0119 w Wiadomo\u015bciach Google. Odwied\u017a nas tak\u017ce na <a rel=\"nofollow noopener\" href=\"https:\/\/www.facebook.com\/plejadapl\" id=\"073311cf-5d65-4944-9f91-7860e7501229\" target=\"_blank\">Facebooku<\/a>, <a rel=\"nofollow noopener\" href=\"https:\/\/www.instagram.com\/plejadapl\/\" id=\"22697972-ace1-40f0-8190-854d0201d575\" target=\"_blank\">Instagramie<\/a>, <a rel=\"nofollow noopener\" href=\"https:\/\/www.youtube.com\/c\/plejada\" id=\"1b847e98-5d5b-4fa7-b31b-59079dfa2fda\" target=\"_blank\">YouTubie<\/a> oraz <a rel=\"nofollow noopener\" href=\"https:\/\/www.tiktok.com\/@plejada_pl\" id=\"fe9f53b5-9d16-4668-81c0-d4ed562ea3be\" target=\"_blank\">TikToku<\/a>.     <\/p>\n<p>Chcesz podzieli\u0107 si\u0119 ciekawym newsem lub zaproponowa\u0107 temat? Skontaktuj si\u0119 z nami, pisz\u0105c maila na adres: plejada@redakcjaonet.pl.<\/p>\n<p><script async src=\"\/\/www.instagram.com\/embed.js\"><\/script><script async src=\"\/\/www.tiktok.com\/embed.js\"><\/script><\/p>\n","protected":false},"excerpt":{"rendered":"Demi Moore do\u0142\u0105czy\u0142a do grona dziewi\u0119ciu juror\u00f3w, kt\u00f3rzy w tym roku oceniaj\u0105 filmy podczas 79. edycji festiwalu w&hellip;\n","protected":false},"author":2,"featured_media":424869,"comment_status":"","ping_status":"","sticky":false,"template":"","format":"standard","meta":{"footnotes":"","_share_on_mastodon":"0"},"categories":[22],"tags":[61195,5095,122,79510,30897,48,125,46,42,38,40,39,41,123,47,45633],"class_list":["post-424868","post","type-post","status-publish","format-standard","has-post-thumbnail","category-rozrywka","tag-bottomfeed_styl","tag-demi_moore","tag-entertainment","tag-festiwal_w_cannes","tag-gwiazdy_na_czerwonym_dywanie","tag-nat_styl","tag-newsy","tag-omp","tag-pl","tag-poland","tag-polish","tag-polska","tag-polski","tag-rozrywka","tag-screening_general","tag-stylizacje_giwazd"],"share_on_mastodon":{"url":"https:\/\/pubeurope.com\/@pl\/116563020547452850","error":""},"_links":{"self":[{"href":"https:\/\/www.europesays.com\/pl\/wp-json\/wp\/v2\/posts\/424868","targetHints":{"allow":["GET"]}}],"collection":[{"href":"https:\/\/www.europesays.com\/pl\/wp-json\/wp\/v2\/posts"}],"about":[{"href":"https:\/\/www.europesays.com\/pl\/wp-json\/wp\/v2\/types\/post"}],"author":[{"embeddable":true,"href":"https:\/\/www.europesays.com\/pl\/wp-json\/wp\/v2\/users\/2"}],"replies":[{"embeddable":true,"href":"https:\/\/www.europesays.com\/pl\/wp-json\/wp\/v2\/comments?post=424868"}],"version-history":[{"count":0,"href":"https:\/\/www.europesays.com\/pl\/wp-json\/wp\/v2\/posts\/424868\/revisions"}],"wp:featuredmedia":[{"embeddable":true,"href":"https:\/\/www.europesays.com\/pl\/wp-json\/wp\/v2\/media\/424869"}],"wp:attachment":[{"href":"https:\/\/www.europesays.com\/pl\/wp-json\/wp\/v2\/media?parent=424868"}],"wp:term":[{"taxonomy":"category","embeddable":true,"href":"https:\/\/www.europesays.com\/pl\/wp-json\/wp\/v2\/categories?post=424868"},{"taxonomy":"post_tag","embeddable":true,"href":"https:\/\/www.europesays.com\/pl\/wp-json\/wp\/v2\/tags?post=424868"}],"curies":[{"name":"wp","href":"https:\/\/api.w.org\/{rel}","templated":true}]}}