{"id":425129,"date":"2026-05-12T21:04:08","date_gmt":"2026-05-12T21:04:08","guid":{"rendered":"https:\/\/www.europesays.com\/pl\/425129\/"},"modified":"2026-05-12T21:04:08","modified_gmt":"2026-05-12T21:04:08","slug":"ewa-godlewska-nawet-pomniki-maja-tam-numery-startowe","status":"publish","type":"post","link":"https:\/\/www.europesays.com\/pl\/425129\/","title":{"rendered":"Ewa Godlewska: Nawet pomniki maj\u0105 tam numery startowe"},"content":{"rendered":"<p>Ewa Godlewska w studiu Radia Wroc\u0142aw &#8211; fot. Piotr Pietraszek<\/p>\n<p>fot. Piotr Pietraszek<\/p>\n<p>Boston to dla marato\u0144czyk\u00f3w miejsce niemal \u015bwi\u0119te, a dla prezeski stowarzyszenia Wo\u0142\u00f3w Biega \u2013 spe\u0142nienie jednego z najwi\u0119kszych sportowych marze\u0144. O tym rozmawiali\u015bmy g\u0142\u00f3wnie w ostatnim Magazynie Biegowym w Radiu Wroc\u0142aw. <\/p>\n<p style=\"text-align: justify;\">Ewa Godlewska &#8211; biegaczka, maratonka, a zawodowo\u00a0psycholog, wr\u00f3ci\u0142a\u00a0niedawno zza oceanu z medalem najstarszego maratonu \u015bwiata. W rozmowie na antenie Radia Wroc\u0142aw opowiada\u0142a o surowych kwalifikacjach, niezwyk\u0142ej atmosferze Patriot\u2019s Day i o tym, dlaczego w Bostonie nawet pos\u0105gi \u201ebiegn\u0105\u201d razem z zawodnikami.\u00a0Z rozmowy dowiecie si\u0119 tak\u017ce, czy psychologowi \u0142atwiej jest oszuka\u0107 \u201emarato\u0144sk\u0105 \u015bcian\u0119\u201d.<\/p>\n<p style=\"text-align: justify;\">POS\u0141UCHAJ ROZMOWY Z EW\u0104 GODLEWSK\u0104:<\/p>\n<p style=\"text-align: justify;\"><img decoding=\"async\" style=\"margin: 5px 0px 5px 0px; width: 100%; float: none;\" src=\"https:\/\/www.europesays.com\/pl\/wp-content\/uploads\/2026\/05\/Ewa-Godlewska-W-Bostonie-nawet-pomniki-maja-numery-startowe-1-69ff0ac5bee2b-e.jpg\" alt=\"\"\/>Ewa Godlewska z medalem za uko\u0144czenie Maratonu w Bostonie &#8211; fot. archiwum prywatne EG<\/p>\n","protected":false},"excerpt":{"rendered":"Ewa Godlewska w studiu Radia Wroc\u0142aw &#8211; fot. Piotr Pietraszek fot. Piotr Pietraszek Boston to dla marato\u0144czyk\u00f3w miejsce&hellip;\n","protected":false},"author":2,"featured_media":425130,"comment_status":"","ping_status":"","sticky":false,"template":"","format":"standard","meta":{"footnotes":"","_share_on_mastodon":"0"},"categories":[51607],"tags":[71917,79569,194,79570,79572,42,38,40,39,41,79571,79573,71046,1853],"class_list":["post-425129","post","type-post","status-publish","format-standard","has-post-thumbnail","category-wroclaw","tag-ewa","tag-godlewska","tag-maja","tag-nawet","tag-numery","tag-pl","tag-poland","tag-polish","tag-polska","tag-polski","tag-pomniki","tag-startowe","tag-tam","tag-wroclaw"],"share_on_mastodon":{"url":"","error":""},"_links":{"self":[{"href":"https:\/\/www.europesays.com\/pl\/wp-json\/wp\/v2\/posts\/425129","targetHints":{"allow":["GET"]}}],"collection":[{"href":"https:\/\/www.europesays.com\/pl\/wp-json\/wp\/v2\/posts"}],"about":[{"href":"https:\/\/www.europesays.com\/pl\/wp-json\/wp\/v2\/types\/post"}],"author":[{"embeddable":true,"href":"https:\/\/www.europesays.com\/pl\/wp-json\/wp\/v2\/users\/2"}],"replies":[{"embeddable":true,"href":"https:\/\/www.europesays.com\/pl\/wp-json\/wp\/v2\/comments?post=425129"}],"version-history":[{"count":0,"href":"https:\/\/www.europesays.com\/pl\/wp-json\/wp\/v2\/posts\/425129\/revisions"}],"wp:featuredmedia":[{"embeddable":true,"href":"https:\/\/www.europesays.com\/pl\/wp-json\/wp\/v2\/media\/425130"}],"wp:attachment":[{"href":"https:\/\/www.europesays.com\/pl\/wp-json\/wp\/v2\/media?parent=425129"}],"wp:term":[{"taxonomy":"category","embeddable":true,"href":"https:\/\/www.europesays.com\/pl\/wp-json\/wp\/v2\/categories?post=425129"},{"taxonomy":"post_tag","embeddable":true,"href":"https:\/\/www.europesays.com\/pl\/wp-json\/wp\/v2\/tags?post=425129"}],"curies":[{"name":"wp","href":"https:\/\/api.w.org\/{rel}","templated":true}]}}