{"id":42705,"date":"2025-10-10T20:37:09","date_gmt":"2025-10-10T20:37:09","guid":{"rendered":"https:\/\/www.europesays.com\/pl\/42705\/"},"modified":"2025-10-10T20:37:09","modified_gmt":"2025-10-10T20:37:09","slug":"na-chodniku-lezala-nieprzytomna-kobieta-tuz-obok-byla-trojka-malych-dzieci","status":"publish","type":"post","link":"https:\/\/www.europesays.com\/pl\/42705\/","title":{"rendered":"Na chodniku le\u017ca\u0142a nieprzytomna kobieta. Tu\u017c obok by\u0142a tr\u00f3jka ma\u0142ych dzieci"},"content":{"rendered":"<p class=\"ods-c-paragraph \">Dramat rozegra\u0142 si\u0119 w godzinach porannych. Dy\u017curny Komendy Powiatowej Policji w Kwidzynie otrzyma\u0142 zg\u0142oszenie o kobiecie, kt\u00f3ra zas\u0142ab\u0142a na chodniku przy ul. \u017beromskiego.<\/p>\n<blockquote class=\"ods-o-quota\">\n<p class=\"ods-o-quota__paragraph\">Jeszcze przed przyjazdem s\u0142u\u017cb ratunkowych jeden z m\u0119\u017cczyzn, b\u0119d\u0105cy \u015bwiadkiem zdarzenia, natychmiast rozpocz\u0105\u0142 resuscytacj\u0119 kr\u0105\u017ceniowo-oddechow\u0105. Gdy na miejsce dotar\u0142 patrol policji, funkcjonariusze przej\u0119li prowadzenie czynno\u015bci ratunkowych<\/p>\n<\/blockquote>\n<p class=\"ods-c-paragraph \">\u2014 relacjonuje Komenda Powiatowa Policji w Kwidzynie.<\/p>\n<p>Dalszy ci\u0105g artyku\u0142u pod materia\u0142em wideo<br \/>\nZauwa\u017cyli nieprzytomn\u0105 kobiet\u0119. Nie wykazywa\u0142a oznak \u017cycia. Wezwali policj\u0119<\/p>\n<p class=\"ods-c-paragraph \">Kobieta, kt\u00f3ra le\u017ca\u0142a na chodniku, nie wykazywa\u0142a \u017cadnych oznak \u017cycia. Policjanci uciskali jej klatk\u0119 piersiow\u0105, czekaj\u0105c na przyjazd karetki pogotowia. Dzi\u0119ki temu jeszcze przed przybyciem ratownik\u00f3w medycznych kobieta odzyska\u0142a funkcje \u017cyciowe. Trafi\u0142a do szpitala w Sztumie. Wtedy policjanci zaopiekowali si\u0119 tr\u00f3jk\u0105 jej ma\u0142ych dzieci.<\/p>\n<blockquote class=\"ods-o-quota\">\n<p class=\"ods-o-quota__paragraph\">Mundurowi zadbali o ich bezpiecze\u0144stwo i spok\u00f3j w tej trudnej sytuacji. Z uwagi na nisk\u0105 temperatur\u0119 umie\u015bcili dzieci w radiowozie, aby zapobiec wych\u0142odzeniu, a nast\u0119pnie przekazali je pod opiek\u0119 rodziny<\/p>\n<\/blockquote>\n<p class=\"ods-c-paragraph \">\u2014 opisuje Komenda Powiatowa Policji w Kwidzynie.<\/p>\n<p class=\"ods-c-paragraph \">Policja podkre\u015bla, \u017ce \u017cycie kobiety uda\u0142o si\u0119 uratowa\u0107 przede wszystkim dzi\u0119ki wzorowej postawie jednego z przechodni\u00f3w, kt\u00f3ry jako pierwszy ruszy\u0142 z pomoc\u0105.<\/p>\n<p class=\"ods-c-paragraph \">S\u0142u\u017cby przypominaj\u0105, jak si\u0119 zachowa\u0107 w podobnej sytuacji:<\/p>\n<ol class=\"ods-m-numbered-list\">\n<li class=\"ods-m-numbered-list__item\"> 1\n<p>Najpierw nale\u017cy sprawdzi\u0107, czy miejsce zdarzenia jest bezpieczne i czy nam nic nie zagra\u017ca.<\/p>\n<\/li>\n<li class=\"ods-m-numbered-list__item\"> 2\n<p>Nast\u0119pnie nale\u017cy oceni\u0107 stan osoby poszkodowanej: sprawdzi\u0107 jej przytomno\u015b\u0107 oraz oddech.<\/p>\n<\/li>\n<li class=\"ods-m-numbered-list__item\"> 3\n<p>Powinno si\u0119 jak najszybciej wezwa\u0107 pomoc, dzwoni\u0105c pod numer 112.<\/p>\n<\/li>\n<li class=\"ods-m-numbered-list__item\"> 4\n<p>W przypadku, gdy poszkodowana osoba nie oddycha, nale\u017cy uciska\u0107 jej klatk\u0119 piersiow\u0105 w tempie oko\u0142o 100\u2013120 razy na minut\u0119, a\u017c do przyjazdu ratownik\u00f3w.<\/p>\n<\/li>\n<\/ol>\n","protected":false},"excerpt":{"rendered":"Dramat rozegra\u0142 si\u0119 w godzinach porannych. Dy\u017curny Komendy Powiatowej Policji w Kwidzynie otrzyma\u0142 zg\u0142oszenie o kobiecie, kt\u00f3ra zas\u0142ab\u0142a&hellip;\n","protected":false},"author":2,"featured_media":42706,"comment_status":"","ping_status":"","sticky":false,"template":"","format":"standard","meta":{"footnotes":""},"categories":[12],"tags":[32,33,183,36,37,27,34,35,28,31,48,25,46,42,10529,38,414,40,39,41,12162,47,29,30,4000,26,10298],"class_list":{"0":"post-42705","1":"post","2":"type-post","3":"status-publish","4":"format-standard","5":"has-post-thumbnail","7":"category-polska","8":"tag-breaking-news","9":"tag-breakingnews","10":"tag-dzieci_dziecko","11":"tag-featured-news","12":"tag-featurednews","13":"tag-headlines","14":"tag-latest-news","15":"tag-latestnews","16":"tag-naglowki","17":"tag-najwazniejsze-artykuly","18":"tag-nat_styl","19":"tag-news","20":"tag-omp","21":"tag-pl","22":"tag-pogotowie_ratunkowe","23":"tag-poland","24":"tag-policja","25":"tag-polish","26":"tag-polska","27":"tag-polski","28":"tag-przechodzien","29":"tag-screening_general","30":"tag-top-stories","31":"tag-topstories","32":"tag-trojmiasto","33":"tag-wiadomosci","34":"tag-zaslabniecie"},"share_on_mastodon":{"url":"","error":""},"_links":{"self":[{"href":"https:\/\/www.europesays.com\/pl\/wp-json\/wp\/v2\/posts\/42705","targetHints":{"allow":["GET"]}}],"collection":[{"href":"https:\/\/www.europesays.com\/pl\/wp-json\/wp\/v2\/posts"}],"about":[{"href":"https:\/\/www.europesays.com\/pl\/wp-json\/wp\/v2\/types\/post"}],"author":[{"embeddable":true,"href":"https:\/\/www.europesays.com\/pl\/wp-json\/wp\/v2\/users\/2"}],"replies":[{"embeddable":true,"href":"https:\/\/www.europesays.com\/pl\/wp-json\/wp\/v2\/comments?post=42705"}],"version-history":[{"count":0,"href":"https:\/\/www.europesays.com\/pl\/wp-json\/wp\/v2\/posts\/42705\/revisions"}],"wp:featuredmedia":[{"embeddable":true,"href":"https:\/\/www.europesays.com\/pl\/wp-json\/wp\/v2\/media\/42706"}],"wp:attachment":[{"href":"https:\/\/www.europesays.com\/pl\/wp-json\/wp\/v2\/media?parent=42705"}],"wp:term":[{"taxonomy":"category","embeddable":true,"href":"https:\/\/www.europesays.com\/pl\/wp-json\/wp\/v2\/categories?post=42705"},{"taxonomy":"post_tag","embeddable":true,"href":"https:\/\/www.europesays.com\/pl\/wp-json\/wp\/v2\/tags?post=42705"}],"curies":[{"name":"wp","href":"https:\/\/api.w.org\/{rel}","templated":true}]}}