{"id":427766,"date":"2026-05-14T01:42:12","date_gmt":"2026-05-14T01:42:12","guid":{"rendered":"https:\/\/www.europesays.com\/pl\/427766\/"},"modified":"2026-05-14T01:42:12","modified_gmt":"2026-05-14T01:42:12","slug":"demi-moore-na-festiwalu-w-cannes-zachwycila-kreacja-na-czerwonym-dywanie","status":"publish","type":"post","link":"https:\/\/www.europesays.com\/pl\/427766\/","title":{"rendered":"Demi Moore na festiwalu w Cannes. Zachwyci\u0142a kreacj\u0105 na czerwonym dywanie"},"content":{"rendered":"<p><a href=\"https:\/\/plejada.pl\/temat\/demi-moore-aktorka\/ckh6fwv\" id=\"55f6661c-ed55-4928-b654-e2bbc4634f86\" rel=\"nofollow noopener\" target=\"_blank\">Demi Moore <\/a>do\u0142\u0105czy\u0142a do grona dziewi\u0119ciu juror\u00f3w, kt\u00f3rzy w tym roku oceniaj\u0105 filmy podczas 79. edycji festiwalu w <a href=\"https:\/\/plejada.pl\/temat\/festiwal-filmowy-w-cannes\/0cp175e\" id=\"f6decfd9-3891-4063-9c87-552702f344b1\" rel=\"nofollow noopener\" target=\"_blank\">Cannes<\/a>. Drugiego dnia festiwalu gwiazda ol\u015bni\u0142a w lawendowej kreacji wykonanej z po\u0142yskuj\u0105cego materia\u0142u. Uwag\u0119 przykuwa\u0142a jej fryzura &#8211; w\u0142osy lu\u017ano opadaj\u0105ce na ramiona, sprawiaj\u0105ce wra\u017cenie mokrych. Sama kreacja przywodzi\u0142a na my\u015bl morsk\u0105 istot\u0119.<\/p>\n","protected":false},"excerpt":{"rendered":"Demi Moore do\u0142\u0105czy\u0142a do grona dziewi\u0119ciu juror\u00f3w, kt\u00f3rzy w tym roku oceniaj\u0105 filmy podczas 79. edycji festiwalu w&hellip;\n","protected":false},"author":2,"featured_media":427767,"comment_status":"","ping_status":"","sticky":false,"template":"","format":"standard","meta":{"footnotes":"","_share_on_mastodon":"0"},"categories":[5],"tags":[61195,32,33,5095,36,37,79510,27,34,35,28,31,48,25,46,42,38,40,39,41,47,29,30,26,804],"class_list":["post-427766","post","type-post","status-publish","format-standard","has-post-thumbnail","category-naglowki","tag-bottomfeed_styl","tag-breaking-news","tag-breakingnews","tag-demi_moore","tag-featured-news","tag-featurednews","tag-festiwal_w_cannes","tag-headlines","tag-latest-news","tag-latestnews","tag-naglowki","tag-najwazniejsze-artykuly","tag-nat_styl","tag-news","tag-omp","tag-pl","tag-poland","tag-polish","tag-polska","tag-polski","tag-screening_general","tag-top-stories","tag-topstories","tag-wiadomosci","tag-zdjecia_gwiazd"],"share_on_mastodon":{"url":"https:\/\/pubeurope.com\/@pl\/116570393677942097","error":""},"_links":{"self":[{"href":"https:\/\/www.europesays.com\/pl\/wp-json\/wp\/v2\/posts\/427766","targetHints":{"allow":["GET"]}}],"collection":[{"href":"https:\/\/www.europesays.com\/pl\/wp-json\/wp\/v2\/posts"}],"about":[{"href":"https:\/\/www.europesays.com\/pl\/wp-json\/wp\/v2\/types\/post"}],"author":[{"embeddable":true,"href":"https:\/\/www.europesays.com\/pl\/wp-json\/wp\/v2\/users\/2"}],"replies":[{"embeddable":true,"href":"https:\/\/www.europesays.com\/pl\/wp-json\/wp\/v2\/comments?post=427766"}],"version-history":[{"count":0,"href":"https:\/\/www.europesays.com\/pl\/wp-json\/wp\/v2\/posts\/427766\/revisions"}],"wp:featuredmedia":[{"embeddable":true,"href":"https:\/\/www.europesays.com\/pl\/wp-json\/wp\/v2\/media\/427767"}],"wp:attachment":[{"href":"https:\/\/www.europesays.com\/pl\/wp-json\/wp\/v2\/media?parent=427766"}],"wp:term":[{"taxonomy":"category","embeddable":true,"href":"https:\/\/www.europesays.com\/pl\/wp-json\/wp\/v2\/categories?post=427766"},{"taxonomy":"post_tag","embeddable":true,"href":"https:\/\/www.europesays.com\/pl\/wp-json\/wp\/v2\/tags?post=427766"}],"curies":[{"name":"wp","href":"https:\/\/api.w.org\/{rel}","templated":true}]}}