{"id":429503,"date":"2026-05-14T19:50:08","date_gmt":"2026-05-14T19:50:08","guid":{"rendered":"https:\/\/www.europesays.com\/pl\/429503\/"},"modified":"2026-05-14T19:50:08","modified_gmt":"2026-05-14T19:50:08","slug":"polski-zwiazek-ma-sie-czym-chwalic-pozyskal-wielkiego-sponsora","status":"publish","type":"post","link":"https:\/\/www.europesays.com\/pl\/429503\/","title":{"rendered":"Polski zwi\u0105zek ma si\u0119 czym chwali\u0107. Pozyska\u0142 wielkiego sponsora"},"content":{"rendered":"\n<p class=\"contentpart contentpart--default contentpart--text\" data-position=\"0\">Jak przekaza\u0142 <a href=\"https:\/\/sportowefakty.wp.pl\/zimowe\/pzn\" rel=\"nofollow noopener\" target=\"_blank\">Polski Zwi\u0105zek Narciarski<\/a>, zakres wsp\u00f3\u0142pracy obejmuje pakiet dzia\u0142a\u0144 sportowych, organizacyjnych i wizerunkowych, koncentruj\u0105c si\u0119 zar\u00f3wno na rywalizacji na najwy\u017cszym \u015bwiatowym poziomie, jak i na projektach rozwojowych skierowanych do m\u0142odych zawodnik\u00f3w.<\/p>\n<p class=\"contentpart contentpart--default contentpart--text\" data-position=\"1\">Nowa umowa wprowadza Narodowy Program Rozwoju Bieg\u00f3w Narciarskich oraz Program Rozwoju Snowboardu Alpejskiego i Freestyle\u2019u, kt\u00f3rych celem jest popularyzacja tych dyscyplin w Polsce oraz budowanie solidnych podstaw szkoleniowych dla dzieci i m\u0142odzie\u017cy.<\/p>\n<p>  <img decoding=\"async\" src=\"https:\/\/v.wpimg.pl\/X3dwLnN2d1IFFTpdYUl6R0ZNbgcnEHQREVV2TGEGbUtRT2MdOlZ2RBQUKABgQjQcDRotCStBd1IAAWMeIlM7VgwYIAorQAdEFFk_GCkQJQ\" alt=\"\" width=\"45\" height=\"58\" loading=\"lazy\"\/>  <\/p>\n<p class=\"contentpart contentpart--default contentpart--text\" data-position=\"2\">ZOBACZ WIDEO: Mistrzyni wskaza\u0142a swoj\u0105 nast\u0119pczyni\u0119. &#8222;Konkurencja nie umar\u0142a&#8221;<\/p>\n<p class=\"contentpart contentpart--default contentpart--text\" data-position=\"4\">Ponadto nadal b\u0119dzie kontynuowany Narodowy Program Rozwoju Skok\u00f3w Narciarskich i Kombinacji Norweskiej &#8222;ORLEN Szukamy Nast\u0119pc\u00f3w Mistrza&#8221;, a tak\u017ce Program Rozwoju Polskiego Narciarstwa Alpejskiego &#8222;PolSKI Mistrz&#8221;.<\/p>\n<p class=\"contentpart contentpart--default contentpart--text\" data-position=\"5\">Do tego przez najbli\u017csze cztery sezony Orlen b\u0119dzie g\u0142\u00f3wnym sponsorem czterech rozgrywanych w Polsce konkurs\u00f3w Pucharu \u015awiata w skokach narciarskich m\u0119\u017cczyzn, a tak\u017ce Pucharu \u015awiata w skokach narciarskich kobiet, Pucharu \u015awiata w snowboardzie alpejskim oraz innych zawod\u00f3w na szczeblu krajowym i mi\u0119dzynarodowym.<\/p>\n<p class=\"contentpart contentpart--default contentpart--text\" data-position=\"6\">&#8211; Dzi\u0119ki konsekwentnej pracy i stabilnemu wsparciu, Polski Zwi\u0105zek Narciarski od lat przek\u0142ada sw\u00f3j rozw\u00f3j na wymierne sukcesy medalowe na arenie mi\u0119dzynarodowej. W Orlenie szczeg\u00f3lnie zwracamy uwag\u0119 na szkolenie dzieci i m\u0142odzie\u017cy, bo tam rodz\u0105 si\u0119 przyszli mistrzowie. Wsp\u00f3lnie realizujemy programy, takie jak &#8222;Orlen Szukamy Nast\u0119pc\u00f3w Mistrza&#8221;, kt\u00f3re pozwalaj\u0105 identyfikowa\u0107 i rozwija\u0107 m\u0142ode talenty, czego ostatnim przyk\u0142adem jest Kacper Tomasiak &#8211; m\u00f3wi Sylwia Snopkiewicz, dyrektor wykonawcza ds. sponsoringu Orlen.<\/p>\n<p>  <img decoding=\"async\" src=\"https:\/\/v.wpimg.pl\/X3dwLnN2d1IFFTpdYUl6R0ZNbgcnEHQREVV2TGEGbUtRT2MdOlZ2RBQUKABgQjQcDRotCStBd1IAAWMeIlM7VgwYIAorQAdEFFk_GCkQJQ\" alt=\"\" width=\"45\" height=\"58\" loading=\"lazy\"\/>  <\/p>\n<p class=\"contentpart contentpart--default contentpart--text\" data-position=\"7\">&#8211; Przed\u0142u\u017cenie i rozwini\u0119cie wsp\u00f3\u0142pracy z ORLENEM to dla polskiego narciarstwa gwarancja spokoju i stabilizacji, kt\u00f3rych potrzebujemy, by my\u015ble\u0107 o kolejnych latach. Cieszy mnie, \u017ce nowa umowa k\u0142adzie tak du\u017cy nacisk na szkolenie m\u0142odzie\u017cy w biegach czy snowboardzie. Dla mnie osobi\u015bcie to moment szczeg\u00f3lny &#8211; ko\u0144cz\u0105c swoj\u0105 misj\u0119 w zwi\u0105zku, mam ogromn\u0105 satysfakcj\u0119, \u017ce zostawiam polskie narciarstwo w pe\u0142ni zabezpieczone pod k\u0105tem finansowym i organizacyjnym. To solidny fundament dla moich nast\u0119pc\u00f3w. Razem z naszym Generalnym Sponsorem zbudowali\u015bmy system, dzi\u0119ki kt\u00f3remu polskie sporty zimowe b\u0119d\u0105 ros\u0142y w si\u0142\u0119 przez kolejne lata &#8211; podkre\u015bla <a href=\"https:\/\/sportowefakty.wp.pl\/moto\/adam-malysz\" rel=\"nofollow noopener\" target=\"_blank\">Adam Ma\u0142ysz<\/a>, prezes Polskiego Zwi\u0105zku Narciarskiego.<\/p>\n","protected":false},"excerpt":{"rendered":"Jak przekaza\u0142 Polski Zwi\u0105zek Narciarski, zakres wsp\u00f3\u0142pracy obejmuje pakiet dzia\u0142a\u0144 sportowych, organizacyjnych i wizerunkowych, koncentruj\u0105c si\u0119 zar\u00f3wno na&hellip;\n","protected":false},"author":2,"featured_media":429504,"comment_status":"","ping_status":"","sticky":false,"template":"","format":"standard","meta":{"footnotes":"","_share_on_mastodon":"0"},"categories":[52097],"tags":[1557,774,42,38,40,39,41,24782,1538,447],"class_list":["post-429503","post","type-post","status-publish","format-standard","has-post-thumbnail","category-orlen","tag-adam-malysz","tag-orlen","tag-pl","tag-poland","tag-polish","tag-polska","tag-polski","tag-pzn","tag-skoki-narciarskie","tag-sporty-zimowe"],"share_on_mastodon":{"url":"https:\/\/pubeurope.com\/@pl\/116574672062875563","error":""},"_links":{"self":[{"href":"https:\/\/www.europesays.com\/pl\/wp-json\/wp\/v2\/posts\/429503","targetHints":{"allow":["GET"]}}],"collection":[{"href":"https:\/\/www.europesays.com\/pl\/wp-json\/wp\/v2\/posts"}],"about":[{"href":"https:\/\/www.europesays.com\/pl\/wp-json\/wp\/v2\/types\/post"}],"author":[{"embeddable":true,"href":"https:\/\/www.europesays.com\/pl\/wp-json\/wp\/v2\/users\/2"}],"replies":[{"embeddable":true,"href":"https:\/\/www.europesays.com\/pl\/wp-json\/wp\/v2\/comments?post=429503"}],"version-history":[{"count":0,"href":"https:\/\/www.europesays.com\/pl\/wp-json\/wp\/v2\/posts\/429503\/revisions"}],"wp:featuredmedia":[{"embeddable":true,"href":"https:\/\/www.europesays.com\/pl\/wp-json\/wp\/v2\/media\/429504"}],"wp:attachment":[{"href":"https:\/\/www.europesays.com\/pl\/wp-json\/wp\/v2\/media?parent=429503"}],"wp:term":[{"taxonomy":"category","embeddable":true,"href":"https:\/\/www.europesays.com\/pl\/wp-json\/wp\/v2\/categories?post=429503"},{"taxonomy":"post_tag","embeddable":true,"href":"https:\/\/www.europesays.com\/pl\/wp-json\/wp\/v2\/tags?post=429503"}],"curies":[{"name":"wp","href":"https:\/\/api.w.org\/{rel}","templated":true}]}}