{"id":430748,"date":"2026-05-15T09:45:38","date_gmt":"2026-05-15T09:45:38","guid":{"rendered":"https:\/\/www.europesays.com\/pl\/430748\/"},"modified":"2026-05-15T09:45:38","modified_gmt":"2026-05-15T09:45:38","slug":"tragedia-we-wroclawiu-na-sepolnie-znaleziono-dwa-ciala-sasiedzi-mowia-o-podwojnym-zabojstwie","status":"publish","type":"post","link":"https:\/\/www.europesays.com\/pl\/430748\/","title":{"rendered":"Tragedia we Wroc\u0142awiu. Na S\u0119polnie znaleziono dwa cia\u0142a. S\u0105siedzi m\u00f3wi\u0105 o podw\u00f3jnym zab\u00f3jstwie"},"content":{"rendered":"<p><a class=\"atomsListingArticleTileWithSeparatedLink__img\" href=\"https:\/\/gazetawroclawska.pl\/prasowka-15-05-2026-zobacz-zestawienie-najwazniejszych-informacji-z-wczoraj-z-naszego-wojewodztwa\/ar\/c1p1-19960895\" title=\"Pras&#xF3;wka 15.05.2026. Zobacz zestawienie najwa&#x17C;niejszych informacji z wczoraj z naszego wojew&#xF3;dztwa\" data-ec=\"atomsListingArticleTileWithSeparatedLink\" data-event-position-el=\"link\" aria-hidden=\"true\" focusable=\"false\" tabindex=\"-1\" rel=\"nofollow noopener\" target=\"_blank\"><img decoding=\"async\" class=\"atomsListingArticleTileWithSeparatedLink__tileImg\" loading=\"lazy\" src=\"https:\/\/www.europesays.com\/pl\/wp-content\/uploads\/2026\/05\/il20251120_950255599_medium.jpg\" data-image-type=\"articles\" alt=\"Pras&#xF3;wka 15.05.2026. Zobacz zestawienie najwa&#x17C;niejszych informacji z wczoraj z naszego wojew&#xF3;dztwa\"\/><\/a><a class=\"atomsListingArticleTileWithSeparatedLink__titleLink\" href=\"https:\/\/gazetawroclawska.pl\/prasowka-15-05-2026-zobacz-zestawienie-najwazniejszych-informacji-z-wczoraj-z-naszego-wojewodztwa\/ar\/c1p1-19960895\" title=\"Pras&#xF3;wka 15.05.2026. Zobacz zestawienie najwa&#x17C;niejszych informacji z wczoraj z naszego wojew&#xF3;dztwa\" data-ec=\"atomsListingArticleTileWithSeparatedLink\" data-event-position-el=\"link\" rel=\"nofollow noopener\" target=\"_blank\">Pras\u00f3wka 15.05.2026. Zobacz zestawienie najwa\u017cniejszych informacji z wczoraj z naszego wojew\u00f3dztwa<\/a><\/p>\n<p class=\"atomsListingArticleTileWithSeparatedLink__lead\">Przygotowali\u015bmy dla Ciebie porann\u0105 pras\u00f3wk\u0119. Zobacz artyku\u0142y, kt\u00f3re nasi czytelnicy czytali najch\u0119tniej wczoraj, 14.05. Sprawd\u017a, czy nie min\u0119\u0142o Ci\u0119 nic wa\u017cnego&#8230;.<\/p>\n<p>\n            15 maja 2026, 5:45\n          <\/p>\n<p><a class=\"atomsListingArticleTileWithSeparatedLink__img\" href=\"https:\/\/gazetawroclawska.pl\/tragedia-rodzinna-na-dolnym-slasku-nie-zyje-77-letnia-kobieta-sledczy-maja-pewnosc-ze-to-bylo-zabojstwo\/ar\/c1p2-28998697\" title=\"Tragedia rodzinna na Dolnym &#x15A;l&#x105;sku. Nie &#x17C;yje 77-letnia kobieta. &#x15A;ledczy maj&#x105; pewno&#x15B;&#x107;, &#x17C;e to by&#x142;o zab&#xF3;jstwo\" data-ec=\"atomsListingArticleTileWithSeparatedLink\" data-event-position-el=\"link\" aria-hidden=\"true\" focusable=\"false\" tabindex=\"-1\" rel=\"nofollow noopener\" target=\"_blank\"><img decoding=\"async\" class=\"atomsListingArticleTileWithSeparatedLink__tileImg\" loading=\"lazy\" src=\"https:\/\/www.europesays.com\/pl\/wp-content\/uploads\/2026\/05\/il20260227_957753963_medium.jpg\" data-image-type=\"articles\" alt=\"Tragedia rodzinna na Dolnym &#x15A;l&#x105;sku. Nie &#x17C;yje 77-letnia kobieta. &#x15A;ledczy maj&#x105; pewno&#x15B;&#x107;, &#x17C;e to by&#x142;o zab&#xF3;jstwo\"\/><\/a><a class=\"atomsListingArticleTileWithSeparatedLink__titleLink\" href=\"https:\/\/gazetawroclawska.pl\/tragedia-rodzinna-na-dolnym-slasku-nie-zyje-77-letnia-kobieta-sledczy-maja-pewnosc-ze-to-bylo-zabojstwo\/ar\/c1p2-28998697\" title=\"Tragedia rodzinna na Dolnym &#x15A;l&#x105;sku. Nie &#x17C;yje 77-letnia kobieta. &#x15A;ledczy maj&#x105; pewno&#x15B;&#x107;, &#x17C;e to by&#x142;o zab&#xF3;jstwo\" data-ec=\"atomsListingArticleTileWithSeparatedLink\" data-event-position-el=\"link\" rel=\"nofollow noopener\" target=\"_blank\">Tragedia rodzinna na Dolnym \u015al\u0105sku. Nie \u017cyje 77-letnia kobieta. \u015aledczy maj\u0105 pewno\u015b\u0107, \u017ce to by\u0142o zab\u00f3jstwo<\/a><\/p>\n<p class=\"atomsListingArticleTileWithSeparatedLink__lead\">Wyniki sekcji zw\u0142ok nie pozostawiaj\u0105 z\u0142udze\u0144. Biegli s\u0105 przekonani, \u017ce 77-letnia kobieta, kt\u00f3rej cia\u0142o zosta\u0142o znalezione w jednym z mieszka\u0144 na Dolnym \u015al\u0105sku,&#8230;<\/p>\n<p>\n            14 maja 2026, 15:24\n          <\/p>\n<p><a class=\"atomsListingArticleTileWithSeparatedLink__img atomsListingArticleTileWithSeparatedLink__img--withGallery\" href=\"https:\/\/gazetawroclawska.pl\/strzelanina-na-dolnym-slasku-trwa-oblawa-za-sprawca-dwie-osoby-nie-zyja-trzecia-jest-w-szpitalu\/ar\/c1p2-28994133\" title=\"Strzelanina na Dolnym &#x15A;l&#x105;sku. Trwa ob&#x142;awa za sprawc&#x105;. Dwie osoby nie &#x17C;yj&#x105;, trzecia jest w szpitalu \" data-icon-variant=\"withGallery\" data-ec=\"atomsListingArticleTileWithSeparatedLink\" data-event-position-el=\"link\" aria-hidden=\"true\" focusable=\"false\" tabindex=\"-1\" rel=\"nofollow noopener\" target=\"_blank\"><img decoding=\"async\" class=\"atomsListingArticleTileWithSeparatedLink__tileImg\" loading=\"lazy\" src=\"https:\/\/www.europesays.com\/pl\/wp-content\/uploads\/2026\/05\/il20260513_965668665_medium.jpg\" data-image-type=\"articles\" alt=\"Strzelanina na Dolnym &#x15A;l&#x105;sku. Trwa ob&#x142;awa za sprawc&#x105;. Dwie osoby nie &#x17C;yj&#x105;, trzecia jest w szpitalu \"\/><\/a><a class=\"atomsListingArticleTileWithSeparatedLink__titleLink\" href=\"https:\/\/gazetawroclawska.pl\/strzelanina-na-dolnym-slasku-trwa-oblawa-za-sprawca-dwie-osoby-nie-zyja-trzecia-jest-w-szpitalu\/ar\/c1p2-28994133\" title=\"Strzelanina na Dolnym &#x15A;l&#x105;sku. Trwa ob&#x142;awa za sprawc&#x105;. Dwie osoby nie &#x17C;yj&#x105;, trzecia jest w szpitalu \" data-ec=\"atomsListingArticleTileWithSeparatedLink\" data-event-position-el=\"link\" rel=\"nofollow noopener\" target=\"_blank\">Strzelanina na Dolnym \u015al\u0105sku. Trwa ob\u0142awa za sprawc\u0105. Dwie osoby nie \u017cyj\u0105, trzecia jest w szpitalu <\/a><\/p>\n<p class=\"atomsListingArticleTileWithSeparatedLink__lead\">W nocy z wtorku na \u015brod\u0119 (12-13 maja) w jednym z mieszka\u0144 przy ulicy Jastrz\u0119biej dosz\u0142o do dramatycznych wydarze\u0144. Dwie m\u0142ode osoby zgin\u0119\u0142y, a trzecia zosta\u0142a&#8230;<\/p>\n<p>\n            14 maja 2026, 10:35\n          <\/p>\n<p><a class=\"atomsListingArticleTileWithSeparatedLink__img atomsListingArticleTileWithSeparatedLink__img--withVideo\" href=\"https:\/\/gazetawroclawska.pl\/pozbawil-zycia-dwie-kobiety-ciala-alicji-cesarz-nigdy-nie-odnaleziono-czy-adam-l-wyjdzie-wczesniej-na-wolnosc\/ar\/c1p2-28986671\" title=\"Pozbawi&#x142; &#x17C;ycia dwie kobiety. Cia&#x142;a Alicji Cesarz nigdy nie odnaleziono. Czy Adam &#x141;. wyjdzie wcze&#x15B;niej na wolno&#x15B;&#x107;?\" data-icon-variant=\"withVideo\" data-ec=\"atomsListingArticleTileWithSeparatedLink\" data-event-position-el=\"link\" aria-hidden=\"true\" focusable=\"false\" tabindex=\"-1\" rel=\"nofollow noopener\" target=\"_blank\"><img decoding=\"async\" class=\"atomsListingArticleTileWithSeparatedLink__tileImg\" loading=\"lazy\" src=\"https:\/\/www.europesays.com\/pl\/wp-content\/uploads\/2026\/05\/il20260510_965414287,size,640x480,crop,0.0000x116.0000x1448.0000x758.0000,h,7b411a.jpg\" data-image-type=\"articles\" alt=\"Pozbawi&#x142; &#x17C;ycia dwie kobiety. Cia&#x142;a Alicji Cesarz nigdy nie odnaleziono. Czy Adam &#x141;. wyjdzie wcze&#x15B;niej na wolno&#x15B;&#x107;?\"\/><\/a><a class=\"atomsListingArticleTileWithSeparatedLink__titleLink\" href=\"https:\/\/gazetawroclawska.pl\/pozbawil-zycia-dwie-kobiety-ciala-alicji-cesarz-nigdy-nie-odnaleziono-czy-adam-l-wyjdzie-wczesniej-na-wolnosc\/ar\/c1p2-28986671\" title=\"Pozbawi&#x142; &#x17C;ycia dwie kobiety. Cia&#x142;a Alicji Cesarz nigdy nie odnaleziono. Czy Adam &#x141;. wyjdzie wcze&#x15B;niej na wolno&#x15B;&#x107;?\" data-ec=\"atomsListingArticleTileWithSeparatedLink\" data-event-position-el=\"link\" rel=\"nofollow noopener\" target=\"_blank\">Pozbawi\u0142 \u017cycia dwie kobiety. Cia\u0142a Alicji Cesarz nigdy nie odnaleziono. Czy Adam \u0141. wyjdzie wcze\u015bniej na wolno\u015b\u0107?<\/a><\/p>\n<p class=\"atomsListingArticleTileWithSeparatedLink__lead\">Alicja Cesarz zagin\u0119\u0142a w listopadzie 2007 roku w Chorzowie. Dzie\u0144 po zg\u0142oszeniu jej zagini\u0119ciu, kto\u015b wyp\u0142aci\u0142 pieni\u0105dze z jej konta. Wkr\u00f3tce policja zatrzyma\u0142a&#8230;<\/p>\n<p>\n            10 maja 2026, 21:51\n          <\/p>\n<p><a class=\"atomsListingArticleTileWithSeparatedLink__img\" href=\"https:\/\/gazetawroclawska.pl\/zabojstwo-w-klodzku-syn-zabil-matke-bil-kobiete-az-stracila-przytomnosc-potem-zadzwonil-na-policje\/ar\/c1p2-28983123\" title=\"Zab&#xF3;jstwo w K&#x142;odzku. Syn zabi&#x142; matk&#x119;. Bi&#x142; kobiet&#x119; a&#x17C; straci&#x142;a przytomno&#x15B;&#x107;. Potem zadzwoni&#x142; na policj&#x119;\" data-ec=\"atomsListingArticleTileWithSeparatedLink\" data-event-position-el=\"link\" aria-hidden=\"true\" focusable=\"false\" tabindex=\"-1\" rel=\"nofollow noopener\" target=\"_blank\"><img decoding=\"async\" class=\"atomsListingArticleTileWithSeparatedLink__tileImg\" loading=\"lazy\" src=\"https:\/\/www.europesays.com\/pl\/wp-content\/uploads\/2026\/05\/ilf655e72d_653163573_medium.jpg\" data-image-type=\"articles\" alt=\"Zab&#xF3;jstwo w K&#x142;odzku. Syn zabi&#x142; matk&#x119;. Bi&#x142; kobiet&#x119; a&#x17C; straci&#x142;a przytomno&#x15B;&#x107;. Potem zadzwoni&#x142; na policj&#x119;\"\/><\/a><a class=\"atomsListingArticleTileWithSeparatedLink__titleLink\" href=\"https:\/\/gazetawroclawska.pl\/zabojstwo-w-klodzku-syn-zabil-matke-bil-kobiete-az-stracila-przytomnosc-potem-zadzwonil-na-policje\/ar\/c1p2-28983123\" title=\"Zab&#xF3;jstwo w K&#x142;odzku. Syn zabi&#x142; matk&#x119;. Bi&#x142; kobiet&#x119; a&#x17C; straci&#x142;a przytomno&#x15B;&#x107;. Potem zadzwoni&#x142; na policj&#x119;\" data-ec=\"atomsListingArticleTileWithSeparatedLink\" data-event-position-el=\"link\" rel=\"nofollow noopener\" target=\"_blank\">Zab\u00f3jstwo w K\u0142odzku. Syn zabi\u0142 matk\u0119. Bi\u0142 kobiet\u0119 a\u017c straci\u0142a przytomno\u015b\u0107. Potem zadzwoni\u0142 na policj\u0119<\/a><\/p>\n<p class=\"atomsListingArticleTileWithSeparatedLink__lead\">Prokuratura Rejonowa w K\u0142odzku skierowa\u0142a do s\u0105du akt oskar\u017cenia przeciwko 44-latkowi. M\u0119\u017cczyzna zabi\u0142 matk\u0119, bo robi\u0142a mu wyrzuty, \u017ce jest pijany. Bi\u0142 kobiet\u0119&#8230;<\/p>\n<p>\n            8 maja 2026, 21:22\n          <\/p>\n<p><a class=\"atomsListingArticleTileWithSeparatedLink__img atomsListingArticleTileWithSeparatedLink__img--withGallery\" href=\"https:\/\/stronazdrowia.pl\/pandemia-na-oceanie-krytyczny-rejs-mv-hondius-dzien-po-dniu\/ar\/c14p2-28977425\" title=\"Pandemia na oceanie. Krytyczny rejs MV Hondius dzie&#x144; po dniu\" data-icon-variant=\"withGallery\" data-ec=\"atomsListingArticleTileWithSeparatedLink\" data-event-position-el=\"link\" aria-hidden=\"true\" focusable=\"false\" tabindex=\"-1\" rel=\"nofollow noopener\" target=\"_blank\"><img decoding=\"async\" class=\"atomsListingArticleTileWithSeparatedLink__tileImg\" loading=\"lazy\" src=\"https:\/\/www.europesays.com\/pl\/wp-content\/uploads\/2026\/05\/il20260507_965084795_medium.jpg\" data-image-type=\"articles\" alt=\"Pandemia na oceanie. Krytyczny rejs MV Hondius dzie&#x144; po dniu\"\/><\/a><a class=\"atomsListingArticleTileWithSeparatedLink__titleLink\" href=\"https:\/\/stronazdrowia.pl\/pandemia-na-oceanie-krytyczny-rejs-mv-hondius-dzien-po-dniu\/ar\/c14p2-28977425\" title=\"Pandemia na oceanie. Krytyczny rejs MV Hondius dzie&#x144; po dniu\" data-ec=\"atomsListingArticleTileWithSeparatedLink\" data-event-position-el=\"link\" rel=\"nofollow noopener\" target=\"_blank\">Pandemia na oceanie. Krytyczny rejs MV Hondius dzie\u0144 po dniu<\/a><\/p>\n<p class=\"atomsListingArticleTileWithSeparatedLink__lead\">Wycieczka marze\u0144 zmieni\u0142a si\u0119 w medyczn\u0105 dram\u0119 \u2014 trzy osoby zmar\u0142y, co najmniej osiem zachorowa\u0142o, cz\u0119\u015b\u0107 pasa\u017cer\u00f3w ewakuowana, a pozostali przebywaj\u0105 w&#8230;<\/p>\n<p>\n            7 maja 2026, 11:54\n          <\/p>\n","protected":false},"excerpt":{"rendered":"Pras\u00f3wka 15.05.2026. Zobacz zestawienie najwa\u017cniejszych informacji z wczoraj z naszego wojew\u00f3dztwa Przygotowali\u015bmy dla Ciebie porann\u0105 pras\u00f3wk\u0119. Zobacz artyku\u0142y,&hellip;\n","protected":false},"author":2,"featured_media":430749,"comment_status":"","ping_status":"","sticky":false,"template":"","format":"standard","meta":{"footnotes":"","_share_on_mastodon":"0"},"categories":[51607],"tags":[81036,42,81035,38,40,39,41,81032,1853,81034,81033],"class_list":["post-430748","post","type-post","status-publish","format-standard","has-post-thumbnail","category-wroclaw","tag-morderstwo-wroclaw","tag-pl","tag-podwojne-zabojstwo","tag-poland","tag-polish","tag-polska","tag-polski","tag-sepolno","tag-wroclaw","tag-zabojstwo-sepolno","tag-zabojstwo-wroclaw"],"share_on_mastodon":{"url":"https:\/\/pubeurope.com\/@pl\/116577955774432657","error":""},"_links":{"self":[{"href":"https:\/\/www.europesays.com\/pl\/wp-json\/wp\/v2\/posts\/430748","targetHints":{"allow":["GET"]}}],"collection":[{"href":"https:\/\/www.europesays.com\/pl\/wp-json\/wp\/v2\/posts"}],"about":[{"href":"https:\/\/www.europesays.com\/pl\/wp-json\/wp\/v2\/types\/post"}],"author":[{"embeddable":true,"href":"https:\/\/www.europesays.com\/pl\/wp-json\/wp\/v2\/users\/2"}],"replies":[{"embeddable":true,"href":"https:\/\/www.europesays.com\/pl\/wp-json\/wp\/v2\/comments?post=430748"}],"version-history":[{"count":0,"href":"https:\/\/www.europesays.com\/pl\/wp-json\/wp\/v2\/posts\/430748\/revisions"}],"wp:featuredmedia":[{"embeddable":true,"href":"https:\/\/www.europesays.com\/pl\/wp-json\/wp\/v2\/media\/430749"}],"wp:attachment":[{"href":"https:\/\/www.europesays.com\/pl\/wp-json\/wp\/v2\/media?parent=430748"}],"wp:term":[{"taxonomy":"category","embeddable":true,"href":"https:\/\/www.europesays.com\/pl\/wp-json\/wp\/v2\/categories?post=430748"},{"taxonomy":"post_tag","embeddable":true,"href":"https:\/\/www.europesays.com\/pl\/wp-json\/wp\/v2\/tags?post=430748"}],"curies":[{"name":"wp","href":"https:\/\/api.w.org\/{rel}","templated":true}]}}