{"id":431844,"date":"2026-05-15T20:20:16","date_gmt":"2026-05-15T20:20:16","guid":{"rendered":"https:\/\/www.europesays.com\/pl\/431844\/"},"modified":"2026-05-15T20:20:16","modified_gmt":"2026-05-15T20:20:16","slug":"po-warszawie-przyszla-kolej-na-wroclaw-zmiana-stala-sie-faktem","status":"publish","type":"post","link":"https:\/\/www.europesays.com\/pl\/431844\/","title":{"rendered":"Po Warszawie przysz\u0142a kolej na Wroc\u0142aw. \u201eZmiana sta\u0142a si\u0119 faktem&#8221;"},"content":{"rendered":"<p>Jakie miasto przeprowadzi\u0142o pierwsz\u0105 transkrypcj\u0119 aktu ma\u0142\u017ce\u0144stwa jednop\u0142ciowego w Polsce.<\/p>\n<p>Dlaczego transkrypcja ma\u0142\u017ce\u0144stw jednop\u0142ciowych jest istotna dla praw LGBT+.<\/p>\n<p>Co obejmuje projekt ustawy o statusie osoby najbli\u017cszej.<\/p>\n<p>    <a name=\"eztoc41727595_0_5\" id=\"eztoc41727595_0_5\"\/>Wroc\u0142aw. Pierwsza transkrypcja\u00a0aktu ma\u0142\u017ce\u0144stwa jednop\u0142ciowego<\/p>\n<p>W czwartek prezydent Warszawy Rafa\u0142 Trzaskowski poinformowa\u0142 o dokonaniu\u00a0<br \/>\n<a href=\"https:\/\/wiadomosci.radiozet.pl\/polska\/przelom-ws-malzenstw-jednoplciowych-trzaskowski-mowi-wprost-natychmiast\" target=\"_self\" rel=\"dofollow noopener\">pierwszej transkrypcji aktu ma\u0142\u017ce\u0144stwa jednop\u0142ciowego<\/a>, zgodnie z wyrokami s\u0105d\u00f3w. Teraz przysz\u0142a kolej na<br \/>\n<a href=\"https:\/\/wiadomosci.radiozet.pl\/tag\/kategoria\/wroclaw\" target=\"_self\" rel=\"dofollow noopener\">Wroc\u0142aw<\/a>. \u2013\u00a0D\u0142ugo oczekiwana zmiana sta\u0142a si\u0119 faktem! Po wielu latach, a ostatnio tak\u017ce intensywnych miesi\u0105cach walki ma\u0142\u017ce\u0144stwa jednop\u0142ciowe zawarte za granic\u0105 s\u0105 ma\u0142\u017ce\u0144stwami r\u00f3wnie\u017c w \u015bwietle polskiego prawa \u2013 przekaza\u0142a\u00a0Alina Szeptycka, Pe\u0142nomocniczka Prezydenta Wroc\u0142awia ds. R\u00f3wnego Traktowania.\u00a0<\/p>\n<p>\u2013\u00a0Zawdzi\u0119czamy to przede wszystkim dzielnym parom, kt\u00f3re wesz\u0142y na drog\u0119 s\u0105dow\u0105, ich prawnikom i prawniczkom oraz organizacjom i osobom, kt\u00f3re od wielu lat zaanga\u017cowane s\u0105 w dzia\u0142ania na rzecz praw os\u00f3b LGBT+ i praw cz\u0142owieka \u2013 doda\u0142a\u00a0Alina Szeptycka, cytowana w komunikacie miasta. Magistrat podkre\u015bla, \u017ce\u00a0Wroc\u0142aw ju\u017c w pierwszych dniach od wydania tego orzeczenia deklarowa\u0142 gotowo\u015b\u0107 do wdro\u017cenia odpowiednich procedur, kt\u00f3re umo\u017cliwi\u0142yby transkrypcj\u0119 zagranicznych ma\u0142\u017ce\u0144stw jednop\u0142ciowych.<\/p>\n<p><a name=\"eztoc41727595_0_6\" id=\"eztoc41727595_0_6\"\/>Prace nad rz\u0105dowym rozporz\u0105dzeniem ruszy\u0142y w listopadzie 2025 r.<\/p>\n<p>Prace nad\u00a0rozporz\u0105dzeniem w sprawie wzor\u00f3w akt\u00f3w stanu cywilnego, kt\u00f3re umo\u017cliwi transkrypcje akt\u00f3w ma\u0142\u017ce\u0144stw jednop\u0142ciowych zawartych za granic\u0105, zacz\u0119\u0142y si\u0119 w listopadzie 2025 r.\u00a0Rozporz\u0105dzenie zosta\u0142o ju\u017c podpisane przez wicepremiera, ministra cyfryzacji Krzysztofa Gawkowskiego, a jego kontrasygnat\u0119 w najbli\u017cszych dniach zapowiedzia\u0142 w czwartek szef Ministerstwa Spraw Wewn\u0119trznych i Administracji Marcin Kierwi\u0144ski. Warto jednak podkre\u015bli\u0107, \u017ce na wprowadzenie zmian w rejestrze stanu cywilnego potrzeba czasu.\u00a0Kluczowe jest przetestowanie systemu oraz zadbanie o bezpiecze\u0144stwo danych wszystkich obywateli.<\/p>\n<p>Z kolei\u00a0minister obrony narodowej W\u0142adys\u0142aw Kosiniak-Kamysz podkre\u015bli\u0142, \u017ce\u00a0rozwi\u0105zaniem ca\u0142o\u015bciowym, kt\u00f3re gwarantuje dost\u0119p do r\u00f3\u017cnych uprawnie\u0144, w tym dziedziczenia, wsp\u00f3lnego rozliczania czy dost\u0119pu do informacji medycznej, jest ustawa o statusie osoby najbli\u017cszej. Obecnie ustawa jest opracowywana w komisji nadzwyczajnej.<\/p>\n<p>\u0179r\u00f3d\u0142o: Radio ZET<\/p>\n<p>By\u0142e\u015b \u015bwiadkiem czego\u015b niespodziewanego? Masz temat, kt\u00f3rym powinni\u015bmy si\u0119 zaj\u0105\u0107?<\/p>\n<p>Zg\u0142o\u015b spraw\u0119 przez <a href=\"https:\/\/wiadomosci.radiozet.pl\/czerwony-telefon\" target=\"_blank\" title=\"Czerwony telefon Radia Zet\" rel=\"nofollow noopener\">Czerwony telefon Radia ZET<\/a><\/p>\n","protected":false},"excerpt":{"rendered":"Jakie miasto przeprowadzi\u0142o pierwsz\u0105 transkrypcj\u0119 aktu ma\u0142\u017ce\u0144stwa jednop\u0142ciowego w Polsce. Dlaczego transkrypcja ma\u0142\u017ce\u0144stw jednop\u0142ciowych jest istotna dla praw&hellip;\n","protected":false},"author":2,"featured_media":431845,"comment_status":"","ping_status":"","sticky":false,"template":"","format":"standard","meta":{"footnotes":"","_share_on_mastodon":"0"},"categories":[51607],"tags":[17214,6330,42,38,40,39,41,435,1853],"class_list":["post-431844","post","type-post","status-publish","format-standard","has-post-thumbnail","category-wroclaw","tag-dolnoslaskie","tag-lgbt","tag-pl","tag-poland","tag-polish","tag-polska","tag-polski","tag-warszawa","tag-wroclaw"],"share_on_mastodon":{"url":"https:\/\/pubeurope.com\/@pl\/116580452022083571","error":""},"_links":{"self":[{"href":"https:\/\/www.europesays.com\/pl\/wp-json\/wp\/v2\/posts\/431844","targetHints":{"allow":["GET"]}}],"collection":[{"href":"https:\/\/www.europesays.com\/pl\/wp-json\/wp\/v2\/posts"}],"about":[{"href":"https:\/\/www.europesays.com\/pl\/wp-json\/wp\/v2\/types\/post"}],"author":[{"embeddable":true,"href":"https:\/\/www.europesays.com\/pl\/wp-json\/wp\/v2\/users\/2"}],"replies":[{"embeddable":true,"href":"https:\/\/www.europesays.com\/pl\/wp-json\/wp\/v2\/comments?post=431844"}],"version-history":[{"count":0,"href":"https:\/\/www.europesays.com\/pl\/wp-json\/wp\/v2\/posts\/431844\/revisions"}],"wp:featuredmedia":[{"embeddable":true,"href":"https:\/\/www.europesays.com\/pl\/wp-json\/wp\/v2\/media\/431845"}],"wp:attachment":[{"href":"https:\/\/www.europesays.com\/pl\/wp-json\/wp\/v2\/media?parent=431844"}],"wp:term":[{"taxonomy":"category","embeddable":true,"href":"https:\/\/www.europesays.com\/pl\/wp-json\/wp\/v2\/categories?post=431844"},{"taxonomy":"post_tag","embeddable":true,"href":"https:\/\/www.europesays.com\/pl\/wp-json\/wp\/v2\/tags?post=431844"}],"curies":[{"name":"wp","href":"https:\/\/api.w.org\/{rel}","templated":true}]}}