{"id":432923,"date":"2026-05-16T09:52:14","date_gmt":"2026-05-16T09:52:14","guid":{"rendered":"https:\/\/www.europesays.com\/pl\/432923\/"},"modified":"2026-05-16T09:52:14","modified_gmt":"2026-05-16T09:52:14","slug":"michal-rusinek-polska-jest-i-tu-i-tam-nie-mozna-robic-podzialow","status":"publish","type":"post","link":"https:\/\/www.europesays.com\/pl\/432923\/","title":{"rendered":"Micha\u0142 Rusinek: Polska jest i tu, i tam. Nie mo\u017cna robi\u0107 podzia\u0142\u00f3w"},"content":{"rendered":"<p>Micha\u0142 Rusinek, literaturoznawca i by\u0142y sekretarz Wis\u0142awy Szymborskiej, nie ma z\u0142udze\u0144: polska klasa polityczna wci\u0105\u017c m\u00f3wi j\u0119zykiem wypracowanym przez Prawo i Sprawiedliwo\u015b\u0107. Jak wskazuje, g\u0142\u0119boki dualizm i polaryzacja, kt\u00f3re zdominowa\u0142y debat\u0119 publiczn\u0105 przez ostatnie lata, do dzi\u015b obecne s\u0105 w retoryce nawet tych polityk\u00f3w, kt\u00f3rzy z PiS-em nie maj\u0105 nic wsp\u00f3lnego.<\/p>\n<p>Ekspert punktuje r\u00f3wnie\u017c Donalda Tuska za has\u0142o z kampanii wyborczej. Zdaniem Rusinka stwierdzenie &#8222;tu jest Polska&#8221;, padaj\u0105ce na wiecach koalicji, wpisuje si\u0119 dok\u0142adnie w ten sam podzia\u0142, kt\u00f3ry przez lata stosowa\u0142a prawica. &#8222;Polska jest i tu, i tam&#8221; \u2014 przypomina j\u0119zykoznawca.<\/p>\n","protected":false},"excerpt":{"rendered":"Micha\u0142 Rusinek, literaturoznawca i by\u0142y sekretarz Wis\u0142awy Szymborskiej, nie ma z\u0142udze\u0144: polska klasa polityczna wci\u0105\u017c m\u00f3wi j\u0119zykiem wypracowanym&hellip;\n","protected":false},"author":2,"featured_media":432924,"comment_status":"","ping_status":"","sticky":false,"template":"","format":"standard","meta":{"footnotes":"","_share_on_mastodon":"0"},"categories":[12],"tags":[61195,8726,81681,48,46,42,38,40,907,39,41,47,26],"class_list":["post-432923","post","type-post","status-publish","format-standard","has-post-thumbnail","category-polska","tag-bottomfeed_styl","tag-jezyk","tag-michal_rusinek","tag-nat_styl","tag-omp","tag-pl","tag-poland","tag-polish","tag-polityka","tag-polska","tag-polski","tag-screening_general","tag-wiadomosci"],"share_on_mastodon":{"url":"https:\/\/pubeurope.com\/@pl\/116583645042904382","error":""},"_links":{"self":[{"href":"https:\/\/www.europesays.com\/pl\/wp-json\/wp\/v2\/posts\/432923","targetHints":{"allow":["GET"]}}],"collection":[{"href":"https:\/\/www.europesays.com\/pl\/wp-json\/wp\/v2\/posts"}],"about":[{"href":"https:\/\/www.europesays.com\/pl\/wp-json\/wp\/v2\/types\/post"}],"author":[{"embeddable":true,"href":"https:\/\/www.europesays.com\/pl\/wp-json\/wp\/v2\/users\/2"}],"replies":[{"embeddable":true,"href":"https:\/\/www.europesays.com\/pl\/wp-json\/wp\/v2\/comments?post=432923"}],"version-history":[{"count":0,"href":"https:\/\/www.europesays.com\/pl\/wp-json\/wp\/v2\/posts\/432923\/revisions"}],"wp:featuredmedia":[{"embeddable":true,"href":"https:\/\/www.europesays.com\/pl\/wp-json\/wp\/v2\/media\/432924"}],"wp:attachment":[{"href":"https:\/\/www.europesays.com\/pl\/wp-json\/wp\/v2\/media?parent=432923"}],"wp:term":[{"taxonomy":"category","embeddable":true,"href":"https:\/\/www.europesays.com\/pl\/wp-json\/wp\/v2\/categories?post=432923"},{"taxonomy":"post_tag","embeddable":true,"href":"https:\/\/www.europesays.com\/pl\/wp-json\/wp\/v2\/tags?post=432923"}],"curies":[{"name":"wp","href":"https:\/\/api.w.org\/{rel}","templated":true}]}}