{"id":432964,"date":"2026-05-16T10:18:36","date_gmt":"2026-05-16T10:18:36","guid":{"rendered":"https:\/\/www.europesays.com\/pl\/432964\/"},"modified":"2026-05-16T10:18:36","modified_gmt":"2026-05-16T10:18:36","slug":"ante-simundza-mecz-wieczystej-mnie-nie-interesuje-skupmy-sie-na-tym-by-wygrac-w-bytomiu","status":"publish","type":"post","link":"https:\/\/www.europesays.com\/pl\/432964\/","title":{"rendered":"Ante \u0160imund\u017ea: Mecz Wieczystej mnie nie interesuje. Skupmy si\u0119 na tym, by wygra\u0107 w Bytomiu"},"content":{"rendered":"<p><img decoding=\"async\" loading=\"eager\" fetchpriority=\"high\" class=\"atomsArticleGalleryImage__mainImg\" src=\"https:\/\/www.europesays.com\/pl\/wp-content\/uploads\/2026\/05\/il20260418_962910241,size,640x427,crop,134.0000x41.0000x1664.0000x871.0000,h,51c207.jpg\" alt=\"Trener &#x15A;l&#x105;ska Wroc&#x142;aw Ante &#x160;imund&#x17E;a zabra&#x142; g&#x142;os przed niedzielnym meczem Polonia Bytom - &#x15A;l&#x105;sk Wroc&#x142;aw\" width=\"2500\" height=\"1667\"\/><\/p>\n<p>\n        Trener \u015al\u0105ska Wroc\u0142aw Ante \u0160imund\u017ea zabra\u0142 g\u0142os przed niedzielnym meczem Polonia Bytom &#8211; \u015al\u0105sk Wroc\u0142aw<\/p>\n<p>          fot. PAWEL RELIKOWSKI \/ POLSKA PRESS\n        <\/p>\n<p>W niedziel\u0119 \u015al\u0105sk Wroc\u0142aw zagra z Poloni\u0105 Bytom na wyje\u017adzie (godz. 20:15). Wygrana zagwarantuje Wroc\u0142awianom awans, ale mo\u017cliwe, \u017ce ten stanie si\u0119 faktem ju\u017c w sobot\u0119. \u2013 Nie zajmujemy si\u0119 kwestiami, na kt\u00f3re nie mamy wp\u0142ywu. Bez wzgl\u0119du na wynik Wieczystej chcemy wygra\u0107 z Poloni\u0105 i na tym si\u0119 skupmy \u2013 powiedzia\u0142 przed wyjazdem do Bytomia trener Ante \u0160imund\u017ea.<\/p>\n","protected":false},"excerpt":{"rendered":"Trener \u015al\u0105ska Wroc\u0142aw Ante \u0160imund\u017ea zabra\u0142 g\u0142os przed niedzielnym meczem Polonia Bytom &#8211; \u015al\u0105sk Wroc\u0142aw fot. PAWEL RELIKOWSKI&hellip;\n","protected":false},"author":2,"featured_media":432965,"comment_status":"","ping_status":"","sticky":false,"template":"","format":"standard","meta":{"footnotes":"","_share_on_mastodon":"0"},"categories":[51607],"tags":[22070,2193,42,38,40,7174,39,41,697,75969,81692,1853],"class_list":["post-432964","post","type-post","status-publish","format-standard","has-post-thumbnail","category-wroclaw","tag-ante-simundza","tag-betclic-1-liga","tag-pl","tag-poland","tag-polish","tag-polonia-bytom","tag-polska","tag-polski","tag-slask-wroclaw","tag-slask-wroclaw-awans","tag-slask-wroclaw-polonia-bytom","tag-wroclaw"],"share_on_mastodon":{"url":"https:\/\/pubeurope.com\/@pl\/116583747612218848","error":""},"_links":{"self":[{"href":"https:\/\/www.europesays.com\/pl\/wp-json\/wp\/v2\/posts\/432964","targetHints":{"allow":["GET"]}}],"collection":[{"href":"https:\/\/www.europesays.com\/pl\/wp-json\/wp\/v2\/posts"}],"about":[{"href":"https:\/\/www.europesays.com\/pl\/wp-json\/wp\/v2\/types\/post"}],"author":[{"embeddable":true,"href":"https:\/\/www.europesays.com\/pl\/wp-json\/wp\/v2\/users\/2"}],"replies":[{"embeddable":true,"href":"https:\/\/www.europesays.com\/pl\/wp-json\/wp\/v2\/comments?post=432964"}],"version-history":[{"count":0,"href":"https:\/\/www.europesays.com\/pl\/wp-json\/wp\/v2\/posts\/432964\/revisions"}],"wp:featuredmedia":[{"embeddable":true,"href":"https:\/\/www.europesays.com\/pl\/wp-json\/wp\/v2\/media\/432965"}],"wp:attachment":[{"href":"https:\/\/www.europesays.com\/pl\/wp-json\/wp\/v2\/media?parent=432964"}],"wp:term":[{"taxonomy":"category","embeddable":true,"href":"https:\/\/www.europesays.com\/pl\/wp-json\/wp\/v2\/categories?post=432964"},{"taxonomy":"post_tag","embeddable":true,"href":"https:\/\/www.europesays.com\/pl\/wp-json\/wp\/v2\/tags?post=432964"}],"curies":[{"name":"wp","href":"https:\/\/api.w.org\/{rel}","templated":true}]}}