{"id":433270,"date":"2026-05-16T13:45:08","date_gmt":"2026-05-16T13:45:08","guid":{"rendered":"https:\/\/www.europesays.com\/pl\/433270\/"},"modified":"2026-05-16T13:45:08","modified_gmt":"2026-05-16T13:45:08","slug":"izrael-wyeliminowal-dowodce-hamasu-to-wynik-nalotu-na-strefe-gazy","status":"publish","type":"post","link":"https:\/\/www.europesays.com\/pl\/433270\/","title":{"rendered":"Izrael wyeliminowa\u0142 dow\u00f3dc\u0119 Hamasu. To wynik nalotu na Stref\u0119 Gazy"},"content":{"rendered":"<p>W meczetach na p\u00f3\u0142nocy Strefy Gazy og\u0142oszono w sobot\u0119 &#8222;m\u0119cze\u0144sk\u0105 \u015bmier\u0107&#8221; dow\u00f3dcy wojskowego skrzyd\u0142a Hamasu \u2014 poda\u0142 Reuters. Dzie\u0144 wcze\u015bniej izraelska armia przeprowadzi\u0142a tam atak, kt\u00f3rego celem by\u0142 Haddad.<\/p>\n<p>Izraelska armia potwierdzi\u0142a kilkadziesi\u0105t minut p\u00f3\u017aniej w o\u015bwiadczeniu, \u017ce Haddad zgin\u0105\u0142 w wyniku pi\u0105tkowego nalotu. Na skutek tej operacji \u015bmier\u0107 ponios\u0142y co najmniej trzy osoby, a 20 zosta\u0142o rannych. Uderzono w budynek mieszkalny i samoch\u00f3d \u2014 informowa\u0142 w pi\u0105tek Reuters.<\/p>\n<p> Dalszy ci\u0105g artyku\u0142u pod materia\u0142em wideo <\/p>\n<p>Haddad, &#8222;jeden z architekt\u00f3w brutalnej masakry z 7 pa\u017adziernika (2023 r.)&#8221;, pad\u0142 ofiar\u0105 &#8222;precyzyjnego ataku&#8221; w mie\u015bcie Gaza \u2014 powiadomi\u0142o wojsko Izraela. Wed\u0142ug IDF &#8222;pracowa\u0142 on nad odbudow\u0105 potencja\u0142u militarnego skrzyd\u0142a organizacji terrorystycznej i planowaniem licznych atak\u00f3w terrorystycznych na izraelsk\u0105 ludno\u015b\u0107 cywiln\u0105 i \u017co\u0142nierzy IDF&#8221;.<\/p>\n<p>     &#8222;Bra\u0142 udzia\u0142 w przetrzymywaniu zak\u0142adnik\u00f3w&#8221;<\/p>\n<p>&#8222;Podczas wojny Haddad bra\u0142 udzia\u0142 w przetrzymywaniu wielu izraelskich zak\u0142adnik\u00f3w w niewoli Hamasu. Haddad zarz\u0105dza\u0142 systemem przetrzymywania zak\u0142adnik\u00f3w Hamasu i otacza\u0142 si\u0119 zak\u0142adnikami, pr\u00f3buj\u0105c zapobiec swojej \u015bmierci&#8221; \u2014 poinformowa\u0142y izraelskie si\u0142y zbrojne.<\/p>\n<p>Haddad by\u0142 najwy\u017cszym rang\u0105 funkcjonariuszem Hamasu, zaatakowanym od czasu wej\u015bcia w \u017cycie jesieni\u0105 2025 r. rozejmu w wojnie w Strefie Gazy. By\u0142 te\u017c jednym z organizator\u00f3w ataku na Izrael z jesieni 2023 r.<\/p>\n<p>Dow\u00f3dc\u0105 zbrojnego skrzyd\u0142a Hamasu, Brygad Al-Kasama, zosta\u0142 po tym, gdy wojska izraelskie zabi\u0142y podczas wojny w Strefie Gazy dw\u00f3ch jego poprzednik\u00f3w: Mohameda Deifa i Mohameda Sinwara.<\/p>\n<p>     Izrael ponownie atakuje Stref\u0119 Gazy<\/p>\n<p>Od czasu wej\u015bcia w \u017cycie 8 kwietnia rozejmu w wojnie USA i Izraela z Iranem, wojska izraelskie zintensyfikowa\u0142y ataki na Stref\u0119 Gazy, uwa\u017caj\u0105c, \u017ce Hamas odbudowuje tam swoje zdolno\u015bci militarne \u2014 przypomnia\u0142a agencja Reutera.<\/p>\n<p>Od 10 pa\u017adziernika 2025 r. w Strefie Gazy r\u00f3wnie\u017c formalnie obowi\u0105zuje rozejm. Armia izraelska kontroluje ponad po\u0142ow\u0119 tego obszaru, a pozosta\u0142\u0105 jego cz\u0119\u015bci\u0105 rz\u0105dzi Hamas. Grupa odmawia z\u0142o\u017cenia broni, co jest jednym z punkt\u00f3w spornych, uniemo\u017cliwiaj\u0105cych wprowadzenie dalszych postanowie\u0144 porozumienia wynegocjowanego przez USA.<\/p>\n<p>Wojska izraelskie niemal codziennie atakuj\u0105 Stref\u0119 Gazy. Armia zaznacza w komunikatach, \u017ce celem uderze\u0144 s\u0105 stwarzaj\u0105cy zagro\u017cenie terrory\u015bci. Media i w\u0142adze palesty\u0144skie informuj\u0105 jednak, \u017ce w\u015br\u00f3d ofiar s\u0105 r\u00f3wnie\u017c kobiety i dzieci.<\/p>\n<p>Od pocz\u0105tku wojny zgin\u0119\u0142o 72,7 tys. Palesty\u0144czyk\u00f3w, z czego 857 ju\u017c po zawarciu rozejmu \u2014 powiadomi\u0142o w pi\u0105tek ministerstwo zdrowia Strefy Gazy. Od wej\u015bcia w \u017cycie rozejmu w atakach palesty\u0144skich bojownik\u00f3w ponios\u0142o te\u017c \u015bmier\u0107 co najmniej czterech izraelskich \u017co\u0142nierzy.<\/p>\n","protected":false},"excerpt":{"rendered":"W meczetach na p\u00f3\u0142nocy Strefy Gazy og\u0142oszono w sobot\u0119 &#8222;m\u0119cze\u0144sk\u0105 \u015bmier\u0107&#8221; dow\u00f3dcy wojskowego skrzyd\u0142a Hamasu \u2014 poda\u0142 Reuters.&hellip;\n","protected":false},"author":2,"featured_media":433271,"comment_status":"","ping_status":"","sticky":false,"template":"","format":"standard","meta":{"footnotes":"","_share_on_mastodon":"0"},"categories":[14],"tags":[61195,32,33,213,27,91,34,35,28,31,48,25,46,40,41,47,88,80,29,30,26,82,83,84],"class_list":["post-433270","post","type-post","status-publish","format-standard","has-post-thumbnail","category-swiat","tag-bottomfeed_styl","tag-breaking-news","tag-breakingnews","tag-hamas","tag-headlines","tag-izrael","tag-latest-news","tag-latestnews","tag-naglowki","tag-najwazniejsze-artykuly","tag-nat_styl","tag-news","tag-omp","tag-polish","tag-polski","tag-screening_general","tag-strefa_gazy","tag-swiat","tag-top-stories","tag-topstories","tag-wiadomosci","tag-world","tag-world-news","tag-worldnews"],"share_on_mastodon":{"url":"https:\/\/pubeurope.com\/@pl\/116584561199235390","error":""},"_links":{"self":[{"href":"https:\/\/www.europesays.com\/pl\/wp-json\/wp\/v2\/posts\/433270","targetHints":{"allow":["GET"]}}],"collection":[{"href":"https:\/\/www.europesays.com\/pl\/wp-json\/wp\/v2\/posts"}],"about":[{"href":"https:\/\/www.europesays.com\/pl\/wp-json\/wp\/v2\/types\/post"}],"author":[{"embeddable":true,"href":"https:\/\/www.europesays.com\/pl\/wp-json\/wp\/v2\/users\/2"}],"replies":[{"embeddable":true,"href":"https:\/\/www.europesays.com\/pl\/wp-json\/wp\/v2\/comments?post=433270"}],"version-history":[{"count":0,"href":"https:\/\/www.europesays.com\/pl\/wp-json\/wp\/v2\/posts\/433270\/revisions"}],"wp:featuredmedia":[{"embeddable":true,"href":"https:\/\/www.europesays.com\/pl\/wp-json\/wp\/v2\/media\/433271"}],"wp:attachment":[{"href":"https:\/\/www.europesays.com\/pl\/wp-json\/wp\/v2\/media?parent=433270"}],"wp:term":[{"taxonomy":"category","embeddable":true,"href":"https:\/\/www.europesays.com\/pl\/wp-json\/wp\/v2\/categories?post=433270"},{"taxonomy":"post_tag","embeddable":true,"href":"https:\/\/www.europesays.com\/pl\/wp-json\/wp\/v2\/tags?post=433270"}],"curies":[{"name":"wp","href":"https:\/\/api.w.org\/{rel}","templated":true}]}}