{"id":434131,"date":"2026-05-17T00:32:06","date_gmt":"2026-05-17T00:32:06","guid":{"rendered":"https:\/\/www.europesays.com\/pl\/434131\/"},"modified":"2026-05-17T00:32:06","modified_gmt":"2026-05-17T00:32:06","slug":"wielki-marsz-patriotow-w-anglii-tarczynski-i-tak-przemowil","status":"publish","type":"post","link":"https:\/\/www.europesays.com\/pl\/434131\/","title":{"rendered":"Wielki marsz patriot\u00f3w w Anglii. Tarczy\u0144ski i tak przem\u00f3wi\u0142"},"content":{"rendered":"\n<p>&#13;<br \/>\n16 maja Brytyjczycy wyszli na\u00a0<a href=\"https:\/\/dorzeczy.pl\/swiat\/888109\/wielka-brytania-marsz-przeciwko-masowej-migracji-bitwa-o-anglie.html\" rel=\"nofollow noopener\" target=\"_blank\">wielki marsz pod\u00a0has\u0142em &#8222;Zjednoczy\u0107 Kr\u00f3lestwo, Zjednoczy\u0107 Zach\u00f3d&#8221;<\/a>, \u017ceby raz jeszcze wyrazi\u0107 sw\u00f3j sprzeciw przeciwko prowadzonej przez lewicowy rz\u0105d Starmera polityce masowej migracji. Uczestnicy maszerowali z\u00a0brytyjskimi flagami i\u00a0krzy\u017cami, domagaj\u0105c si\u0119 zaprzestania wpuszczania do\u00a0Wielkiej Brytanii nielegalnych przybysz\u00f3w z\u00a0Afryki i\u00a0pa\u0144stw muzu\u0142ma\u0144skich. Widoczne by\u0142y r\u00f3wnie\u017c has\u0142a i\u00a0banery wzywaj\u0105ce do\u00a0ochrony tradycyjnych warto\u015bci chrze\u015bcija\u0144skich, a\u00a0tak\u017ce ust\u0105pienia premiera Starmera. &#13;\n<\/p>\n<p>Tarczy\u0144ski i\u00a0tak przem\u00f3wi\u0142 w\u00a0Londynie: Za\u00a020, 30 lat odpowiecie z\u00a0dumn\u0105 <\/p>\n<p>&#13;<br \/>\nEuropose\u0142 PiS Dominik Tarczy\u0144ski dosta\u0142 od\u00a0brytyjskich w\u0142adz zakaz wjazdu do\u00a0kraju. Polski polityk mia\u0142 przemawia\u0107 na\u00a0sobotniej demonstracji. Wsp\u00f3\u0142organizator wydarzenia skontaktowa\u0142 si\u0119 z\u00a0Tarczy\u0144skim za\u00a0po\u015brednictwem \u0142\u0105cza internetowego, dzi\u0119ki czemu ten m\u00f3g\u0142 wyg\u0142osi\u0107 kilka s\u0142\u00f3w. Polski pose\u0142 przekaza\u0142 Brytyjczykom wsparcie i\u00a0wyrazy szacunku. Jako odpowiedni\u0105 dla\u00a0kraju liczb\u0119 nielegalnych imigrant\u00f3w wskaza\u0142 zero. Jego wypowied\u017a zacytowa\u0142 portal wPolityce.pl &#13;\n<\/p>\n<p>&#13;<br \/>\n\u2013 Jak si\u0119 macie, wy\u00a0&#8222;skrajnie prawicowi pod\u017cegacze&#8221;? Jak si\u0119 macie?! Jak to\u00a0jest by\u0107 patriot\u0105? Jak to\u00a0jest by\u0107 razem? Podnie\u015bcie swoje g\u0142osy, Lwy! Podnie\u015bcie swoje g\u0142osy jeszcze raz! On mo\u017ce zakaza\u0107 wjazdu mnie, ale\u00a0nie mo\u017ce powstrzyma\u0107 was! Nie\u00a0mo\u017ce zakaza\u0107 wam g\u0142osowania! Nie\u00a0mo\u017ce was uciszy\u0107! Nie\u00a0mo\u017ce was wymaza\u0107! A\u00a0ja jestem z\u00a0wami. Zawsze b\u0119d\u0119 z\u00a0brytyjskimi lwami. Zawsze! Z\u00a0brytyjskimi kobietami! Z\u00a0brytyjskimi dzie\u0107mi! Z\u00a0brytyjskimi rodzinami! Nigdy, przenigdy was nie\u00a0opuszcz\u0119. I\u00a0pomog\u0119 wam by\u0107 bezpiecznymi. Stworzy\u0107 wielki nar\u00f3d. Bezpieczny nar\u00f3d. Odwa\u017cny nar\u00f3d. Jestem z\u00a0wami, patrioci, z\u00a0waszymi dzie\u0107mi. A\u00a0kiedy wasze wnuki zapytaj\u0105 was: &#8222;Dziadku, babciu, jak zatrzymali\u015bcie to\u00a0szale\u0144stwo?&#8221;, z\u00a0dum\u0105 odpowiecie: &#8222;Sta\u0142em rami\u0119 w\u00a0rami\u0119 z\u00a0Tommym Robinsonem!&#8221;. To\u00a0w\u0142a\u015bnie powiecie za\u00a020 czy\u00a030 lat. Powiecie: &#8222;Wyszed\u0142em na\u00a0ulice. Walczy\u0142em o\u00a0chrze\u015bcija\u0144sk\u0105 Europ\u0119. Walczy\u0142em o\u00a0bezpiecze\u0144stwo. Walczy\u0142em o\u00a0was, bo\u00a0was kocham!&#8221; \u2013\u00a0powiedzia\u0142 Tarczy\u0144ski. &#13;\n<\/p>\n<p>&#8222;Jeste\u015bcie patriotami, kt\u00f3rzy kochaj\u0105 sw\u00f3j kraj i\u00a0Europ\u0119&#8221; <\/p>\n<p>&#13;<br \/>\n\u2013 Podnie\u015bcie swoje g\u0142osy jeszcze raz! Poka\u017ccie swoj\u0105 si\u0142\u0119 i\u00a0jedno\u015b\u0107! Podnie\u015bcie g\u0142osy! Tak! To\u00a0jest nasza si\u0142a. On m\u00f3g\u0142 zakaza\u0107 wjazdu mnie, ale\u00a0nie uciszy was. I\u00a0wierzcie mi, przyjdzie taki dzie\u0144, \u017ce\u00a0wr\u00f3c\u0119. Wr\u00f3c\u0119 i\u00a0b\u0119d\u0119 walczy\u0142 z\u00a0wami na\u00a0ulicach, protestuj\u0105c, bo\u00a0to jest nasze prawo! Nie\u00a0pozw\u00f3lcie nikomu odebra\u0107 swoich praw! Nie\u00a0pozw\u00f3lcie nikomu odebra\u0107 swojej godno\u015bci! Nie\u00a0pozw\u00f3lcie nikomu m\u00f3wi\u0107, \u017ce\u00a0jeste\u015bcie pod\u017cegaczami, \u017ce\u00a0jeste\u015bcie skrajn\u0105 prawic\u0105. Nie! Jeste\u015bcie patriotami, kt\u00f3rzy kochaj\u0105 sw\u00f3j kraj, kt\u00f3rzy kochaj\u0105 Europ\u0119! I\u00a0B\u00f3g mi \u015bwiadkiem \u2013\u00a0ten facet, kt\u00f3ry zakaza\u0142 mi wjazdu, odejdzie. To\u00a0tylko kwestia czasu. Wi\u0119c g\u0142owa do\u00a0g\u00f3ry! Walczcie o\u00a0jedno\u015b\u0107, walczcie o\u00a0sw\u00f3j kraj! G\u0142osujcie, b\u0105d\u017acie aktywni, wspierajcie Tommy\u2019ego. A\u00a0wtedy za\u00a020 lat powiecie: &#8222;Wygra\u0142em, bo\u00a0by\u0142em odwa\u017cny!&#8221; \u2013\u00a0przekaza\u0142 polski eurodeputowany, apeluj\u0105c: &#8222;B\u0105d\u017acie jak Polska&#8221;. &#13;\n<\/p>\n<p>&#13;<br \/>\ntwitterCzytaj te\u017c:<br \/><a href=\"https:\/\/dorzeczy.pl\/swiat\/888139\/modena-afrykanin-wjechal-autem-w-pieszych-i-zaatakowal-nozem.html\" rel=\"follow nofollow noopener\" data-schema=\"DORZECZY\" data-image=\"https:\/\/img.dorzeczy.pl\/_thumb\/05\/14\/6b2e46ecfe9e107fe0d5bc025cca.jpeg\" target=\"_blank\">Afrykanin wjecha\u0142 autem w\u00a0pieszych, a\u00a0nast\u0119pnie zaatakowa\u0142 no\u017cem<\/a>&#13;<\/p>\n","protected":false},"excerpt":{"rendered":"&#13; 16 maja Brytyjczycy wyszli na\u00a0wielki marsz pod\u00a0has\u0142em &#8222;Zjednoczy\u0107 Kr\u00f3lestwo, Zjednoczy\u0107 Zach\u00f3d&#8221;, \u017ceby raz jeszcze wyrazi\u0107 sw\u00f3j sprzeciw&hellip;\n","protected":false},"author":2,"featured_media":434132,"comment_status":"","ping_status":"","sticky":false,"template":"","format":"standard","meta":{"footnotes":"","_share_on_mastodon":"0"},"categories":[12],"tags":[1155,32,33,7203,98,36,37,111,27,34,35,2782,17165,28,31,25,103,102,81861,42,38,40,39,41,29389,80,29,30,26,106,81862],"class_list":["post-434131","post","type-post","status-publish","format-standard","has-post-thumbnail","category-polska","tag-anglia","tag-breaking-news","tag-breakingnews","tag-dominik-tarczynski","tag-dorzeczy","tag-featured-news","tag-featurednews","tag-grzegorz-grzymowicz","tag-headlines","tag-latest-news","tag-latestnews","tag-londyn","tag-marsz","tag-naglowki","tag-najwazniejsze-artykuly","tag-news","tag-obserwator-mediow","tag-opinie","tag-patrioci","tag-pl","tag-poland","tag-polish","tag-polska","tag-polski","tag-starmer","tag-swiat","tag-top-stories","tag-topstories","tag-wiadomosci","tag-wielka-brytania","tag-zjednocznyc-krolestwo"],"share_on_mastodon":{"url":"https:\/\/pubeurope.com\/@pl\/116587105085671426","error":""},"_links":{"self":[{"href":"https:\/\/www.europesays.com\/pl\/wp-json\/wp\/v2\/posts\/434131","targetHints":{"allow":["GET"]}}],"collection":[{"href":"https:\/\/www.europesays.com\/pl\/wp-json\/wp\/v2\/posts"}],"about":[{"href":"https:\/\/www.europesays.com\/pl\/wp-json\/wp\/v2\/types\/post"}],"author":[{"embeddable":true,"href":"https:\/\/www.europesays.com\/pl\/wp-json\/wp\/v2\/users\/2"}],"replies":[{"embeddable":true,"href":"https:\/\/www.europesays.com\/pl\/wp-json\/wp\/v2\/comments?post=434131"}],"version-history":[{"count":0,"href":"https:\/\/www.europesays.com\/pl\/wp-json\/wp\/v2\/posts\/434131\/revisions"}],"wp:featuredmedia":[{"embeddable":true,"href":"https:\/\/www.europesays.com\/pl\/wp-json\/wp\/v2\/media\/434132"}],"wp:attachment":[{"href":"https:\/\/www.europesays.com\/pl\/wp-json\/wp\/v2\/media?parent=434131"}],"wp:term":[{"taxonomy":"category","embeddable":true,"href":"https:\/\/www.europesays.com\/pl\/wp-json\/wp\/v2\/categories?post=434131"},{"taxonomy":"post_tag","embeddable":true,"href":"https:\/\/www.europesays.com\/pl\/wp-json\/wp\/v2\/tags?post=434131"}],"curies":[{"name":"wp","href":"https:\/\/api.w.org\/{rel}","templated":true}]}}