{"id":434301,"date":"2026-05-17T03:16:31","date_gmt":"2026-05-17T03:16:31","guid":{"rendered":"https:\/\/www.europesays.com\/pl\/434301\/"},"modified":"2026-05-17T03:16:31","modified_gmt":"2026-05-17T03:16:31","slug":"krol-lech-na-tronie-kolejorz-mistrzem-polski","status":"publish","type":"post","link":"https:\/\/www.europesays.com\/pl\/434301\/","title":{"rendered":"Kr\u00f3l Lech na tronie. Kolejorz mistrzem Polski"},"content":{"rendered":"\n<p class=\"contentpart contentpart--default contentpart--text\" data-position=\"0\">Po drugie z rz\u0119du mistrzostwo <a href=\"https:\/\/sportowefakty.wp.pl\/polska\" rel=\"nofollow noopener\" target=\"_blank\">Polski<\/a>\u00a0dru\u017cyna <a href=\"https:\/\/sportowefakty.wp.pl\/pilka-nozna\/niels-frederiksen\" rel=\"nofollow noopener\" target=\"_blank\">Nielsa Frederiksena<\/a>\u00a0pojecha\u0142a do <a href=\"https:\/\/sportowefakty.wp.pl\/polska\/radom\" rel=\"nofollow noopener\" target=\"_blank\">Radomia<\/a>. <a href=\"https:\/\/sportowefakty.wp.pl\/pilka-nozna\/lech-poznan\" rel=\"nofollow noopener\" target=\"_blank\">Lech Pozna\u0144<\/a>, maj\u0105cy przed kolejk\u0105 o cztery punkty wi\u0119cej ni\u017c wicelider <a href=\"https:\/\/sportowefakty.wp.pl\/pilka-nozna\/jagiellonia-bialystok\" rel=\"nofollow noopener\" target=\"_blank\">Jagiellonia Bia\u0142ystok<\/a>, nie musia\u0142 ogl\u0105da\u0107 si\u0119 na inne wyniki pod warunkiem pokonania <a href=\"https:\/\/sportowefakty.wp.pl\/pilka-nozna\/radomiak-radom\" rel=\"nofollow noopener\" target=\"_blank\">Radomiaka<\/a>. I swoje zadanie wykona\u0142 z tylko kr\u00f3tkim zawahaniem.<\/p>\n<p class=\"contentpart contentpart--default contentpart--text\" data-position=\"1\">Ostatni domowy mecz Radomiaka wi\u0105za\u0142 si\u0119 z po\u017cegnaniem 37-letniego <a href=\"https:\/\/sportowefakty.wp.pl\/pilka-nozna\/leandro2\" rel=\"nofollow noopener\" target=\"_blank\">Leandro<\/a>. W Radomiaku zagra\u0142 po raz pierwszy w marcu 2012 roku. By\u0142 w nim nieprzerwanie przez ponad 14 lat i awansowa\u0142 z <a href=\"https:\/\/sportowefakty.wp.pl\/pilka-nozna\/iii-liga-pilka-nozna\" rel=\"nofollow noopener\" target=\"_blank\">III ligi<\/a>\u00a0do <a href=\"https:\/\/sportowefakty.wp.pl\/pilka-nozna\/pko-ekstraklasa\" rel=\"nofollow noopener\" target=\"_blank\">PKO Ekstraklasy<\/a>. W sobot\u0119 Leandro gra\u0142 przez 11 minut, po czym jego zmiennikiem by\u0142 <a href=\"https:\/\/sportowefakty.wp.pl\/pilka-nozna\/maurides\" rel=\"nofollow noopener\" target=\"_blank\">Maurides<\/a>. Po\u017cegnanie, jak mo\u017cna by\u0142o przypuszcza\u0107, by\u0142o podnios\u0142e. I w \u015bwietnym momencie po golu.<\/p>\n<p>  <img decoding=\"async\" src=\"https:\/\/v.wpimg.pl\/X3dwLnN2d1IFFTpdYUl6R0ZNbgcnEHQREVV2TGEGbUtRT2MdOlZ2RBQUKABgQjQcDRotCStBd1IAAWMeIlM7VgwYIAorQAdEFFk_GCkQJQ\" alt=\"\" width=\"45\" height=\"58\" loading=\"lazy\"\/>  <\/p>\n<p class=\"contentpart contentpart--default contentpart--text\" data-position=\"2\">Radomiak, ostatnio rozp\u0119dzony w swoich meczach, zaskoczy\u0142 Lecha golem na 1:0 w 8. minucie. Przypomnia\u0142 o sobie <a href=\"https:\/\/sportowefakty.wp.pl\/pilka-nozna\/jan-grzesik\" rel=\"nofollow noopener\" target=\"_blank\">Jan Grzesik<\/a>. Bramkostrzelny obro\u0144ca pokona\u0142 <a href=\"https:\/\/sportowefakty.wp.pl\/pilka-nozna\/bartosz-mrozek\" rel=\"nofollow noopener\" target=\"_blank\">Bartosza Mrozka<\/a>\u00a0mocnym uderzeniem zza pola karnego po podaniu <a href=\"https:\/\/sportowefakty.wp.pl\/pilka-nozna\/vasco-lopes\" rel=\"nofollow noopener\" target=\"_blank\">Vasco Lopesa<\/a>.<\/p>\n<p class=\"contentpart contentpart--default contentpart--text\" data-position=\"3\">ZOBACZ WIDEO: Polacy o Lewandowskim. Powinien zosta\u0107 w Barcelonie?<\/p>\n<p class=\"contentpart contentpart--default contentpart--text\" data-position=\"5\">Na odpowied\u017a Lecha nie trzeba by\u0142o d\u0142ugo czeka\u0107. By\u0142a 16. minuta i mecz rozpocz\u0105\u0142 si\u0119 na sw\u00f3j spos\u00f3b od pocz\u0105tku. Nie zawi\u00f3d\u0142 <a href=\"https:\/\/sportowefakty.wp.pl\/pilka-nozna\/mikael-ishak\" rel=\"nofollow noopener\" target=\"_blank\">Mikael Ishak<\/a>. By\u0142y <a href=\"https:\/\/sportowefakty.wp.pl\/pilka-nozna\/szwecja\" rel=\"nofollow noopener\" target=\"_blank\">reprezentant Szwecji<\/a>\u00a0poradzi\u0142 sobie po do\u015brodkowaniu <a href=\"https:\/\/sportowefakty.wp.pl\/pilka-nozna\/luis-palma\" rel=\"nofollow noopener\" target=\"_blank\">Luisa Palmy<\/a>\u00a0zar\u00f3wno z obro\u0144cami Radomiaka, jak i zagubionym na przedpolu <a href=\"https:\/\/sportowefakty.wp.pl\/pilka-nozna\/filip-majchrowicz\" rel=\"nofollow noopener\" target=\"_blank\">Filipem Majchrowiczem<\/a>.<\/p>\n<p class=\"contentpart contentpart--default contentpart--text\" data-position=\"6\">Na boisku du\u017co si\u0119 dzia\u0142o, nie by\u0142o czasu na z\u0142apanie oddechu czy odwracanie wzroku. Pierwsza po\u0142owa by\u0142a jeszcze przed p\u00f3\u0142metkiem, a Lech zd\u0105\u017cy\u0142 odwr\u00f3ci\u0107 wynik 0:1 na 2:1. Huraganowa ofensywa lidera Ekstraklasy przynios\u0142a efekt. Luis Palma do\u0142o\u017cy\u0142 gola do asysty w 22. minucie. Strza\u0142em ze szpica pokona\u0142 bramkarza Radomiaka po podaniu <a href=\"https:\/\/sportowefakty.wp.pl\/pilka-nozna\/leo-bengtsson\" rel=\"nofollow noopener\" target=\"_blank\">Leo Bengtssona<\/a>.<\/p>\n<p>  <img decoding=\"async\" src=\"https:\/\/v.wpimg.pl\/X3dwLnN2d1IFFTpdYUl6R0ZNbgcnEHQREVV2TGEGbUtRT2MdOlZ2RBQUKABgQjQcDRotCStBd1IAAWMeIlM7VgwYIAorQAdEFFk_GCkQJQ\" alt=\"\" width=\"45\" height=\"58\" loading=\"lazy\"\/>  <\/p>\n<p class=\"contentpart contentpart--default contentpart--text\" data-position=\"7\">W\u0105tpliwo\u015bci, co do wy\u017cszo\u015bci Lecha, rozwia\u0142 praktycznie\u00a0<a href=\"https:\/\/sportowefakty.wp.pl\/pilka-nozna\/patrik-walemark\" rel=\"nofollow noopener\" target=\"_blank\">Patrik Walemark<\/a>\u00a0w 58. minucie. Do bramki strzeli\u0142 na 3:1 po podaniu na jeden kontakt Mikaela Ishaka. Uderzenie w kierunku dalszego naro\u017cnika okaza\u0142o si\u0119 skuteczne. Na tym sko\u0144czy\u0142y si\u0119 emocje &#8211; w Poznaniu mo\u017cna by\u0142o wyci\u0105ga\u0107 zmro\u017cone szampany i szykowa\u0107 pirotechnik\u0119. W sobot\u0119 nast\u0105pi\u0142a koronacja Lecha<\/p>\n<p class=\"contentpart contentpart--default contentpart--text\" data-position=\"8\">Lech obroni\u0142 mistrzostwo Polski, kt\u00f3re zdoby\u0142 tak\u017ce w poprzednim sezonie pod wodz\u0105 Nielsa Frederiksena. Wywalczy\u0142 tytu\u0142 po raz 10. w historii klubu, tak\u017ce 10 razy znajdowa\u0142 si\u0119 na innych stopniach podium.<\/p>\n<p class=\"contentpart contentpart--default contentpart--text\" data-position=\"9\">Latem wystartuje w drugiej rundzie eliminacji Ligi Mistrz\u00f3w i ma na wyci\u0105gni\u0119cie r\u0119ki faz\u0119 ligow\u0105 jednego z europejskich puchar\u00f3w.<\/p>\n<p class=\"contentpart contentpart--default contentpart--text\" data-position=\"10\"><a href=\"https:\/\/sportowefakty.wp.pl\/pilka-nozna\/radomiak-radom\" rel=\"nofollow noopener\" target=\"_blank\">Radomiak<\/a>\u00a0&#8211; <a href=\"https:\/\/sportowefakty.wp.pl\/pilka-nozna\/lech-poznan\" rel=\"nofollow noopener\" target=\"_blank\">Lech Pozna\u0144<\/a>\u00a01:3 (1:2)<br \/>1:0 &#8211; Jan Grzesik 8&#8242;<br \/>1:1 &#8211; Mikael Ishak 16&#8242;<br \/>1:2 &#8211; Luis Palma 22&#8242;<br \/>1:3 &#8211; Patrik Walemark 58&#8242;<\/p>\n<p>  <img decoding=\"async\" src=\"https:\/\/v.wpimg.pl\/X3dwLnN2d1IFFTpdYUl6R0ZNbgcnEHQREVV2TGEGbUtRT2MdOlZ2RBQUKABgQjQcDRotCStBd1IAAWMeIlM7VgwYIAorQAdEFFk_GCkQJQ\" alt=\"\" width=\"45\" height=\"58\" loading=\"lazy\"\/>  <\/p>\n<p class=\"contentpart contentpart--default contentpart--text\" data-position=\"11\">Sk\u0142ady:<\/p>\n<p class=\"contentpart contentpart--default contentpart--text\" data-position=\"12\">Radomiak:\u00a0Filip Majchrowicz &#8211; Zie Ouattara, Steve Kingue, Adrian Dieguez, Jan Grzesik &#8211; Christos Donis (84&#8242; Adam \u017babicki), Romario Baro (84&#8242; Roberto Alves), Luquinhas &#8211; Vasco Lopes (65&#8242; Joao Pedro), Leandro (11&#8242; Maurides), Elves Balde (65&#8242;\u00a0Salifou Soumah)<\/p>\n<p class=\"contentpart contentpart--default contentpart--text\" data-position=\"13\">Lech:\u00a0Bartosz Mrozek &#8211; Joel Pereira, Mateusz Skrzypczak, Wojciech Mo\u0144ka, Micha\u0142 Gurgul &#8211; Antoni Kozubal, Pablo Rodriguez (77&#8242; Rados\u0142aw Murawski), Luis Palma (66&#8242; Daniel Hakans) &#8211; Patrik Walemark (65&#8242; Filip Jagie\u0142\u0142o), Mikael Ishak (83&#8242; Yannick Agnero), Leo Bengtsson (77&#8242; Taofeek Ismaheel)<\/p>\n<p class=\"contentpart contentpart--default contentpart--text\" data-position=\"14\">\u017b\u00f3\u0142te kartki:\u00a0Donis, Alves (Radomiak) oraz Kozubal, Bengtsson, Agnero (Lech)<\/p>\n<p class=\"contentpart contentpart--default contentpart--text\" data-position=\"15\">S\u0119dzia: Karol Arys (Szczecin)<\/p>\n<p class=\"contentpart contentpart--default contentpart--text\" data-position=\"16\">Tabela <a href=\"https:\/\/sportowefakty.wp.pl\/pilka-nozna\/pko-ekstraklasa\" rel=\"nofollow noopener\" target=\"_blank\">PKO Ekstraklasy<\/a>:<\/p>\n","protected":false},"excerpt":{"rendered":"Po drugie z rz\u0119du mistrzostwo Polski\u00a0dru\u017cyna Nielsa Frederiksena\u00a0pojecha\u0142a do Radomia. Lech Pozna\u0144, maj\u0105cy przed kolejk\u0105 o cztery punkty&hellip;\n","protected":false},"author":2,"featured_media":434302,"comment_status":"","ping_status":"","sticky":false,"template":"","format":"standard","meta":{"footnotes":"","_share_on_mastodon":"0"},"categories":[51609],"tags":[215,269,1724,42,38,40,39,41,1817,2913,2167,21245],"class_list":["post-434301","post","type-post","status-publish","format-standard","has-post-thumbnail","category-poznan","tag-lech-poznan","tag-pilka-nozna","tag-pko-ekstraklasa","tag-pl","tag-poland","tag-polish","tag-polska","tag-polski","tag-poznan","tag-radom","tag-radomiak-radom","tag-stadion-im-braci-czachorow-w-radomiu"],"share_on_mastodon":{"url":"https:\/\/pubeurope.com\/@pl\/116587750633683600","error":""},"_links":{"self":[{"href":"https:\/\/www.europesays.com\/pl\/wp-json\/wp\/v2\/posts\/434301","targetHints":{"allow":["GET"]}}],"collection":[{"href":"https:\/\/www.europesays.com\/pl\/wp-json\/wp\/v2\/posts"}],"about":[{"href":"https:\/\/www.europesays.com\/pl\/wp-json\/wp\/v2\/types\/post"}],"author":[{"embeddable":true,"href":"https:\/\/www.europesays.com\/pl\/wp-json\/wp\/v2\/users\/2"}],"replies":[{"embeddable":true,"href":"https:\/\/www.europesays.com\/pl\/wp-json\/wp\/v2\/comments?post=434301"}],"version-history":[{"count":0,"href":"https:\/\/www.europesays.com\/pl\/wp-json\/wp\/v2\/posts\/434301\/revisions"}],"wp:featuredmedia":[{"embeddable":true,"href":"https:\/\/www.europesays.com\/pl\/wp-json\/wp\/v2\/media\/434302"}],"wp:attachment":[{"href":"https:\/\/www.europesays.com\/pl\/wp-json\/wp\/v2\/media?parent=434301"}],"wp:term":[{"taxonomy":"category","embeddable":true,"href":"https:\/\/www.europesays.com\/pl\/wp-json\/wp\/v2\/categories?post=434301"},{"taxonomy":"post_tag","embeddable":true,"href":"https:\/\/www.europesays.com\/pl\/wp-json\/wp\/v2\/tags?post=434301"}],"curies":[{"name":"wp","href":"https:\/\/api.w.org\/{rel}","templated":true}]}}