{"id":434340,"date":"2026-05-17T03:52:13","date_gmt":"2026-05-17T03:52:13","guid":{"rendered":"https:\/\/www.europesays.com\/pl\/434340\/"},"modified":"2026-05-17T03:52:13","modified_gmt":"2026-05-17T03:52:13","slug":"eurowizja-2026-francja-tuz-przed-polska-w-finale-w-wiedniu-ifrancja","status":"publish","type":"post","link":"https:\/\/www.europesays.com\/pl\/434340\/","title":{"rendered":"Eurowizja 2026: Francja tu\u017c przed Polsk\u0105 w finale w Wiedniu &#8211; iFrancja"},"content":{"rendered":"<p>\tEurowizja 2026: Francja tu\u017c przed Polsk\u0105 w finale w Wiedniu &#8211; iFrancja &#8211; polski serwis informacyjny<\/p>\n<p><a href=\"https:\/\/www.ifrancja.fr\/cdn-cgi\/content?id=4IL0aLN0pvTbXnCw1PVYWRYdTXaILx8dNZv5zqZdEuA-1778989931.8404796-1.0.1.1-k5mmkmt6zmC5uew.G90F2vm41cUxpnfsBmWfmg4IycA\" aria-hidden=\"true\" rel=\"nofollow noopener\" style=\"display: none !important; visibility: hidden !important\" target=\"_blank\"><\/p>\n<p> Artyku\u0142 wprowadzono: 17\/05\/2026<\/p>\n<p>W 70. edycji Eurowizji, kt\u00f3ra odby\u0142a si\u0119 w Wiedniu, wygra\u0142a Dara z piosenk\u0105 \u201eBangaranga\u201d z Bu\u0142garii.<br \/>Reprezentuj\u0105ca Francj\u0119 Monroe z piosenk\u0105 \u201eRegarde!\u201d zaj\u0119\u0142a 11. miejsce.<br \/>Reprezentuj\u0105ca Polsk\u0119 Alicja Szempli\u0144ska z piosenk\u0105 \u201ePray\u201d zaj\u0119\u0142a 12 miejsce.<\/p>\n<p>\t\t\t\tNajpopularniejsze<\/p>\n<p>\t\t\t Zobacz tak\u017ce<\/p>\n<p>\n Copyright \u00a9 iFrancja 2026 | Bie\u017c\u0105ce informacje z Francji. Agencja prasowa Francja\n<\/p>\n<p><a href=\"#top-page\" class=\"btn-top\"><\/p>\n<p><\/a><\/p>\n<p>X<\/p>\n<p>B\u0105d\u017a na bie\u017c\u0105co!<br \/>Kliknij tutaj aby doda\u0107 serwis iFrancja do Swojego ekranu.<\/p>\n<p>\t <img decoding=\"async\" src=\"https:\/\/www.europesays.com\/pl\/wp-content\/uploads\/2026\/03\/72.png\" class=\"ifr-icon\"\/><\/p>\n","protected":false},"excerpt":{"rendered":"Eurowizja 2026: Francja tu\u017c przed Polsk\u0105 w finale w Wiedniu &#8211; iFrancja &#8211; polski serwis informacyjny Artyku\u0142 wprowadzono:&hellip;\n","protected":false},"author":2,"featured_media":434341,"comment_status":"","ping_status":"","sticky":false,"template":"","format":"standard","meta":{"footnotes":"","_share_on_mastodon":"0"},"categories":[12],"tags":[552,96,42,38,40,39,41],"class_list":["post-434340","post","type-post","status-publish","format-standard","has-post-thumbnail","category-polska","tag-eurowizja","tag-francja","tag-pl","tag-poland","tag-polish","tag-polska","tag-polski"],"share_on_mastodon":{"url":"https:\/\/pubeurope.com\/@pl\/116587892132634566","error":""},"_links":{"self":[{"href":"https:\/\/www.europesays.com\/pl\/wp-json\/wp\/v2\/posts\/434340","targetHints":{"allow":["GET"]}}],"collection":[{"href":"https:\/\/www.europesays.com\/pl\/wp-json\/wp\/v2\/posts"}],"about":[{"href":"https:\/\/www.europesays.com\/pl\/wp-json\/wp\/v2\/types\/post"}],"author":[{"embeddable":true,"href":"https:\/\/www.europesays.com\/pl\/wp-json\/wp\/v2\/users\/2"}],"replies":[{"embeddable":true,"href":"https:\/\/www.europesays.com\/pl\/wp-json\/wp\/v2\/comments?post=434340"}],"version-history":[{"count":0,"href":"https:\/\/www.europesays.com\/pl\/wp-json\/wp\/v2\/posts\/434340\/revisions"}],"wp:featuredmedia":[{"embeddable":true,"href":"https:\/\/www.europesays.com\/pl\/wp-json\/wp\/v2\/media\/434341"}],"wp:attachment":[{"href":"https:\/\/www.europesays.com\/pl\/wp-json\/wp\/v2\/media?parent=434340"}],"wp:term":[{"taxonomy":"category","embeddable":true,"href":"https:\/\/www.europesays.com\/pl\/wp-json\/wp\/v2\/categories?post=434340"},{"taxonomy":"post_tag","embeddable":true,"href":"https:\/\/www.europesays.com\/pl\/wp-json\/wp\/v2\/tags?post=434340"}],"curies":[{"name":"wp","href":"https:\/\/api.w.org\/{rel}","templated":true}]}}