{"id":434494,"date":"2026-05-17T06:09:09","date_gmt":"2026-05-17T06:09:09","guid":{"rendered":"https:\/\/www.europesays.com\/pl\/434494\/"},"modified":"2026-05-17T06:09:09","modified_gmt":"2026-05-17T06:09:09","slug":"bangaranga-ona-to-zrobila-dara-z-bulgarii-pokonala-faworytow","status":"publish","type":"post","link":"https:\/\/www.europesays.com\/pl\/434494\/","title":{"rendered":"&#8222;Bangaranga! Ona to zrobi\u0142a!&#8221;. Dara z Bu\u0142garii pokona\u0142a faworyt\u00f3w"},"content":{"rendered":"<p>Wygl\u0105da na to, \u017ce Dara d\u0142ugo \u015bwi\u0119towa\u0142a zwyci\u0119stwo za kulisami ze swoim zespo\u0142em \u2014 na w\u0142asnej konferencji prasowej pojawi\u0142a si\u0119 dopiero po godzinie 2 w nocy. Jej pierwsze s\u0142owa by\u0142y szczere i pe\u0142ne emocji: \u2014 To niewiarygodne, nie wiem, co si\u0119 w\u0142a\u015bnie dzieje. \u2014 Gdy dziennikarze zacz\u0119li skandowa\u0107 jej imi\u0119, artystka nie mog\u0142a uwierzy\u0107 w swoje szcz\u0119\u015bcie. \u2014 Dzi\u0119kuj\u0119 mojemu m\u0119\u017cowi, to on mnie zmotywowa\u0142, \u017cebym zg\u0142osi\u0142a si\u0119 do konkursu, bo bardzo si\u0119 tego ba\u0142am \u2014 powiedzia\u0142a po zwyci\u0119stwie. Przyzna\u0142a r\u00f3wnie\u017c, \u017ce przed konkursem zmaga\u0142a si\u0119 z atakiem paniki.<\/p>\n<p>Od momentu przyjazdu do Wiednia dwa tygodnie temu jej nazwisko coraz cz\u0119\u015bciej pojawia\u0142o si\u0119 w gronie artyst\u00f3w, na kt\u00f3rych warto zwr\u00f3ci\u0107 uwag\u0119. Na turkusowym dywanie opowiada\u0142a BILD o przes\u0142aniu swojego utworu. \u2014 Wierz\u0119, \u017ce ka\u017cdy z nas zmaga si\u0119 z w\u0142asnymi wewn\u0119trznymi demonami, ale mo\u017cemy wypleni\u0107 te wsp\u00f3\u0142czesne demony: l\u0119ki, wstyd, niepewno\u015b\u0107 i wszystko to, czego rzekomo w sobie nie lubimy \u2014 m\u00f3wi\u0142a.<\/p>\n<p>      <img decoding=\"async\" src=\"https:\/\/www.europesays.com\/pl\/wp-content\/uploads\/2026\/05\/FIak9lGaHR0cHM6Ly9vY2RuLmV1L3B1bHNjbXMvTURBXy9lZDMyNDE0Yy0wNzJhLTQxNGMtODUyZC01MmU0OTllZGM2MjUuanBlZ.jpeg\" height=\"627\" width=\"940\" alt=\"Dara\" loading=\"lazy\" class=\"ods-c-image__img ods-c-image__img--viewport-width\"\/> <\/p>\n<p>DaraPAP\/EPA\/HANNIBAL HANSCHKE<\/p>\n<blockquote class=\"ods-o-quote\">\n<p class=\"ods-o-quote__paragraph\">\u2014 Mo\u017cemy je po prostu przegoni\u0107, je\u015bli b\u0119dziemy Bangaranga \u2014 je\u015bli b\u0119dziemy odwa\u017cni i w stu procentach sob\u0105, bez przepraszania si\u0119 za to. Je\u015bli pozostaniemy wierni sobie i pos\u0142uchamy serca \u2014 doda\u0142a.<\/p>\n<\/blockquote>\n<p>Samo s\u0142owo &#8222;Bangarang&#8221; pochodzi z jamajskiego patois i oznacza chaos, zamieszanie lub bunt. W wersji bu\u0142garskiej \u2014 &#8222;Bangaranga&#8221; \u2014 staje si\u0119 symbolem silnej, zbuntowanej kobiety.<\/p>\n<p>Przed konkursem Bu\u0142garia nie nale\u017ca\u0142a do g\u0142\u00f3wnych faworyt\u00f3w. Jeszcze w pi\u0105tek w rankingach zajmowa\u0142a czwarte miejsce. Tymczasem w finale Dara zwyci\u0119\u017cy\u0142a zar\u00f3wno w g\u0142osowaniu jury, jak i widz\u00f3w.<\/p>\n<blockquote class=\"ods-o-quote\">\n<p class=\"ods-o-quote__paragraph\">\u2014 Jako ludzie mo\u017cemy zmienia\u0107 rzeczy si\u0142\u0105 my\u015bli. Wszystko jest mo\u017cliwe \u2014 podkre\u015bli\u0142a po og\u0142oszeniu wynik\u00f3w.<\/p>\n<\/blockquote>\n<p>Dara, a w\u0142a\u015bciwie Darina Votova, urodzi\u0142a si\u0119 w Warnie. W 2015 r. wzi\u0119\u0142a udzia\u0142 w bu\u0142garskiej edycji &#8222;The X Factor&#8221;, gdzie zaj\u0119\u0142a trzecie miejsce \u2014 mia\u0142a wtedy zaledwie 16 lat. Dzi\u015b jest jedn\u0105 z najwi\u0119kszych gwiazd pop w swoim kraju.<\/p>\n","protected":false},"excerpt":{"rendered":"Wygl\u0105da na to, \u017ce Dara d\u0142ugo \u015bwi\u0119towa\u0142a zwyci\u0119stwo za kulisami ze swoim zespo\u0142em \u2014 na w\u0142asnej konferencji prasowej&hellip;\n","protected":false},"author":2,"featured_media":434495,"comment_status":"","ping_status":"","sticky":false,"template":"","format":"standard","meta":{"footnotes":"","_share_on_mastodon":"0"},"categories":[5],"tags":[61195,32,33,305,552,36,37,27,34,35,1252,28,31,48,25,46,42,38,40,39,41,47,29,30,26],"class_list":["post-434494","post","type-post","status-publish","format-standard","has-post-thumbnail","category-naglowki","tag-bottomfeed_styl","tag-breaking-news","tag-breakingnews","tag-bulgaria","tag-eurowizja","tag-featured-news","tag-featurednews","tag-headlines","tag-latest-news","tag-latestnews","tag-muzyka","tag-naglowki","tag-najwazniejsze-artykuly","tag-nat_styl","tag-news","tag-omp","tag-pl","tag-poland","tag-polish","tag-polska","tag-polski","tag-screening_general","tag-top-stories","tag-topstories","tag-wiadomosci"],"share_on_mastodon":{"url":"https:\/\/pubeurope.com\/@pl\/116588430326526351","error":""},"_links":{"self":[{"href":"https:\/\/www.europesays.com\/pl\/wp-json\/wp\/v2\/posts\/434494","targetHints":{"allow":["GET"]}}],"collection":[{"href":"https:\/\/www.europesays.com\/pl\/wp-json\/wp\/v2\/posts"}],"about":[{"href":"https:\/\/www.europesays.com\/pl\/wp-json\/wp\/v2\/types\/post"}],"author":[{"embeddable":true,"href":"https:\/\/www.europesays.com\/pl\/wp-json\/wp\/v2\/users\/2"}],"replies":[{"embeddable":true,"href":"https:\/\/www.europesays.com\/pl\/wp-json\/wp\/v2\/comments?post=434494"}],"version-history":[{"count":0,"href":"https:\/\/www.europesays.com\/pl\/wp-json\/wp\/v2\/posts\/434494\/revisions"}],"wp:featuredmedia":[{"embeddable":true,"href":"https:\/\/www.europesays.com\/pl\/wp-json\/wp\/v2\/media\/434495"}],"wp:attachment":[{"href":"https:\/\/www.europesays.com\/pl\/wp-json\/wp\/v2\/media?parent=434494"}],"wp:term":[{"taxonomy":"category","embeddable":true,"href":"https:\/\/www.europesays.com\/pl\/wp-json\/wp\/v2\/categories?post=434494"},{"taxonomy":"post_tag","embeddable":true,"href":"https:\/\/www.europesays.com\/pl\/wp-json\/wp\/v2\/tags?post=434494"}],"curies":[{"name":"wp","href":"https:\/\/api.w.org\/{rel}","templated":true}]}}