{"id":434498,"date":"2026-05-17T06:15:07","date_gmt":"2026-05-17T06:15:07","guid":{"rendered":"https:\/\/www.europesays.com\/pl\/434498\/"},"modified":"2026-05-17T06:15:07","modified_gmt":"2026-05-17T06:15:07","slug":"kevin-malkiewicz-blysnal-10-punktami-ale-kosciecha-nie-ukrywal-wscieklosci","status":"publish","type":"post","link":"https:\/\/www.europesays.com\/pl\/434498\/","title":{"rendered":"Kevin Ma\u0142kiewicz b\u0142ysn\u0105\u0142 10 punktami, ale Ko\u015bciecha nie ukrywa\u0142 w\u015bciek\u0142o\u015bci"},"content":{"rendered":"<p>Po sze\u015bciu meczach sezonu 2026 dru\u017cyna z Grudzi\u0105dza ma na koncie a\u017c 9 punkt\u00f3w meczowych i tylko jedn\u0105 pora\u017ck\u0119. W czwartej kolejce &#8222;Go\u0142\u0119bie&#8221; przegra\u0142y w Toruniu z aktualnym dru\u017cynowym mistrzem Polski, zespo\u0142em Presu Toru\u0144.<\/p>\n<p> Dalszy ci\u0105g artyku\u0142u pod materia\u0142em wideo <\/p>\n<p>W pozosta\u0142ych spotkaniach GKM wygl\u0105da\u0142 bardzo dobrze, a w pi\u0105tek pokona\u0142 Krono-Plast W\u0142\u00f3kniarza Cz\u0119stochowa 56:34. Gospodarze bardzo d\u0142ugo nie potrafili jednak zbudowa\u0107 bezpiecznej przewagi. Wystarczy powiedzie\u0107, \u017ce po o\u015bmiu wy\u015bcigach prowadzili tylko 27:21, a &#8222;Lwy&#8221; mia\u0142y po swojej stronie a\u017c cztery indywidualne zwyci\u0119stwa.<\/p>\n<p>\u2014 By\u0142a nerw\u00f3wka, bo zawodnicy nie s\u0105 przyzwyczajeni do takiej nawierzchni. Wiadomo, \u017ce je\u015bli na torze jest plandeka, to zawsze gospodarze maj\u0105 gorzej. Taka sytuacja nie jest komfortowa, a przez te dwie pierwsze serie czu\u0142em pewien niepok\u00f3j. W dalszej cz\u0119\u015bci zawod\u00f3w znale\u017ali\u015bmy jednak dobre ustawienia i by\u0142o wszystko w porz\u0105dku \u2014 powiedzia\u0142 Robert Ko\u015bciecha w rozmowie z klubowymi mediami.<\/p>\n<p>     By\u0142 w\u015bciek\u0142y na juniora<\/p>\n<p>Swoj\u0105 przewag\u0119 GKM m\u00f3g\u0142 zacz\u0105\u0107 budowa\u0107 nieco wcze\u015bniej, ale na pocz\u0105tku spotkania zawodzi\u0142 Kevin Ma\u0142kiewicz. M\u0142odzie\u017cowiec w biegu juniorskim zjecha\u0142 z toru po niezbyt gro\u017anym starciu z Szymonem Ludwiczakiem, gestykuluj\u0105c w kierunku s\u0119dziego. Z kolei w drugim starcie pospieszy\u0142 si\u0119 z atakiem na Franciszka Karczewskiego, co mog\u0142o doprowadzi\u0107 do gro\u017anej kontuzji. W powt\u00f3rce zamiast podw\u00f3jnego zwyci\u0119stwa Grudzi\u0105dzan by\u0142 remis.<\/p>\n<p>\u2014 Niekt\u00f3rzy zawodnicy niech si\u0119 zastanowi\u0105 nad swoj\u0105 jazd\u0105. Po raz kolejny jeden \u017cu\u017clowiec jest troch\u0119 za bardzo impulsywny na torze, nie w ten spos\u00f3b, w jaki powinien \u2014 skwitowa\u0142 kr\u00f3tko Ko\u015bciecha. P\u00f3\u017aniej m\u00f3wi\u0142 ju\u017c nieco spokojniej. \u2014 Znowu juniorzy pokazali si\u0119 z bardzo dobrej strony, a bez nich nie ma wyniku sportowego.<\/p>\n<p>W dalszej fazie zawod\u00f3w Ma\u0142kiewicz wygl\u0105da\u0142 znakomicie, wygrywaj\u0105c trzy kolejne gonitwy. Tym samym 18-latek sw\u00f3j najlepszy mecz w sezonie, ko\u0144cz\u0105c go z dorobkiem dziesi\u0119ciu punkt\u00f3w. R\u00f3wnie dobrze wygl\u0105da\u0142 Bastian Pedersen, drugi z m\u0142odzie\u017cowc\u00f3w, kt\u00f3ry zako\u0144czy\u0142 spotkanie z wynikiem 8+2.<\/p>\n","protected":false},"excerpt":{"rendered":"Po sze\u015bciu meczach sezonu 2026 dru\u017cyna z Grudzi\u0105dza ma na koncie a\u017c 9 punkt\u00f3w meczowych i tylko jedn\u0105&hellip;\n","protected":false},"author":2,"featured_media":434499,"comment_status":"","ping_status":"","sticky":false,"template":"","format":"standard","meta":{"footnotes":"","_share_on_mastodon":"0"},"categories":[52122],"tags":[21176,61195,173,3476,48,46,175,6010,752,42,38,40,39,41,22030,47,882,174],"class_list":["post-434498","post","type-post","status-publish","format-standard","has-post-thumbnail","category-pko-bank-polski","tag-bastian_pedersen","tag-bottomfeed_styl","tag-ekstraliga","tag-gkm_grudziadz","tag-nat_styl","tag-omp","tag-pge_ekstraliga","tag-pko-bank-polski","tag-pko-bp","tag-pl","tag-poland","tag-polish","tag-polska","tag-polski","tag-robert_kosciecha","tag-screening_general","tag-speedway","tag-zuzel"],"share_on_mastodon":{"url":"https:\/\/pubeurope.com\/@pl\/116588453777798103","error":""},"_links":{"self":[{"href":"https:\/\/www.europesays.com\/pl\/wp-json\/wp\/v2\/posts\/434498","targetHints":{"allow":["GET"]}}],"collection":[{"href":"https:\/\/www.europesays.com\/pl\/wp-json\/wp\/v2\/posts"}],"about":[{"href":"https:\/\/www.europesays.com\/pl\/wp-json\/wp\/v2\/types\/post"}],"author":[{"embeddable":true,"href":"https:\/\/www.europesays.com\/pl\/wp-json\/wp\/v2\/users\/2"}],"replies":[{"embeddable":true,"href":"https:\/\/www.europesays.com\/pl\/wp-json\/wp\/v2\/comments?post=434498"}],"version-history":[{"count":0,"href":"https:\/\/www.europesays.com\/pl\/wp-json\/wp\/v2\/posts\/434498\/revisions"}],"wp:featuredmedia":[{"embeddable":true,"href":"https:\/\/www.europesays.com\/pl\/wp-json\/wp\/v2\/media\/434499"}],"wp:attachment":[{"href":"https:\/\/www.europesays.com\/pl\/wp-json\/wp\/v2\/media?parent=434498"}],"wp:term":[{"taxonomy":"category","embeddable":true,"href":"https:\/\/www.europesays.com\/pl\/wp-json\/wp\/v2\/categories?post=434498"},{"taxonomy":"post_tag","embeddable":true,"href":"https:\/\/www.europesays.com\/pl\/wp-json\/wp\/v2\/tags?post=434498"}],"curies":[{"name":"wp","href":"https:\/\/api.w.org\/{rel}","templated":true}]}}