{"id":434521,"date":"2026-05-17T06:35:14","date_gmt":"2026-05-17T06:35:14","guid":{"rendered":"https:\/\/www.europesays.com\/pl\/434521\/"},"modified":"2026-05-17T06:35:14","modified_gmt":"2026-05-17T06:35:14","slug":"cezary-tomaszewski-uslyszalem-ze-norberta-juz-nie-ma-tuz-przed-premiera","status":"publish","type":"post","link":"https:\/\/www.europesays.com\/pl\/434521\/","title":{"rendered":"Cezary Tomaszewski: Us\u0142ysza\u0142em, \u017ce Norberta ju\u017c nie ma. Tu\u017c przed premier\u0105"},"content":{"rendered":"<p>Przypominamy wywiad w przypadaj\u0105cym 17 maja Mi\u0119dzynarodowym Dniu Walki z Homofobi\u0105, Bifobi\u0105 i Transfobi\u0105. Rozmowa zosta\u0142a przeprowadzona i publikowana na \u0142amach Onetu we wrze\u015bniu 2025 r.<\/p>\n<p>Spotykamy si\u0119 w Teatrze Studio w Warszawie. Premier\u0119 mia\u0142 tu spektakl &#8222;U mnie wszystko w porz\u0105dku&#8221; wed\u0142ug scenariusza Norberta Bajana, wystawiony wcze\u015bniej przez niego w sto\u0142ecznym Resorcie Komedii. Cezary Tomaszewski odtwarza scenariusz po \u015bmierci Bajana.<\/p>\n<p>Cezary Tomaszewski*: Fajnie, Dawid, \u017ce chcia\u0142e\u015b pogada\u0107.<\/p>\n<p>Dawid Dudko: Ludzie nie chc\u0105 gada\u0107?<\/p>\n<p>Wi\u0119kszo\u015b\u0107 ludzi nie chce s\u0142ucha\u0107 o samob\u00f3jstwie, o tym, \u017ce kto\u015b sobie nie radzi sam ze sob\u0105. Na ten temat w Polsce si\u0119 nie rozmawia. Ludzie nie potrafi\u0105 odnale\u017a\u0107 si\u0119 w tej sytuacji, chyba parali\u017cuje ich poczucie odpowiedzialno\u015bci.<\/p>\n<p>A jak si\u0119 odnale\u017a\u0107 w \u017ca\u0142obie, Cezary?<\/p>\n<p>Wiesz, my\u015bl\u0119, \u017ce b\u0119d\u0119 w \u017ca\u0142obie do ko\u0144ca \u017cycia. Mo\u017ce to troch\u0119 tak, jakbym zosta\u0142 zamkni\u0119ty w trumnie. I najpierw krzycza\u0142em, a\u017c dosz\u0142o do mnie, \u017ce przecie\u017c krzyk spowoduje szybki koniec tlenu. Wi\u0119c teraz tak sobie spokojnie oddycham i urz\u0105dzam si\u0119 w tej trumnie. W stylu rokoko.<\/p>\n<p>Ale i bez krzyku w trumnie w ko\u0144cu brakuje powietrza. Trzeba z niej wyj\u015b\u0107, \u017ceby prze\u017cy\u0107. <\/p>\n<p>Pewnie masz racj\u0119. Nie wiem, mo\u017ce ten spektakl [&#8222;U mnie wszystko w porz\u0105dku&#8221; \u2014 przyp.], b\u0119d\u0105cy jak\u0105\u015b form\u0105 utrwalenia pami\u0119ci o Norbercie i o jego dzia\u0142alno\u015bci artystycznej, jest kolejnym etapem mojego wychodzenia z \u017ca\u0142oby. Powolnego. D\u0142u\u017cszego ni\u017c p\u00f3\u0142tora roku, kt\u00f3re min\u0119\u0142o od jego \u015bmierci.<\/p>\n<p> <img decoding=\"async\" src=\"https:\/\/www.europesays.com\/pl\/wp-content\/uploads\/2026\/05\/NaQk9lBaHR0cHM6Ly9vY2RuLmV1L3B1bHNjbXMvTURBXy8yZGM5ZGVkMzljOWVkNWY1YzZkNDU0ZDk3NmM2NTA5MC5qcGeRlQLNB.jpeg\" height=\"627\" width=\"940\" alt=\"Norbert Bajan, zdj\u0119cie ze spektaklu &quot;U mnie wszystko w porz\u0105dku&quot; (mat. promocyjne Teatru Studio)\" loading=\"lazy\" class=\"ods-c-image__img ods-c-image__img--viewport-width\"\/> <\/p>\n<p>Norbert Bajan, zdj\u0119cie ze spektaklu &#8222;U mnie wszystko w porz\u0105dku&#8221; (mat. promocyjne Teatru Studio)Natalia Kabanow \/ mat. prasowe<\/p>\n<p>Jest wiosna 2024, tu\u017c przed premier\u0105 twojego poprzedniego spektaklu w Teatrze Studio, musicalu &#8222;Serce ze szk\u0142a&#8221; z udzia\u0142em Jana i Marii Peszk\u00f3w [koprodukcja z krakowskim Teatrem S\u0142owackiego, gdzie r\u00f3wnie\u017c mo\u017cna ogl\u0105da\u0107 przedstawienie]. Dostajesz telefon?<\/p>\n<p>W trakcie pr\u00f3by dostaj\u0119 telefon od siostry Norberta, s\u0142ysz\u0119, \u017ce Norberta ju\u017c nie ma\u2026 To co\u015b kompletnie nierealnego. Jakby kto\u015b ci nagle pr\u00f3bowa\u0142 wm\u00f3wi\u0107, \u017ce Pa\u0142ac Kultury, w kt\u00f3rym teraz siedzimy, stoi do g\u00f3ry nogami. Koszmar bez \u017cadnej skali. Wiele pyta\u0144 sobie zadawa\u0142em, Dawid. Zastanawia\u0142em si\u0119 na przyk\u0142ad, jak bardzo chory, nadwyr\u0119\u017cony trzeba mie\u0107 naturalny instynkt samozachowawczy, \u017ceby powiedzie\u0107 sobie: chc\u0119 to \u017cycie zako\u0144czy\u0107.<\/p>\n<p>Jak umar\u0142 Norbert?<\/p>\n<p>Nie m\u00f3wmy o szczeg\u00f3\u0142ach. Nie czuj\u0119 si\u0119 do tego upowa\u017cniony, kiedy ta sytuacja dotyczy r\u00f3wnie\u017c rodziny Norberta. Poza tym specjali\u015bci podkre\u015blaj\u0105, \u017ce zasadniczym problemem w nag\u0142a\u015bnianiu samob\u00f3jstw jest to, by nie dawa\u0107 potencjalnym samob\u00f3jcom wskaz\u00f3wek. Norbert szuka\u0142 ich w internecie, odkryli\u015bmy to po jego \u015bmierci. Tak jak wiadomo\u015b\u0107, \u017ceby\u015bmy nie obwiniali siebie ani jego. Bo cz\u0119sto jest tak, \u017ce obwiniamy osoby, kt\u00f3re pope\u0142niaj\u0105 samob\u00f3jstwo, a oni my\u015bl\u0105, \u017ce w ten spos\u00f3b wyzwol\u0105 nas od swoich problem\u00f3w.<\/p>\n<p>Norbert roz\u015bmiesza\u0142 ludzi. Na nagraniach, kt\u00f3re ci\u0105gle s\u0105 w sieci, zawsze si\u0119 u\u015bmiecha.<\/p>\n<p>Norberta nie da\u0142o si\u0119 nie lubi\u0107. Wszyscy go uwielbiali. By\u0142em zach\u0142y\u015bni\u0119ty t\u0105 jego naturaln\u0105, organiczn\u0105 wspania\u0142o\u015bci\u0105. Jednocze\u015bnie dopiero teraz, w jego tek\u015bcie, kt\u00f3ry wystawiam na scenie, widz\u0119 demony, z jakimi si\u0119 zmaga\u0142 \u2014 ca\u0142kowit\u0105 nienawi\u015b\u0107 do siebie, kompletny brak wiary w swoje si\u0142y i mo\u017cliwo\u015bci. Widz\u0119 ca\u0142e to poczucie beznadziejno\u015bci, bezradno\u015bci i psychicznego b\u00f3lu.<\/p>\n<p>Jego piosenki mia\u0142y to ukry\u0107, odwr\u00f3ci\u0107 uwag\u0119?<\/p>\n<p>Jego, ale te\u017c Taylor Swift, nie zapominaj!<\/p>\n<p>No tak, uwielbiana Swift. <\/p>\n<p>Zast\u0105pi\u0142em go na jej koncercie w Warszawie, teraz zast\u0119puj\u0119 na scenie\u2026 W swoich piosenkach \u015bpiewa\u0142, \u017ce nigdy nie mo\u017cesz pokaza\u0107 swojej prawdziwej twarzy. To te\u017c by\u0142 jaki\u015b niepokoj\u0105cy sygna\u0142, kt\u00f3ry tak naprawd\u0119 dotar\u0142 do mnie dopiero po jego \u015bmierci. Norbert wywo\u0142ywa\u0142 u ludzi \u015bmiech tym, co tak naprawd\u0119 by\u0142o przejawem jego rozpaczy.<\/p>\n<p>Zobaczy\u0142e\u015b t\u0119 rozpacz. Mo\u017ce nie ze wszystkimi szczeg\u00f3\u0142ami, ale j\u0105 dostrzeg\u0142e\u015b. <\/p>\n<p>Nie dociera\u0142o do niego nic dobrego, co o nim m\u00f3wi\u0142em. Nie wierzy\u0142 w nic pozytywnego na sw\u00f3j temat. W dodatku odkry\u0142em w nim absurdalne poczucie winy. M\u00f3wi\u0142, \u017ce w wieku 31 lat nic nie osi\u0105gn\u0105\u0142, pokazuj\u0105c na jakiego\u015b m\u0142odszego, s\u0142awnego stand-upera, co oczywi\u015bcie by\u0142o ca\u0142kowit\u0105 nieprawd\u0105.<\/p>\n<p>Dalej by\u0142o tylko trudniej? <\/p>\n<p>Ta choroba bardzo szybko si\u0119 rozwija\u0142a. Zmienia\u0142o si\u0119 z dnia na dzie\u0144. Norbert zacz\u0105\u0142 odsuwa\u0107 od siebie bliskich, nagle urywa\u0142 kontakty, izolowa\u0142 si\u0119, coraz gorzej spa\u0142. Nasili\u0142o si\u0119 zim\u0105. Powiedzia\u0142 mi wtedy, \u017ce \u015bwiadomo\u015b\u0107, \u017ce w takim okresie wszyscy si\u0119 gorzej czujemy, wcale mu nie pomaga.<\/p>\n<p>To jedno z najcz\u0119\u015bciej powtarzanych zda\u0144 wobec os\u00f3b w kryzysie psychicznym. A zamiast tego, jak przypominacie w spektaklu, mo\u017cna zapyta\u0107: czy jest co\u015b, co mog\u0119 zrobi\u0107, \u017ceby\u015b poczu\u0142 lub poczu\u0142a si\u0119 lepiej. <\/p>\n<p>W szkole uczymy si\u0119, jak pom\u00f3c prze\u017cy\u0107 drugiej osobie, kiedy ma problemy z oddychaniem. Ale nikt nam nie pokazuje, jak wesprze\u0107 drugiego cz\u0142owieka, gdy przestaje radzi\u0107 sobie z rzeczywisto\u015bci\u0105 czy samym sob\u0105. Przypomina mi si\u0119 metafora pe\u0142nej szklanki, kt\u00f3r\u0105 mo\u017ce przela\u0107 jedna kropla.<\/p>\n<p>Ci\u0105gle wstydzimy si\u0119 swoich problem\u00f3w psychicznych, obawiamy si\u0119 utraty zaufania ze strony otoczenia, wiary innych w nasze mo\u017cliwo\u015bci. M\u00f3wi\u0119 to r\u00f3wnie\u017c na podstawie w\u0142asnych do\u015bwiadcze\u0144. <\/p>\n<p>Norbert te\u017c si\u0119 wstydzi\u0142, st\u0105d to jego udawanie i zak\u0142adanie kolejnych masek. Ale i one w ko\u0144cu spada\u0142y. Pami\u0119tam, gdy pewnego dnia wr\u00f3ci\u0142em do domu i w pierwszej chwili go nie pozna\u0142em. By\u0142 w jakiej\u015b totalnej zapa\u015bci. Pomy\u015bla\u0142em: przecie\u017c to ci\u0105gle m\u00f3j ukochany facet, najbli\u017csza mi osoba. Szukali\u015bmy pomocy w klinice psychiatrycznej, a p\u00f3\u017aniej w lekach, kt\u00f3re rzuca\u0142, by zaraz znowu do nich wr\u00f3ci\u0107 albo zmieni\u0107 na inne.<\/p>\n<p> Dalszy ci\u0105g artyku\u0142u pod materia\u0142em wideo <\/p>\n<p>Masz \u017cal do lekarza, kt\u00f3ry go prowadzi\u0142?<\/p>\n<p>Mam du\u017cy \u017cal. Bo kiedy lekarz psychiatra m\u00f3wi ci, \u017ce sytuacja jest opanowana, to mu wierzysz. A p\u00f3\u017aniej ten sam lekarz jest zaskoczony, \u017ce jego pacjent odebra\u0142 sobie \u017cycie. Nie chc\u0119 generalizowa\u0107, na pewno jest mn\u00f3stwo \u015bwietnych specjalist\u00f3w. My\u015bl\u0119, \u017ce w trudnej sytuacji najlepiej konsultowa\u0107 si\u0119 z r\u00f3\u017cnymi. Tylko dlaczego dost\u0119p do nich jest w naszym kraju wielkim luksusem?<\/p>\n<p>W waszym przypadku to 700 z\u0142 za wizyt\u0119. Wymieniasz t\u0119 bardzo wysok\u0105 kwot\u0119 w spektaklu.<\/p>\n<p>Byli\u015bmy w absolutnie uprzywilejowanej sytuacji, otoczeni \u015bwiadomymi, empatycznymi, uwa\u017cnymi na drugiego cz\u0142owieka bliskimi osobami. Z zapleczem finansowym, kt\u00f3re pozwala\u0142o na ekskluzywny gabinet lekarski. A mimo to i tak nie uda\u0142o nam si\u0119 uratowa\u0107 Norberta. Z drugiej strony, trudno ratuje si\u0119 kogo\u015b, od kogo s\u0142yszysz: przecie\u017c powiem lekarzowi, co b\u0119dzie chcia\u0142 us\u0142ysze\u0107. Przypominam sobie te s\u0142owa, kiedy pr\u00f3buj\u0119 jako\u015b upora\u0107 si\u0119 z w\u0142asnym poczuciem winy.<\/p>\n<p>Partnerzy lub partnerki obwiniaj\u0105 si\u0119 o kryzys psychiczny osoby, z kt\u00f3r\u0105 s\u0105, wi\u0119c tamci staraj\u0105 si\u0119 to ukry\u0107. Robi si\u0119 z tego zamkni\u0119te ko\u0142o. <\/p>\n<p>To te\u017c nie tak, \u017ce nie ma znak\u00f3w, jest ich wiele, tylko w codziennym biegu jeste\u015bmy g\u0142usi na r\u00f3\u017cne rzeczy. Nie traktujemy powa\u017cnie s\u0142\u00f3w drugiej osoby, gdy ta gdzie\u015b mimochodem, mo\u017ce nawet z u\u015bmiechem, niby w ramach \u017cartu, rzuci, \u017ce mo\u017ce lepiej, \u017ceby jej nie by\u0142o na tym \u015bwiecie.<\/p>\n<p>Podkre\u015blasz, \u017ce tragedia os\u00f3b, kt\u00f3re odbieraj\u0105 sobie \u017cycia, nie jest prywatn\u0105 spraw\u0105. <\/p>\n<p>Robienie z tego prywatnej sprawy jest wygodne dla polityk\u00f3w, kt\u00f3rzy pozostawiaj\u0105 ludzi samych sobie z ich tragediami. Tymczasem wi\u0119cej ludzi traci \u017cycie w wyniku samob\u00f3jstwa ni\u017c w wypadkach drogowych. Z t\u0105 r\u00f3\u017cnic\u0105, \u017ce o tych pierwszych zwykle si\u0119 milczy, a nieraz trzyma ich \u015bmier\u0107 w tajemnicy.<\/p>\n<p> <img decoding=\"async\" src=\"https:\/\/www.europesays.com\/pl\/wp-content\/uploads\/2026\/05\/Zmuk9lBaHR0cHM6Ly9vY2RuLmV1L3B1bHNjbXMvTURBXy9lMzA0YTE3M2I3YjM4ZGQ1M2YxZjMwMmM5MzAxZDBlNS5qcGeRlQLNB.jpeg\" height=\"627\" width=\"940\" alt=\"Cezary Tomaszewski w spektaklu &quot;U mnie wszystko w porz\u0105dku&quot; w Teatrze Studio\" loading=\"lazy\" class=\"ods-c-image__img ods-c-image__img--viewport-width\"\/> <\/p>\n<p>Cezary Tomaszewski w spektaklu &#8222;U mnie wszystko w porz\u0105dku&#8221; w Teatrze StudioNatalia Kabanow \/ mat. prasowe<\/p>\n<p>Statystyki, cho\u0107 wci\u0105\u017c bardzo niepokoj\u0105ce, pierwszy raz od lat spad\u0142y. <\/p>\n<p>Jednak ci\u0105gle s\u0105 zani\u017cane. W akcie zgonu nie zawsze pojawia si\u0119 samob\u00f3jstwo, nawet je\u015bli w istocie nim jest. O wielu samob\u00f3jstwach nigdy si\u0119 nie dowiadujemy, czy to na pro\u015bb\u0119 rodziny, czy dlatego, \u017ce tak po prostu wszystkim jest wygodniej.<\/p>\n<p>Jeste\u015b bardzo racjonalny w tej naszej rozmowie. <\/p>\n<p>To nie tak, \u017ce si\u0119 nie rozpad\u0142em, Dawid. P\u0142aka\u0142em w najdziwniejszych, nieprzewidywalnych momentach. Ca\u0142e moje cia\u0142o si\u0119 dar\u0142o i nie mo\u017cna by\u0142o go opanowa\u0107. Pomog\u0142y terapia i leki. Na pewien czas wyci\u0119\u0142y mnie z rzeczywisto\u015bci. A\u017c zrozumia\u0142em \u2014 tak, teraz b\u0119dzie patetycznie \u2014 czym naprawd\u0119 s\u0105 \u015bmier\u0107 i \u017cycie. Zacz\u0105\u0142em dostrzega\u0107 luksus \u017cycia i cieszy\u0107 si\u0119 ca\u0142\u0105 jego banalno\u015bci\u0105. Mimo \u017ce oczywi\u015bcie nadal s\u0105 dni, kiedy emocje bior\u0105 g\u00f3r\u0119.<\/p>\n<p>Ja z kolei staram si\u0119 trzyma\u0107 dzi\u015b swoje emocje na wodzy, \u017ceby dodatkowo nie obci\u0105\u017cy\u0107 ci\u0119 swoimi \u0142zami.<\/p>\n<p>To mi\u0142e i kochane, ale nie obci\u0105\u017cysz mnie swoim wzruszeniem, w\u0142asn\u0105 histori\u0105 \u017ca\u0142oby albo kryzysu psychicznego. My\u015bl\u0119, \u017ce na tym polega wspania\u0142o\u015b\u0107 teatru, \u017ce mo\u017cemy si\u0119 w tym wszystkim spotka\u0107 razem, poby\u0107 ze sob\u0105 i wesprze\u0107. To wcale nie musi oznacza\u0107 wsp\u00f3lnego zapadania si\u0119 w traumie.<\/p>\n<p>Podczas wczytywania si\u0119 w scenariusz Norberta, dr\u017cy ci g\u0142os, czasem przerywasz, zaczynasz od pocz\u0105tku, ale nie p\u0142aczesz.<\/p>\n<p>W pewnym momencie leki zablokowa\u0142y mi nawet \u0142zy. Na scenie tylko raz by\u0142em bliski p\u0142aczu.<\/p>\n<p>Co to za moment?<\/p>\n<p>Ten kiedy w bardzo precyzyjnych didaskaliach Norbeta czytam: &#8222;\u015apiewam sobie to tak niby pod noskiem&#8221;. To jego &#8222;pod noskiem&#8221; kompletnie mnie rozwala. Ale mobilizuj\u0119 si\u0119 na scenie. Czuj\u0119 odpowiedzialno\u015b\u0107 za ludzi, kt\u00f3rzy przyszli tego wys\u0142ucha\u0107.<\/p>\n<p>      <img decoding=\"async\" src=\"https:\/\/www.europesays.com\/pl\/wp-content\/uploads\/2026\/05\/cabk9lCaHR0cHM6Ly9vY2RuLmV1L3B1bHNjbXMvTURBXy83NWNiMTg2NWEzMDdmNWM2ZjkyN2U0NWEyNWI1YWYzMy5qcGVnkZUCz.jpeg\" height=\"800\" width=\"600\" alt=\"Dawid Dudko i Cezary Tomaszewski podczas wywiadu dla Onetu\" loading=\"lazy\" class=\"ods-c-image__img ods-c-image__img--vertical\"\/> <\/p>\n<p>Dawid Dudko i Cezary Tomaszewski podczas wywiadu dla Onetumat. prasowe<\/p>\n<p>Kto\u015b mnie zapyta\u0142, czy tw\u00f3j spektakl jest wyrazem ho\u0142du czy \u017ca\u0142oby. <\/p>\n<p>I co odpowiedzia\u0142e\u015b?<\/p>\n<p>\u017be to przedstawienie jest zachowaniem pami\u0119ci o ukochanej osobie. Takim, kt\u00f3re stawia wykonawcy ci\u0105g\u0142y op\u00f3r, a Cezary Tomaszewski nie tylko tego oporu od pocz\u0105tku nie ukrywa, ale czyni go najbardziej wstrz\u0105saj\u0105cym elementem spektaklu. <\/p>\n<p>Dzi\u0119kuj\u0119 ci za twoje s\u0142owa. Monika Obara [aktorka Teatru Studio, kt\u00f3ra w spektaklu Cezarego Tomaszewskiego odgrywa rol\u0119 suicydolo\u017cki \u2014 specjalistki od badania i zapobiegania samob\u00f3jstwom \u2014 oraz prezentuje eksperckie badania z zakresu przeciwdzia\u0142ania samob\u00f3jstwom i pomocy osobom w kryzysie psychicznym] m\u00f3wi\u0142a, \u017ce ona w mojej sytuacji od razu pr\u00f3bowa\u0142aby co\u015b gra\u0107. Dlatego my\u015bl\u0119, \u017ce op\u00f3r, o kt\u00f3rym wspominasz, jest r\u00f3wnie\u017c wynikiem tego, \u017ce nie jestem aktorem. Mam nadziej\u0119, \u017ce tym spektaklem, w du\u017cym stopniu dzi\u0119ki zaanga\u017cowaniu Halszki Witkowskiej [ekspertki Biura ds. Zapobiegania Zachowaniom Samob\u00f3jczym przy Instytucie Psychiatrii i Neurologii w Warszawie], niesiemy wiedz\u0119, kt\u00f3rej jeste\u015bmy systemowo pozbawiani.<\/p>\n<p>Z politycznych powod\u00f3w?<\/p>\n<p>Politycznie wszystkim jest na r\u0119k\u0119 przedstawianie problemu samob\u00f3jstw jako prywatnej sprawy, a to wielkie k\u0142amstwo. Samob\u00f3jstwo nie jest spraw\u0105 prywatn\u0105. Niewydolny system opieki psychiatrycznej to publiczny problem, patologia naszego kraju, kt\u00f3r\u0105 pr\u00f3buje si\u0119 ukrywa\u0107.<\/p>\n<p>Patrz\u0119 na twoje w\u0142osy, Cezary. <\/p>\n<p>Przefarbowa\u0142em je, \u017ceby by\u0107 troch\u0119 Norbertem, ale sam widzisz, \u017ce mam ju\u017c straszne odrosty.<\/p>\n<p> <img decoding=\"async\" src=\"https:\/\/www.europesays.com\/pl\/wp-content\/uploads\/2026\/05\/RvHk9lBaHR0cHM6Ly9vY2RuLmV1L3B1bHNjbXMvTURBXy8xOWJlZjgxOTYxMjA3Mzc2YTcyZjJjMzM3MjA3ZTgwNy5qcGeRlQLNB.jpeg\" height=\"627\" width=\"940\" alt=\"&quot;U mnie wszystko w porz\u0105dku&quot;, re\u017c. Cezary Tomaszewski, Teatr Studio w Warszawie\" loading=\"lazy\" class=\"ods-c-image__img ods-c-image__img--viewport-width\"\/> <\/p>\n<p>&#8222;U mnie wszystko w porz\u0105dku&#8221;, re\u017c. Cezary Tomaszewski, Teatr Studio w WarszawieNatalia Kabanow \/ mat. prasowe<\/p>\n<p>D\u0142ugo b\u0119dziesz je farbowa\u0142?<\/p>\n<p>Na razie podobaj\u0105 mi si\u0119 te blond w\u0142osy, troch\u0119 moje, troch\u0119 Norberta. Ale powiem ci, Dawid, \u017ce w pewnym momencie ta ch\u0119\u0107 uwiecznienia jego przybra\u0142a charakter totalnej neurozy. Na przyk\u0142ad chcia\u0142em go sobie wytatuowa\u0107 w wielu miejscach, mia\u0142em ju\u017c wszystko przygotowane. W ostatniej chwili si\u0119 powstrzyma\u0142em. Dzi\u015b nie my\u015bl\u0119, \u017ce taki tatua\u017c to dobry pomys\u0142.<\/p>\n<p>To co chcia\u0142by\u015b, \u017ceby zosta\u0142o ci po Norbercie?<\/p>\n<p>Chcia\u0142bym, \u017ceby mojej pami\u0119ci o naszym wsp\u00f3lnym \u017cyciu nie przykry\u0142a ta tragedia. To trudne. No i my\u015bl\u0119, \u017ce ten spektakl, kt\u00f3ry dzi\u015b gram w imieniu Norberta, pewnie by go rozbawi\u0142. A \u017cal? Nie mo\u017cna mie\u0107 \u017calu wobec choroby. Norbert by\u0142 chory. I to choroba mi go zabra\u0142a.<\/p>\n<p>***<\/p>\n<p>*Cezary Tomaszewski to jeden z czo\u0142owych wsp\u00f3\u0142czesnych re\u017cyser\u00f3w teatralnych, choreograf i performer, za prac\u0119 artystyczn\u0105 nominowany do Paszport\u00f3w &#8222;Polityki&#8221;. Stworzony przez niego, prezentowany w r\u00f3\u017cnych cz\u0119\u015bciach \u015bwiata autobiograficzny spektakl &#8222;Cezary idzie na wojn\u0119&#8221;, kt\u00f3ry trafi\u0142 do Teatru Telewizji TVP (obecnie dost\u0119pny za darmo w serwisie VOD TVP), zosta\u0142 nagrodzony przez mi\u0119dzynarodowe jury festiwalu Boska Komedia. Jego przedstawienia mo\u017cna ogl\u0105da\u0107 m.in. w Teatrze S\u0142owackiego w Krakowie, Teatrze Polskim w Bielsku-Bia\u0142ej, Komunie Warszawa, wroc\u0142awskim Teatrze Capitol czy wspominanym w powy\u017cszej rozmowie sto\u0142ecznym Teatrze Studio.<\/p>\n<p>***<\/p>\n<p>Je\u017celi ty lub kto\u015b z twoich bliskich do\u015bwiadcza niepokoj\u0105cych objaw\u00f3w, nie zwlekaj z szukaniem pomocy. Je\u017celi nie masz mo\u017cliwo\u015bci skorzystania z pomocy psychiatry lub psychoterapeuty, mo\u017cesz skorzysta\u0107 z telefonu zaufania: <\/p>\n<ul class=\"ods-m-bullet-list\">\n<li class=\"ods-a-bullet ods-a-bullet--normal\"> Bezp\u0142atny telefon dla doros\u0142ych, kt\u00f3rzy do\u015bwiadczaj\u0105 kryzysu: 116 123  <\/li>\n<li class=\"ods-a-bullet ods-a-bullet--normal\"> Antydepresyjny telefon zaufania Fundacji Itaka: 22 484 88 01  <\/li>\n<li class=\"ods-a-bullet ods-a-bullet--normal\"> Antydepresyjny Telefon Forum Przeciwko Depresji: 22 594 91 00  <\/li>\n<li class=\"ods-a-bullet ods-a-bullet--normal\"> W Polsce dzia\u0142aj\u0105 r\u00f3wnie\u017c\u00a0O\u015brodki Interwencji Kryzysowej, w kt\u00f3rych pomoc udzielana jest nieodp\u0142atnie. Adresy i lokalizacje znajdziemy pod adresem www.oik.org.pl <\/li>\n<\/ul>\n","protected":false},"excerpt":{"rendered":"Przypominamy wywiad w przypadaj\u0105cym 17 maja Mi\u0119dzynarodowym Dniu Walki z Homofobi\u0105, Bifobi\u0105 i Transfobi\u0105. Rozmowa zosta\u0142a przeprowadzona i&hellip;\n","protected":false},"author":2,"featured_media":434522,"comment_status":"","ping_status":"","sticky":false,"template":"","format":"standard","meta":{"footnotes":"","_share_on_mastodon":"0"},"categories":[22],"tags":[61195,81941,7345,122,54368,6330,39701,48,81942,46,42,38,40,39,41,123,361,47,800,28405,47739],"class_list":["post-434521","post","type-post","status-publish","format-standard","has-post-thumbnail","category-rozrywka","tag-bottomfeed_styl","tag-cezary_tomaszewski","tag-depresja","tag-entertainment","tag-kryzys_psychiczny","tag-lgbt","tag-najnowsze_wiadomosci","tag-nat_styl","tag-norbert_bajan","tag-omp","tag-pl","tag-poland","tag-polish","tag-polska","tag-polski","tag-rozrywka","tag-samobojstwo","tag-screening_general","tag-teatr","tag-teatr_im_slowackiego","tag-teatr_studio"],"share_on_mastodon":{"url":"https:\/\/pubeurope.com\/@pl\/116588532621642304","error":""},"_links":{"self":[{"href":"https:\/\/www.europesays.com\/pl\/wp-json\/wp\/v2\/posts\/434521","targetHints":{"allow":["GET"]}}],"collection":[{"href":"https:\/\/www.europesays.com\/pl\/wp-json\/wp\/v2\/posts"}],"about":[{"href":"https:\/\/www.europesays.com\/pl\/wp-json\/wp\/v2\/types\/post"}],"author":[{"embeddable":true,"href":"https:\/\/www.europesays.com\/pl\/wp-json\/wp\/v2\/users\/2"}],"replies":[{"embeddable":true,"href":"https:\/\/www.europesays.com\/pl\/wp-json\/wp\/v2\/comments?post=434521"}],"version-history":[{"count":0,"href":"https:\/\/www.europesays.com\/pl\/wp-json\/wp\/v2\/posts\/434521\/revisions"}],"wp:featuredmedia":[{"embeddable":true,"href":"https:\/\/www.europesays.com\/pl\/wp-json\/wp\/v2\/media\/434522"}],"wp:attachment":[{"href":"https:\/\/www.europesays.com\/pl\/wp-json\/wp\/v2\/media?parent=434521"}],"wp:term":[{"taxonomy":"category","embeddable":true,"href":"https:\/\/www.europesays.com\/pl\/wp-json\/wp\/v2\/categories?post=434521"},{"taxonomy":"post_tag","embeddable":true,"href":"https:\/\/www.europesays.com\/pl\/wp-json\/wp\/v2\/tags?post=434521"}],"curies":[{"name":"wp","href":"https:\/\/api.w.org\/{rel}","templated":true}]}}