{"id":434559,"date":"2026-05-17T07:08:07","date_gmt":"2026-05-17T07:08:07","guid":{"rendered":"https:\/\/www.europesays.com\/pl\/434559\/"},"modified":"2026-05-17T07:08:07","modified_gmt":"2026-05-17T07:08:07","slug":"alicja-szemplinska-zabrala-glos-po-finale-eurowizji-mamy-legendarny-wynik","status":"publish","type":"post","link":"https:\/\/www.europesays.com\/pl\/434559\/","title":{"rendered":"Alicja Szempli\u0144ska zabra\u0142a g\u0142os po finale Eurowizji. &#8222;Mamy legendarny wynik&#8221;"},"content":{"rendered":"<p>Jubileuszowy, 70. Konkurs Piosenki Eurowizji przyni\u00f3s\u0142 histriyczne zwyci\u0119stwo reprezentantki Bu\u0142garii. <a href=\"https:\/\/plejada.pl\/newsy\/bulgaria-z-piosenka-bangaranga-wygrala-eurowizje-2026-kim-jest-dara\/yg9ekfj\" id=\"66a36509-a0e2-4b9d-90ac-a33bcde2763a\" rel=\"nofollow noopener\" target=\"_blank\">Dara z piosenk\u0105 &#8222;Bangaranga&#8221;<\/a> podbi\u0142a serca widz\u00f3w i juror\u00f3w, zdobywaj\u0105c 516 pkt. Alicja Szempli\u0144ska zako\u0144czy\u0142a rywalizacj\u0119 na 12. miejscu, cho\u0107 po g\u0142osowaniu jury plasowa\u0142a si\u0119 o pi\u0119\u0107 lokat wy\u017cej. Wykonawczyni utworu &#8222;Pray&#8221; otrzyma\u0142a maksymalne noty od czterech kraj\u00f3w \u2014 Niemiec, Belgii, Mo\u0142dawii i Austrii \u2014 co zdarzy\u0142o si\u0119 po raz pierwszy od 23 lat.Tu\u017c po zako\u0144czeniu fina\u0142u <a href=\"https:\/\/plejada.pl\/newsy\/kim-jest-alicja-szemplinska-na-eurowizje-miala-pojechac-juz-szesc-lat-temu\/ee6kses\" id=\"85a9a81d-1b43-43bc-8392-5990e1cb2aef\" rel=\"nofollow noopener\" target=\"_blank\">Alicja Szempli\u0144ska<\/a> zwr\u00f3ci\u0142a si\u0119 do fan\u00f3w za po\u015brednictwem medi\u00f3w spo\u0142eczno\u015bciowych. Na nagraniu opublikowanym przez TVP 24-latka podzi\u0119kowa\u0142a za wsparcie i wspomnia\u0142a o sukcesie Polski w g\u0142osowaniu jury.<\/p>\n<p>\u2014 powiedzia\u0142a.<\/p>\n<p>Warto podkre\u015bli\u0107, \u017ce wyst\u0119p Alicja Szempli\u0144ska by\u0142 najlepiej ocenian\u0105 polsk\u0105 propozycj\u0105 przez jury w XXI w. O jedn\u0105 maksymaln\u0105 not\u0119 wi\u0119cej otrzyma\u0142a jedynie Edyta G\u00f3rniak, kt\u00f3ra podczas debiutu Polski w konkursie w 1994 r. zaj\u0119\u0142a drugie miejsce.<\/p>\n","protected":false},"excerpt":{"rendered":"Jubileuszowy, 70. Konkurs Piosenki Eurowizji przyni\u00f3s\u0142 histriyczne zwyci\u0119stwo reprezentantki Bu\u0142garii. Dara z piosenk\u0105 &#8222;Bangaranga&#8221; podbi\u0142a serca widz\u00f3w i&hellip;\n","protected":false},"author":2,"featured_media":434560,"comment_status":"","ping_status":"","sticky":false,"template":"","format":"standard","meta":{"footnotes":"","_share_on_mastodon":"0"},"categories":[22],"tags":[22279,61195,122,552,48,125,46,42,38,40,39,41,123,47],"class_list":["post-434559","post","type-post","status-publish","format-standard","has-post-thumbnail","category-rozrywka","tag-alicja_szemplinska","tag-bottomfeed_styl","tag-entertainment","tag-eurowizja","tag-nat_styl","tag-newsy","tag-omp","tag-pl","tag-poland","tag-polish","tag-polska","tag-polski","tag-rozrywka","tag-screening_general"],"share_on_mastodon":{"url":"https:\/\/pubeurope.com\/@pl\/116588662503503273","error":""},"_links":{"self":[{"href":"https:\/\/www.europesays.com\/pl\/wp-json\/wp\/v2\/posts\/434559","targetHints":{"allow":["GET"]}}],"collection":[{"href":"https:\/\/www.europesays.com\/pl\/wp-json\/wp\/v2\/posts"}],"about":[{"href":"https:\/\/www.europesays.com\/pl\/wp-json\/wp\/v2\/types\/post"}],"author":[{"embeddable":true,"href":"https:\/\/www.europesays.com\/pl\/wp-json\/wp\/v2\/users\/2"}],"replies":[{"embeddable":true,"href":"https:\/\/www.europesays.com\/pl\/wp-json\/wp\/v2\/comments?post=434559"}],"version-history":[{"count":0,"href":"https:\/\/www.europesays.com\/pl\/wp-json\/wp\/v2\/posts\/434559\/revisions"}],"wp:featuredmedia":[{"embeddable":true,"href":"https:\/\/www.europesays.com\/pl\/wp-json\/wp\/v2\/media\/434560"}],"wp:attachment":[{"href":"https:\/\/www.europesays.com\/pl\/wp-json\/wp\/v2\/media?parent=434559"}],"wp:term":[{"taxonomy":"category","embeddable":true,"href":"https:\/\/www.europesays.com\/pl\/wp-json\/wp\/v2\/categories?post=434559"},{"taxonomy":"post_tag","embeddable":true,"href":"https:\/\/www.europesays.com\/pl\/wp-json\/wp\/v2\/tags?post=434559"}],"curies":[{"name":"wp","href":"https:\/\/api.w.org\/{rel}","templated":true}]}}