{"id":434637,"date":"2026-05-17T08:06:10","date_gmt":"2026-05-17T08:06:10","guid":{"rendered":"https:\/\/www.europesays.com\/pl\/434637\/"},"modified":"2026-05-17T08:06:10","modified_gmt":"2026-05-17T08:06:10","slug":"eurowizja-2026-tyle-punktow-od-widzow-dostala-alicja-szemplinska","status":"publish","type":"post","link":"https:\/\/www.europesays.com\/pl\/434637\/","title":{"rendered":"Eurowizja 2026. Tyle punkt\u00f3w od widz\u00f3w dosta\u0142a Alicja Szempli\u0144ska"},"content":{"rendered":"<p>Za nami jubileuszowa, 70. edycja Konkursu Piosenki Eurowizji. Zwyci\u0119\u017cy\u0142a <a href=\"https:\/\/plejada.pl\/newsy\/bulgaria-z-piosenka-bangaranga-wygrala-eurowizje-2026-kim-jest-dara\/yg9ekfj\" id=\"88f0bf23-734d-48dd-8f54-9a9350546c2d\" rel=\"nofollow noopener\" target=\"_blank\">Dara z Bu\u0142garii<\/a>, kt\u00f3ra podbi\u0142a serca widz\u00f3w i juror\u00f3w piosenk\u0105 &#8222;Bangaranga&#8221;, zdobywaj\u0105c \u0142\u0105cznie 516 pkt. Reprezentuj\u0105ca Polsk\u0119 Alicja Szempli\u0144ska uplasowa\u0142a si\u0119 na 12. miejscu, a szczeg\u00f3lne uznanie zdoby\u0142a w\u015br\u00f3d jury, kt\u00f3re przyzna\u0142o jej 133 pkt, w tym a\u017c cztery maksymalne noty od Niemiec, Belgii, Mo\u0142dawii i Austrii. Nieco gorzej Polsce posz\u0142o w g\u0142osowaniu widz\u00f3w, co dla cz\u0119\u015bci fan\u00f3w mog\u0142o by\u0107 sporym zaskoczeniem. Dotychczas to w\u0142a\u015bnie publiczno\u015b\u0107 cz\u0119\u015bciej wspiera\u0142a naszych reprezentant\u00f3w wi\u0119ksz\u0105 liczb\u0105 punkt\u00f3w ni\u017c jury. <a href=\"https:\/\/plejada.pl\/newsy\/kim-jest-alicja-szemplinska-na-eurowizje-miala-pojechac-juz-szesc-lat-temu\/ee6kses\" id=\"2fc00e3a-b8b5-473f-893a-31f571871ba5\" rel=\"nofollow noopener\" target=\"_blank\">Alicja Szempli\u0144ska<\/a> otrzyma\u0142a w finale zaledwie 17 pkt w televoitingu.<\/p>\n<p>Polska propozycja zdoby\u0142a 5 pkt z Wielkiej Brytanii, 4 pkt z Niemiec, po 2 pkt ze Szwecji i Norwegii oraz 3 pkt z Litwy. Jeden punkt nap\u0142yn\u0105\u0142 natomiast z &#8222;reszty \u015bwiata&#8221;, czyli od widz\u00f3w z kraj\u00f3w nieuczestnicz\u0105cych w konkursie.<\/p>\n<p>Gdyby pod uwag\u0119 brano wy\u0142\u0105cznie g\u0142osy publiczno\u015bci, Polska zaj\u0119\u0142aby 16. miejsce.<\/p>\n","protected":false},"excerpt":{"rendered":"Za nami jubileuszowa, 70. edycja Konkursu Piosenki Eurowizji. Zwyci\u0119\u017cy\u0142a Dara z Bu\u0142garii, kt\u00f3ra podbi\u0142a serca widz\u00f3w i juror\u00f3w&hellip;\n","protected":false},"author":2,"featured_media":434638,"comment_status":"","ping_status":"","sticky":false,"template":"","format":"standard","meta":{"footnotes":"","_share_on_mastodon":"0"},"categories":[22],"tags":[22279,61195,122,552,48,125,46,42,38,40,39,41,123,47],"class_list":["post-434637","post","type-post","status-publish","format-standard","has-post-thumbnail","category-rozrywka","tag-alicja_szemplinska","tag-bottomfeed_styl","tag-entertainment","tag-eurowizja","tag-nat_styl","tag-newsy","tag-omp","tag-pl","tag-poland","tag-polish","tag-polska","tag-polski","tag-rozrywka","tag-screening_general"],"share_on_mastodon":{"url":"https:\/\/pubeurope.com\/@pl\/116588890580510413","error":""},"_links":{"self":[{"href":"https:\/\/www.europesays.com\/pl\/wp-json\/wp\/v2\/posts\/434637","targetHints":{"allow":["GET"]}}],"collection":[{"href":"https:\/\/www.europesays.com\/pl\/wp-json\/wp\/v2\/posts"}],"about":[{"href":"https:\/\/www.europesays.com\/pl\/wp-json\/wp\/v2\/types\/post"}],"author":[{"embeddable":true,"href":"https:\/\/www.europesays.com\/pl\/wp-json\/wp\/v2\/users\/2"}],"replies":[{"embeddable":true,"href":"https:\/\/www.europesays.com\/pl\/wp-json\/wp\/v2\/comments?post=434637"}],"version-history":[{"count":0,"href":"https:\/\/www.europesays.com\/pl\/wp-json\/wp\/v2\/posts\/434637\/revisions"}],"wp:featuredmedia":[{"embeddable":true,"href":"https:\/\/www.europesays.com\/pl\/wp-json\/wp\/v2\/media\/434638"}],"wp:attachment":[{"href":"https:\/\/www.europesays.com\/pl\/wp-json\/wp\/v2\/media?parent=434637"}],"wp:term":[{"taxonomy":"category","embeddable":true,"href":"https:\/\/www.europesays.com\/pl\/wp-json\/wp\/v2\/categories?post=434637"},{"taxonomy":"post_tag","embeddable":true,"href":"https:\/\/www.europesays.com\/pl\/wp-json\/wp\/v2\/tags?post=434637"}],"curies":[{"name":"wp","href":"https:\/\/api.w.org\/{rel}","templated":true}]}}