{"id":435060,"date":"2026-05-17T13:17:15","date_gmt":"2026-05-17T13:17:15","guid":{"rendered":"https:\/\/www.europesays.com\/pl\/435060\/"},"modified":"2026-05-17T13:17:15","modified_gmt":"2026-05-17T13:17:15","slug":"znamy-zwyciezce-eurowizji-2026-orzech-ocenil-wystep-polki-relacja-na-zywo","status":"publish","type":"post","link":"https:\/\/www.europesays.com\/pl\/435060\/","title":{"rendered":"Znamy zwyci\u0119zc\u0119 Eurowizji 2026! Orzech oceni\u0142 wyst\u0119p Polki [RELACJA NA \u017bYWO]"},"content":{"rendered":"<p>        <a href=\"https:\/\/www.onet.pl\/\" title=\"Strona G\u0142\u00f3wna\" aria-label=\"Strona G\u0142\u00f3wna\" data-astro-prefetch=\"tap\" class=\"ods-a-logo-main\" rel=\"nofollow noopener\" target=\"_blank\"><img src=\"https:\/\/cdn.kultura.onet.pl\/img\/Logo_desktop_Onet.svg\" class=\"ods-a-logo-main__image\" alt=\"Logo\" width=\"107\" height=\"60\" fetchpriority=\"high\" decoding=\"sync\" style=\"height:60px\"\/><\/a><a href=\"https:\/\/kultura.onet.pl\/muzyka\" title=\"Strona g\u0142\u00f3wna serwisu\" aria-label=\"Strona g\u0142\u00f3wna serwisu\" class=\"ods-a-logo-brand\" rel=\"nofollow noopener\" target=\"_blank\"><img src=\"https:\/\/cdn.kultura.onet.pl\/img\/Logo_desktop_Muzyka.svg\" class=\"ods-a-logo-brand__image\" alt=\"Logo serwisu\" width=\"63\" height=\"60\" fetchpriority=\"high\" decoding=\"sync\"\/><\/a>            <a href=\"https:\/\/kultura.onet.pl\/\" class=\"ods-a-link--breadcrumb ods-a-link--breadcrumb--light\" rel=\"nofollow noopener\" target=\"_blank\"><\/a><a href=\"https:\/\/kultura.onet.pl\/muzyka\" class=\"ods-a-link--breadcrumb ods-a-link--breadcrumb--light\" rel=\"nofollow noopener\" target=\"_blank\"> Muzyka <\/a><a href=\"https:\/\/kultura.onet.pl\/muzyka\/wiadomosci\" class=\"ods-a-link--breadcrumb ods-a-link--breadcrumb--light\" rel=\"nofollow noopener\" target=\"_blank\"> Wiadomo\u015bci <\/a> Znamy zwyci\u0119zc\u0119 Eurowizji 2026! Artur Orzech oceni\u0142 wyst\u0119p Polki [RELACJA NA \u017bYWO]    <\/p>\n<p class=\"ods-a-lead-text\">Bu\u0142garia zwyci\u0119zc\u0105 70. Konkursu Piosenki Eurowizji. Polska zosta\u0142a mocno doceniona przez jury, lecz do\u015b\u0107 ch\u0142odno potraktowana przez g\u0142osuj\u0105c\u0105 publiczno\u015b\u0107! Sprawd\u017a, co dzia\u0142o si\u0119 podczas Wielkiego Fina\u0142u!<\/p>\n<p>       <img loading=\"lazy\" class=\"ods-a-photo ods-a-photo--background\" src=\"https:\/\/www.europesays.com\/pl\/wp-content\/uploads\/2026\/05\/VSjk9lGaHR0cHM6Ly9vY2RuLmV1L3B1bHNjbXMvTURBXy84OGMxMzA3Yy0zZmU4LTQ1YzctYWUwOC0zMTA4NGVmMjg1MGYuanBlZ.jpeg\"   height=\"490\" width=\"870\" alt=\"Dara z Bu\u0142garii, laureatka Eurowizji 2026\" fetchpriority=\"auto\" decoding=\"auto\"\/>    <\/p>\n<p>PAP\/EPA\/HANNIBAL HANSCHKE<\/p>\n<p>  Dara z Bu\u0142garii, laureatka Eurowizji 2026  <\/p>\n<p>Dzi\u0119kujemy, \u017ce przeczyta\u0142a\u015b\/e\u015b nasz artyku\u0142 do ko\u0144ca.<br \/>\n<br \/>\nB\u0105d\u017a na bie\u017c\u0105co!<br \/>\n<a class=\"ods-a-google-news__link\" href=\"https:\/\/profile.google.com\/cp\/Cg0vZy8xMXlnMXhjNTRm\" rel=\"nofollow noopener\" target=\"_blank\">Obserwuj<\/a><br \/>\nnas w Google.<br \/>\n   <img loading=\"lazy\" decoding=\"async\" src=\"https:\/\/www.europesays.com\/pl\/wp-content\/uploads\/2026\/05\/GApk9lBaHR0cHM6Ly9vY2RuLmV1L3B1bHNjbXMvTURBXy9lYzliZDFjZWI3ZjljMGFmOTUwYTI4NmJkMDBhM2VmZS5qcGeRkwXMt.jpeg\" height=\"90\" width=\"90\" alt=\"Autor Mateusz Kami\u0144ski\" class=\"ods-a-author-avatar__single__img\"\/>         MATERIA\u0141 PROMOCYJNY <a href=\"\" class=\"ods-o-card__link\" data-lps-url=\"\" data-uuid-ui=\"\" data-astro-prefetch=\"tap\">  <img class=\"ods-a-photo ods-a-photo--background\" height=\"170\" width=\"300\" loading=\"lazy\" fetchpriority=\"auto\" decoding=\"async\"\/>     <\/a>                                                  <\/p>\n<p class=\"ods-c-modal-premium__title\">\nTo jest materia\u0142<br \/>\nPremium <\/p>\n<p class=\"ods-c-modal-premium__subtitle\">\nDo\u0142\u0105cz\u00a0do\u00a0Premium<br \/>\n                i\u00a0odblokuj\u00a0wszystkie\u00a0funkcje<br \/>\n                dla\u00a0materia\u0142\u00f3w\u00a0Premium:\n<\/p>\n<p class=\"ods-c-modal-premium__subtitle\"> \u2713<br \/>\nczytaj<br \/>\n\u2713<br \/>\ns\u0142uchaj<br \/>\n\u2713<br \/>\nskracaj\n<\/p>\n<p>  <a href=\"#\" class=\"ods-c-modal-premium__button\">Do\u0142\u0105cz do premium<\/a>                    <img loading=\"lazy\" class=\"ods-a-photo ods-a-photo--background\" src=\"https:\/\/cdn.kultura.onet.pl\/1\/Wvak9lBaHR0cHM6Ly9vY2RuLmV1L3B1bHNjbXMvTURBXy9kNWI2ZDk3NmI3MWM4YWNlNTQ3ZDM3M2QyNDI5MmE3My5wbmeRkwUCAt4AAqEwB6ExBA\" height=\"1\" width=\"1\" alt=\"-\" fetchpriority=\"auto\" decoding=\"auto\"\/>    <\/p>\n<p>&#8211; \/ &#8211;<\/p>\n","protected":false},"excerpt":{"rendered":"Muzyka Wiadomo\u015bci Znamy zwyci\u0119zc\u0119 Eurowizji 2026! Artur Orzech oceni\u0142 wyst\u0119p Polki [RELACJA NA \u017bYWO] Bu\u0142garia zwyci\u0119zc\u0105 70. Konkursu&hellip;\n","protected":false},"author":2,"featured_media":434124,"comment_status":"","ping_status":"","sticky":false,"template":"","format":"standard","meta":{"footnotes":"","_share_on_mastodon":"0"},"categories":[22],"tags":[22279,995,61195,81133,122,552,1252,39701,48,46,42,38,40,39,41,123,47,26],"class_list":["post-435060","post","type-post","status-publish","format-standard","has-post-thumbnail","category-rozrywka","tag-alicja_szemplinska","tag-australia","tag-bottomfeed_styl","tag-delta_goodrem","tag-entertainment","tag-eurowizja","tag-muzyka","tag-najnowsze_wiadomosci","tag-nat_styl","tag-omp","tag-pl","tag-poland","tag-polish","tag-polska","tag-polski","tag-rozrywka","tag-screening_general","tag-wiadomosci"],"share_on_mastodon":{"url":"https:\/\/pubeurope.com\/@pl\/116590113808406402","error":""},"_links":{"self":[{"href":"https:\/\/www.europesays.com\/pl\/wp-json\/wp\/v2\/posts\/435060","targetHints":{"allow":["GET"]}}],"collection":[{"href":"https:\/\/www.europesays.com\/pl\/wp-json\/wp\/v2\/posts"}],"about":[{"href":"https:\/\/www.europesays.com\/pl\/wp-json\/wp\/v2\/types\/post"}],"author":[{"embeddable":true,"href":"https:\/\/www.europesays.com\/pl\/wp-json\/wp\/v2\/users\/2"}],"replies":[{"embeddable":true,"href":"https:\/\/www.europesays.com\/pl\/wp-json\/wp\/v2\/comments?post=435060"}],"version-history":[{"count":0,"href":"https:\/\/www.europesays.com\/pl\/wp-json\/wp\/v2\/posts\/435060\/revisions"}],"wp:featuredmedia":[{"embeddable":true,"href":"https:\/\/www.europesays.com\/pl\/wp-json\/wp\/v2\/media\/434124"}],"wp:attachment":[{"href":"https:\/\/www.europesays.com\/pl\/wp-json\/wp\/v2\/media?parent=435060"}],"wp:term":[{"taxonomy":"category","embeddable":true,"href":"https:\/\/www.europesays.com\/pl\/wp-json\/wp\/v2\/categories?post=435060"},{"taxonomy":"post_tag","embeddable":true,"href":"https:\/\/www.europesays.com\/pl\/wp-json\/wp\/v2\/tags?post=435060"}],"curies":[{"name":"wp","href":"https:\/\/api.w.org\/{rel}","templated":true}]}}