{"id":435093,"date":"2026-05-17T13:44:12","date_gmt":"2026-05-17T13:44:12","guid":{"rendered":"https:\/\/www.europesays.com\/pl\/435093\/"},"modified":"2026-05-17T13:44:12","modified_gmt":"2026-05-17T13:44:12","slug":"wygralam-eurowizje-polska-influencerka-rozbawila-internautow","status":"publish","type":"post","link":"https:\/\/www.europesays.com\/pl\/435093\/","title":{"rendered":"&#8222;Wygra\u0142am Eurowizj\u0119?&#8221;. Polska influencerka rozbawi\u0142a internaut\u00f3w"},"content":{"rendered":"<p>Jeszcze przed rozpocz\u0119ciem tegorocznej Eurowizji wielu polskich internaut\u00f3w \u017cartowa\u0142o, \u017ce w barwach Bu\u0142garii wyst\u0119puje&#8230;. Klaudia Sadownik. Wszystko przez uderzaj\u0105ce podobie\u0144stwo mi\u0119dzy popularn\u0105 w polskim internecie influencerk\u0105 a reprezentantk\u0105 tego kraju.<\/p>\n<p> Dalszy ci\u0105g artyku\u0142u pod materia\u0142em wideo <\/p>\n<p>Po finale konkursu, w kt\u00f3rym wykonawczyni utworu &#8222;Bangaranga&#8221; podbi\u0142a serca widz\u00f3w i jury, zdobywaj\u0105c \u0142\u0105cznie 516 punkt\u00f3w, sama Klaudia Sadownik postanowi\u0142a odnie\u015b\u0107 si\u0119 do komentarzy internaut\u00f3w. Influencerka opublikowa\u0142a na TikToku zabawne nagranie, w kt\u00f3rym nawi\u0105za\u0142a do por\u00f3wna\u0144 kr\u0105\u017c\u0105cych w sieci.<\/p>\n<p class=\"ods-o-quote__paragraph\">Czy ja w\u0142a\u015bnie wygra\u0142am Eurowizj\u0119?<\/p>\n<p>\u2014 napsia\u0142a w opise zamieszczonego wideo. <\/p>\n<p>      Kim jest Dara, zwyci\u0119\u017cczyni Eurowizji 2026?28-letnia <a href=\"https:\/\/www.onet.pl\/styl-zycia\/plejada\/bulgaria-z-piosenka-bangaranga-wygrala-eurowizje-2026-kim-jest-dara\/yg9ekfj,0898b825\" id=\"cade19db-71d0-4596-b723-48078427c894\" rel=\"nofollow noopener\" target=\"_blank\">Dara<\/a>, a w\u0142a\u015bciwie Darina Niko\u0142aewa Jotowa, od lat nale\u017cy do grona najpopularniejszych m\u0142odych artystek w Bu\u0142garii. Widzowie poznali j\u0105 w 2015 r., gdy zaj\u0119\u0142a trzecie miejsce w bu\u0142garskiej ods\u0142onie programu &#8222;Mam talent!&#8221;. W kolejnych latach rozwija\u0142a muzyczn\u0105 karier\u0119, a w 2021 r. do\u0142\u0105czy\u0142a do grona trener\u00f3w &#8222;The Voice of Bulgaria&#8221;.     <\/p>\n<p>Wygrana w &#8222;Nacionalnata selekcija&#8221; otworzy\u0142a jej drog\u0119 do Eurowizji, gdzie reprezentowa\u0142a Bu\u0142gari\u0119 podczas jubileuszowej, 70. edycji konkursu. Artystka zapewni\u0142a swojemu krajowi pierwsze zwyci\u0119stwo w historii Eurowizji. Co ciekawe, Dara wygra\u0142a zar\u00f3wno w g\u0142osowaniu jury, jak i publiczno\u015bci. To pierwszy taki przypadek od dziewi\u0119ciu lat. <\/p>\n<p>Z kolei Klaudia Sadownik jest obecnie jedn\u0105 z najpopularniejszych polskich influencerek m\u0142odego pokolenia. Jej profil na Instagramie obserwuje ponad 583 tys. u\u017cytkownik\u00f3w, a konto na TikToku \u015bledzi ju\u017c ponad milion os\u00f3b. 24-latka publikuje przede wszystkim tre\u015bci zwi\u0105zane z mod\u0105, urod\u0105 i lifestyle&#8217;em. Rozpoznawalno\u015b\u0107 zdoby\u0142a dzi\u0119ki udzia\u0142owi w ostatniej edycji projektu TEAM X.<\/p>\n<p>      <img decoding=\"async\" src=\"https:\/\/www.europesays.com\/pl\/wp-content\/uploads\/2026\/05\/HsNk9lBaHR0cHM6Ly9vY2RuLmV1L3B1bHNjbXMvTURBXy9iMzVkNDc4YzRlODVhNzM1NDEwNTQ2NjRhZDU1OGFlNS5qcGeSlQMAA.jpeg\" height=\"627\" width=\"940\" alt=\"Dara\" loading=\"lazy\" class=\"ods-c-image__img ods-c-image__img--viewport-width\"\/> <\/p>\n<p>DaraEPA\/HANNIBAL HANSCHKE \/ PAP<\/p>\n<p> Dzi\u0119kujemy, \u017ce przeczyta\u0142a\u015b\/e\u015b nasz artyku\u0142 do ko\u0144ca. W serwisie Plejada.pl ka\u017cdego dnia piszemy o najwa\u017cniejszych wydarzeniach show-biznesowych. B\u0105d\u017a na bie\u017c\u0105co!<a rel=\"nofollow noopener\" href=\"https:\/\/profile.google.com\/cp\/Cg0vZy8xMWJ6X19wdHBx\" id=\"ad35606e-919e-4648-86cc-637333fd4381\" target=\"_blank\"> Obserwuj<\/a> Plejad\u0119 w Google. Odwied\u017a nas tak\u017ce na<a rel=\"nofollow noopener\" href=\"https:\/\/www.facebook.com\/plejadapl\" id=\"cbe0503f-a252-4a96-9169-322b5f6fc777\" target=\"_blank\"> Facebooku<\/a>,<a rel=\"nofollow noopener\" href=\"https:\/\/www.instagram.com\/plejadapl\/\" id=\"d15bafb0-6b79-483c-b633-c366ab212109\" target=\"_blank\"> Instagramie<\/a>,<a rel=\"nofollow noopener\" href=\"https:\/\/www.youtube.com\/c\/plejada\" id=\"e73ad816-e8bb-4d13-830c-694d2656654d\" target=\"_blank\"> YouTubie<\/a> oraz<a rel=\"nofollow noopener\" href=\"https:\/\/www.tiktok.com\/@plejada_pl\" id=\"95a8659b-df3c-4a76-8104-6ece8d90d0f2\" target=\"_blank\"> TikToku<\/a>.Chcesz podzieli\u0107 si\u0119 ciekawym newsem lub zaproponowa\u0107 temat? Skontaktuj si\u0119 z nami, pisz\u0105c maila na adres: <a rel=\"nofollow noopener\" href=\"https:\/\/plejada.pl\/newsy\/wygralam-eurowizje-polska-influencerka-rozbawila-internautow\/mailto:plejada@redakcjaonet.pl\" id=\"e7f4adc8-4043-4a8b-b1e2-3737d6aeb4d2\" target=\"_blank\">plejada@redakcjaonet.pl<\/a>.<script async src=\"\/\/www.instagram.com\/embed.js\"><\/script><script async src=\"\/\/www.tiktok.com\/embed.js\"><\/script><\/p>\n","protected":false},"excerpt":{"rendered":"Jeszcze przed rozpocz\u0119ciem tegorocznej Eurowizji wielu polskich internaut\u00f3w \u017cartowa\u0142o, \u017ce w barwach Bu\u0142garii wyst\u0119puje&#8230;. Klaudia Sadownik. Wszystko przez&hellip;\n","protected":false},"author":2,"featured_media":435094,"comment_status":"","ping_status":"","sticky":false,"template":"","format":"standard","meta":{"footnotes":"","_share_on_mastodon":"0"},"categories":[12],"tags":[61195,552,7846,48,125,46,42,38,40,39,41,47,14166],"class_list":["post-435093","post","type-post","status-publish","format-standard","has-post-thumbnail","category-polska","tag-bottomfeed_styl","tag-eurowizja","tag-influencer","tag-nat_styl","tag-newsy","tag-omp","tag-pl","tag-poland","tag-polish","tag-polska","tag-polski","tag-screening_general","tag-tiktok"],"share_on_mastodon":{"url":"https:\/\/pubeurope.com\/@pl\/116590219469728175","error":""},"_links":{"self":[{"href":"https:\/\/www.europesays.com\/pl\/wp-json\/wp\/v2\/posts\/435093","targetHints":{"allow":["GET"]}}],"collection":[{"href":"https:\/\/www.europesays.com\/pl\/wp-json\/wp\/v2\/posts"}],"about":[{"href":"https:\/\/www.europesays.com\/pl\/wp-json\/wp\/v2\/types\/post"}],"author":[{"embeddable":true,"href":"https:\/\/www.europesays.com\/pl\/wp-json\/wp\/v2\/users\/2"}],"replies":[{"embeddable":true,"href":"https:\/\/www.europesays.com\/pl\/wp-json\/wp\/v2\/comments?post=435093"}],"version-history":[{"count":0,"href":"https:\/\/www.europesays.com\/pl\/wp-json\/wp\/v2\/posts\/435093\/revisions"}],"wp:featuredmedia":[{"embeddable":true,"href":"https:\/\/www.europesays.com\/pl\/wp-json\/wp\/v2\/media\/435094"}],"wp:attachment":[{"href":"https:\/\/www.europesays.com\/pl\/wp-json\/wp\/v2\/media?parent=435093"}],"wp:term":[{"taxonomy":"category","embeddable":true,"href":"https:\/\/www.europesays.com\/pl\/wp-json\/wp\/v2\/categories?post=435093"},{"taxonomy":"post_tag","embeddable":true,"href":"https:\/\/www.europesays.com\/pl\/wp-json\/wp\/v2\/tags?post=435093"}],"curies":[{"name":"wp","href":"https:\/\/api.w.org\/{rel}","templated":true}]}}